{"id":615,"date":"2023-12-24T09:53:11","date_gmt":"2023-12-24T09:53:11","guid":{"rendered":"https:\/\/407artfoundation.org\/?p=615"},"modified":"2025-07-28T15:45:14","modified_gmt":"2025-07-28T13:45:14","slug":"new-artistic-projects","status":"publish","type":"post","link":"https:\/\/407artfoundation.org\/pl\/new-artistic-projects\/","title":{"rendered":"Nowe Projekty Artystyczne"},"content":{"rendered":"<div data-elementor-type=\"wp-post\" data-elementor-id=\"615\" class=\"elementor elementor-615\" data-elementor-post-type=\"post\">\n\t\t\t\t\t\t<section class=\"elementor-section elementor-top-section elementor-element elementor-element-128c216 elementor-section-boxed elementor-section-height-default elementor-section-height-default\" data-id=\"128c216\" data-element_type=\"section\" data-e-type=\"section\">\n\t\t\t\t\t\t<div class=\"elementor-container elementor-column-gap-default\">\n\t\t\t\t\t<div class=\"elementor-column elementor-col-50 elementor-top-column elementor-element elementor-element-4e16549\" data-id=\"4e16549\" data-element_type=\"column\" data-e-type=\"column\">\n\t\t\t<div class=\"elementor-widget-wrap elementor-element-populated\">\n\t\t\t\t\t\t<div class=\"elementor-element elementor-element-274880f elementor-widget elementor-widget-text-editor\" data-id=\"274880f\" data-element_type=\"widget\" data-e-type=\"widget\" data-widget_type=\"text-editor.default\">\n\t\t\t\t<div class=\"elementor-widget-container\">\n\t\t\t\t\t\t\t\t\t<h4 data-start=\"344\" data-end=\"875\"><strong>Poznaj Kluczowy Program Fundacji 407 Art Foundation<\/strong><\/h4><p class=\"\" data-start=\"344\" data-end=\"875\">Program \u201eNowe Projekty Artystyczne\u201d to autorska inicjatywa Fundacji 407 Art Foundation, kt\u00f3rej celem jest tworzenie wystaw i projekt\u00f3w artystycznych skoncentrowanych wok\u00f3\u0142 wsp\u00f3\u0142czesnych polskich tw\u00f3rc\u00f3w. To przestrze\u0144 spotkania artyst\u00f3w, kolekcjoner\u00f3w i \u015bwiadomych odbiorc\u00f3w sztuki. Nasz\u0105 misj\u0105 jest przedstawianie tw\u00f3rc\u00f3w w nowym \u015bwietle \u2013 poprzez sp\u00f3jn\u0105 narracj\u0119, dopracowan\u0105 koncepcj\u0119 i starannie zaprojektowan\u0105 wystaw\u0119. W ten spos\u00f3b realizujemy g\u0142\u00f3wny cel statutowy Fundacji \u2013 promocj\u0119 polskiej sztuki, kultury i artyst\u00f3w.<\/p><p class=\"\" data-start=\"877\" data-end=\"1416\">W przeciwie\u0144stwie do tradycyjnych galerii czy dom\u00f3w aukcyjnych, Fundacja 407 Art Foundation nie prezentuje jedynie gotowych prac. Wsp\u00f3lnie z artystami tworzymy nowe, kuratorskie projekty, kt\u00f3re powstaj\u0105 w dialogu i s\u0105 w pe\u0142ni dopasowane do aktualnej tw\u00f3rczo\u015bci. Jako organizacja non-profit umo\u017cliwiamy kolekcjonerom zakup dzie\u0142 bez dodatkowych prowizji \u2013 w galeriach si\u0119gaj\u0105cych cz\u0119sto 50%, a w domach aukcyjnych nawet 20% dla kupuj\u0105cego i 20% dla sprzedaj\u0105cego. Dzi\u0119ki temu kolekcjonerzy mog\u0105 nabywa\u0107 sztuk\u0119 bez ponoszenia typowych koszt\u00f3w transakcyjnych.<\/p><p class=\"\" data-start=\"1418\" data-end=\"1676\">Ka\u017cda wystawa jest indywidualnym przedsi\u0119wzi\u0119ciem. Fundacja pe\u0142ni funkcj\u0119 kuratora g\u0142\u00f3wnego lub wsp\u00f3\u0142kuratora, opracowuj\u0105c koncepcj\u0119, dobieraj\u0105c dzie\u0142a i tworz\u0105c opowie\u015b\u0107, kt\u00f3ra anga\u017cuje i pozostaje w pami\u0119ci.<\/p><h4 data-start=\"1683\" data-end=\"1706\"><strong data-start=\"1683\" data-end=\"1706\">Zakres wsparcia dla Artyst\u00f3w<\/strong><\/h4><p class=\"\" data-start=\"1708\" data-end=\"1768\">Projekty artystyczne realizowane przez Fundacj\u0119 407 Art Foundation s\u0105 w ca\u0142o\u015bci finansowane ze \u015brodk\u00f3w w\u0142asnych. Obejmuj\u0105 one:<\/p><ul data-start=\"1770\" data-end=\"2000\"><li class=\"\" data-start=\"1770\" data-end=\"1816\"><p class=\"\" data-start=\"1772\" data-end=\"1816\">wynagrodzenia dla kurator\u00f3w i ekspert\u00f3w<\/p><\/li><li class=\"\" data-start=\"1817\" data-end=\"1870\"><p class=\"\" data-start=\"1819\" data-end=\"1870\">koszty techniczne, monta\u017cowe i logistyczne wystawy<\/p><\/li><li class=\"\" data-start=\"1871\" data-end=\"1904\"><p class=\"\" data-start=\"1873\" data-end=\"1904\">projektowanie i druk katalogu<\/p><\/li><li class=\"\" data-start=\"1905\" data-end=\"1938\"><p class=\"\" data-start=\"1907\" data-end=\"1938\">dokumentacj\u0119 wideo i fotograficzn\u0105<\/p><\/li><li class=\"\" data-start=\"1939\" data-end=\"2000\"><p class=\"\" data-start=\"1941\" data-end=\"2000\">organizacj\u0119 wernisa\u017cu oraz wydarze\u0144 towarzysz\u0105cych<\/p><\/li><\/ul><h4 data-start=\"2007\" data-end=\"2039\"><strong data-start=\"2007\" data-end=\"2039\">Wernisa\u017ce w presti\u017cowych lokalizacjach<\/strong><\/h4><p class=\"\" data-start=\"2041\" data-end=\"2552\">Co roku w marcu organizujemy uroczysty wernisa\u017c nowego projektu w wie\u017cowcu Z\u0142ota 44 w Warszawie \u2013 w ramach autorskiego cyklu \u201eSztuka na Z\u0142otej 44\u201d. To wyj\u0105tkowe wydarzenie daje wystawie rang\u0119 i presti\u017c. Przez pierwszy miesi\u0105c dost\u0119p do niej maj\u0105 jedynie zaproszeni go\u015bcie: kolekcjonerzy, partnerzy biznesowi, krytycy oraz przyjaciele Fundacji.<\/p><p class=\"\" data-start=\"2554\" data-end=\"2807\">W ramach projektu odbywaj\u0105 si\u0119 r\u00f3wnie\u017c oprowadzania kuratorskie, zamkni\u0119te spotkania z kolekcjonerami, sprzeda\u017c prywatna oraz przedsprzeda\u017c dla os\u00f3b, kt\u00f3re ju\u017c wcze\u015bniej naby\u0142y dzie\u0142a danego artysty.\n\nWybrane wystawy prezentowane s\u0105 nast\u0119pnie w innych miastach w Polsce i za granic\u0105, aby dotrze\u0107 do szerszego grona pasjonat\u00f3w sztuki.<\/p>\t\t\t\t\t\t\t\t<\/div>\n\t\t\t\t<\/div>\n\t\t\t\t\t<\/div>\n\t\t<\/div>\n\t\t\t\t<div class=\"elementor-column elementor-col-50 elementor-top-column elementor-element elementor-element-a990c18\" data-id=\"a990c18\" data-element_type=\"column\" data-e-type=\"column\">\n\t\t\t<div class=\"elementor-widget-wrap elementor-element-populated\">\n\t\t\t\t\t\t<div class=\"elementor-element elementor-element-89c6280 elementor-widget elementor-widget-heading\" data-id=\"89c6280\" data-element_type=\"widget\" data-e-type=\"widget\" data-widget_type=\"heading.default\">\n\t\t\t\t<div class=\"elementor-widget-container\">\n\t\t\t\t\t<h2 class=\"elementor-heading-title elementor-size-default\">Jak Do\u0142\u0105czy\u0107 do Programu<\/h2>\t\t\t\t<\/div>\n\t\t\t\t<\/div>\n\t\t\t\t<div class=\"elementor-element elementor-element-0b62125 elementor-widget elementor-widget-text-editor\" data-id=\"0b62125\" data-element_type=\"widget\" data-e-type=\"widget\" data-widget_type=\"text-editor.default\">\n\t\t\t\t<div class=\"elementor-widget-container\">\n\t\t\t\t\t\t\t\t\t<p class=\"\" data-start=\"2832\" data-end=\"2895\">Udzia\u0142 w programie jest bezp\u0142atny. Aby przes\u0142a\u0107 zg\u0142oszenie, nale\u017cy:<\/p><ul data-start=\"2897\" data-end=\"3139\"><li class=\"\" data-start=\"2897\" data-end=\"3055\"><p class=\"\" data-start=\"2899\" data-end=\"3055\">do\u0142\u0105czy\u0107 portfolio kilku prac z ostatnich trzech lat wraz z kr\u00f3tkim opisem tw\u00f3rczo\u015bci i tego, co artysta chce przekaza\u0107<\/p><\/li><li class=\"\" data-start=\"3056\" data-end=\"3139\"><p class=\"\" data-start=\"3058\" data-end=\"3139\">uzupe\u0142ni\u0107 zg\u0142oszenie o zwi\u0119z\u0142y opis swojej drogi artystycznej (maksymalnie jedna strona A4)<\/p><\/li><\/ul><h4 data-start=\"3146\" data-end=\"3167\">Kolejne etapy<\/h4><p class=\"\" data-start=\"3169\" data-end=\"3423\">Wybranych tw\u00f3rc\u00f3w zaprosimy na indywidualne spotkanie w ich pracowni. Nast\u0119pnie komisja kuratorska \u2013 z\u0142o\u017cona z Fundator\u00f3w oraz kurator\u00f3w Fundacji \u2013 podejmie decyzj\u0119 o dalszym etapie wsp\u00f3\u0142pracy i rozpocz\u0119ciu prac koncepcyjnych nad wsp\u00f3lnym projektem.<\/p><p class=\"\" data-start=\"3425\" data-end=\"3755\">Umowa nie jest podpisywana przed zako\u0144czeniem procesu selekcji i uzgodnieniem wsp\u00f3lnych za\u0142o\u017ce\u0144 projektu. Obecnie szczeg\u00f3lnie interesuj\u0105 nas zg\u0142oszenia z dziedziny malarstwa, rze\u017aby oraz fotografii. Ca\u0142y proces kwalifikacyjny mo\u017ce potrwa\u0107 od 6 do 12 miesi\u0119cy, nie licz\u0105c czasu potrzebnego na przygotowanie wystawy.<\/p><h4>Chcesz wesprze\u0107 to Co robimy?<\/h4><p>Ka\u017cda darowizna, niezale\u017cnie od jej wielko\u015bci, jest kluczowa pozwalaj\u0107 nam kszta\u0142towa\u0107 przysz\u0142o\u015b\u0107 wyrazu polskiej sztuki. Dokonuj\u0105c darowizny do\u0142\u0105czasz te\u017c do grona elitarnych cz\u0142onk\u00f3w spo\u0142ecze\u0144stwa, kt\u00f3rzy odgrywaj\u0105 kluczow\u0105 rol\u0119 w kszta\u0142towaniu krajobrazu kulturowego i wp\u0142ywaj\u0105 bezpo\u015brednio na potencja\u0142 polskich artyst\u00f3w. Dzi\u0119kujemy!<\/p>\t\t\t\t\t\t\t\t<\/div>\n\t\t\t\t<\/div>\n\t\t\t\t<div class=\"elementor-element elementor-element-c2d8fe8 elementor-widget elementor-widget-button\" data-id=\"c2d8fe8\" data-element_type=\"widget\" data-e-type=\"widget\" data-widget_type=\"button.default\">\n\t\t\t\t<div class=\"elementor-widget-container\">\n\t\t\t\t\t\t\t\t\t<div class=\"elementor-button-wrapper\">\n\t\t\t\t\t<a class=\"elementor-button elementor-button-link elementor-size-sm\" href=\"https:\/\/407artfoundation.org\/pl\/contact-form-for-artist\/\">\n\t\t\t\t\t\t<span class=\"elementor-button-content-wrapper\">\n\t\t\t\t\t\t\t\t\t<span class=\"elementor-button-text\">APLICATION REQUEST FORM  FOR ARTISTS<\/span>\n\t\t\t\t\t<\/span>\n\t\t\t\t\t<\/a>\n\t\t\t\t<\/div>\n\t\t\t\t\t\t\t\t<\/div>\n\t\t\t\t<\/div>\n\t\t\t\t<div class=\"elementor-element elementor-element-7c1d376 elementor-widget elementor-widget-button\" data-id=\"7c1d376\" data-element_type=\"widget\" data-e-type=\"widget\" data-widget_type=\"button.default\">\n\t\t\t\t<div class=\"elementor-widget-container\">\n\t\t\t\t\t\t\t\t\t<div class=\"elementor-button-wrapper\">\n\t\t\t\t\t<a class=\"elementor-button elementor-button-link elementor-size-sm\" href=\"https:\/\/407artfoundation.org\/pl\/donate\/\">\n\t\t\t\t\t\t<span class=\"elementor-button-content-wrapper\">\n\t\t\t\t\t\t\t\t\t<span class=\"elementor-button-text\">Donate for THE New Artistic Projects<\/span>\n\t\t\t\t\t<\/span>\n\t\t\t\t\t<\/a>\n\t\t\t\t<\/div>\n\t\t\t\t\t\t\t\t<\/div>\n\t\t\t\t<\/div>\n\t\t\t\t\t<\/div>\n\t\t<\/div>\n\t\t\t\t\t<\/div>\n\t\t<\/section>\n\t\t\t\t<section class=\"elementor-section elementor-top-section elementor-element elementor-element-d6c71b5 elementor-section-boxed elementor-section-height-default elementor-section-height-default\" data-id=\"d6c71b5\" data-element_type=\"section\" data-e-type=\"section\">\n\t\t\t\t\t\t<div class=\"elementor-container elementor-column-gap-default\">\n\t\t\t\t\t<div class=\"elementor-column elementor-col-100 elementor-top-column elementor-element elementor-element-03ce3f1\" data-id=\"03ce3f1\" data-element_type=\"column\" data-e-type=\"column\">\n\t\t\t<div class=\"elementor-widget-wrap elementor-element-populated\">\n\t\t\t\t\t\t<div class=\"elementor-element elementor-element-705de53 elementor-widget elementor-widget-video\" data-id=\"705de53\" data-element_type=\"widget\" data-e-type=\"widget\" data-settings=\"{&quot;youtube_url&quot;:&quot;https:\\\/\\\/youtu.be\\\/1JXB3f6kL0Y?si=Ctbsj_eJjAaWb3Xl&quot;,&quot;video_type&quot;:&quot;youtube&quot;,&quot;controls&quot;:&quot;yes&quot;}\" data-widget_type=\"video.default\">\n\t\t\t\t<div class=\"elementor-widget-container\">\n\t\t\t\t\t\t\t<div class=\"elementor-wrapper elementor-open-inline\">\n\t\t\t<div class=\"elementor-video\"><\/div>\t\t<\/div>\n\t\t\t\t\t\t<\/div>\n\t\t\t\t<\/div>\n\t\t\t\t\t<\/div>\n\t\t<\/div>\n\t\t\t\t\t<\/div>\n\t\t<\/section>\n\t\t\t\t<\/div>","protected":false},"excerpt":{"rendered":"<p>Discover The Key Program of 407 Art Foundation The &#8220;New Artistic Projects&#8221; program is a long-term initiative of the 407 Art Foundation focused on developing original exhibitions and artistic concepts rooted in the work of contemporary Polish artists. It is a curated space where artists, collectors, and culturally engaged audiences come together. The goal is [&hellip;]<\/p>\n","protected":false},"author":1,"featured_media":1873,"comment_status":"open","ping_status":"open","sticky":false,"template":"","format":"standard","meta":{"give_campaign_id":0,"footnotes":""},"categories":[34],"tags":[142,143,141,144,140,145,49],"class_list":["post-615","post","type-post","status-publish","format-standard","has-post-thumbnail","hentry","category-support-the-artists-project","tag-dlaartystow","tag-noweprojektyartystyczne","tag-nowewystawy","tag-wsparciedlaartystow","tag-wystawy","tag-wystawysztuki","tag-sztuka"],"yoast_head":"<!-- This site is optimized with the Yoast SEO plugin v27.5 - https:\/\/yoast.com\/product\/yoast-seo-wordpress\/ -->\n<title>New Artistic Projects - 407artfoundation.org<\/title>\n<meta name=\"description\" content=\"Program &quot;Nowe Projekty Artystyczne&quot; pomaga tw\u00f3rcom m\u0142odym i uznanym dotrze\u0107 do szerszego grona publiczno\u015bci i kolekcjonewr\u00f3w sztuki. Do\u0142\u0105cz!\" \/>\n<meta name=\"robots\" content=\"index, follow, max-snippet:-1, max-image-preview:large, max-video-preview:-1\" \/>\n<link rel=\"canonical\" href=\"https:\/\/407artfoundation.org\/pl\/new-artistic-projects\/\" \/>\n<meta property=\"og:locale\" content=\"pl_PL\" \/>\n<meta property=\"og:type\" content=\"article\" \/>\n<meta property=\"og:title\" content=\"New Artistic Projects - 407artfoundation.org\" \/>\n<meta property=\"og:description\" content=\"Program &quot;Nowe Projekty Artystyczne&quot; pomaga tw\u00f3rcom m\u0142odym i uznanym dotrze\u0107 do szerszego grona publiczno\u015bci i kolekcjonewr\u00f3w sztuki. Do\u0142\u0105cz!\" \/>\n<meta property=\"og:url\" content=\"https:\/\/407artfoundation.org\/pl\/new-artistic-projects\/\" \/>\n<meta property=\"og:site_name\" content=\"407artfoundation.org\" \/>\n<meta property=\"article:published_time\" content=\"2023-12-24T09:53:11+00:00\" \/>\n<meta property=\"article:modified_time\" content=\"2025-07-28T13:45:14+00:00\" \/>\n<meta property=\"og:image\" content=\"http:\/\/407artfoundation.org\/wp-content\/uploads\/2024\/03\/wernisaz_zlotekobiety_09032024_.jpg\" \/>\n\t<meta property=\"og:image:width\" content=\"1290\" \/>\n\t<meta property=\"og:image:height\" content=\"2063\" \/>\n\t<meta property=\"og:image:type\" content=\"image\/jpeg\" \/>\n<meta name=\"author\" content=\"407artfoundation.org\" \/>\n<meta name=\"twitter:card\" content=\"summary_large_image\" \/>\n<meta name=\"twitter:label1\" content=\"Napisane przez\" \/>\n\t<meta name=\"twitter:data1\" content=\"407artfoundation.org\" \/>\n\t<meta name=\"twitter:label2\" content=\"Szacowany czas czytania\" \/>\n\t<meta name=\"twitter:data2\" content=\"3 minuty\" \/>\n<script type=\"application\/ld+json\" class=\"yoast-schema-graph\">{\"@context\":\"https:\\\/\\\/schema.org\",\"@graph\":[{\"@type\":\"Article\",\"@id\":\"https:\\\/\\\/407artfoundation.org\\\/new-artistic-projects\\\/#article\",\"isPartOf\":{\"@id\":\"https:\\\/\\\/407artfoundation.org\\\/new-artistic-projects\\\/\"},\"author\":{\"name\":\"407artfoundation.org\",\"@id\":\"https:\\\/\\\/407artfoundation.org\\\/#\\\/schema\\\/person\\\/0bd96a4ddc93509429646206afc91a94\"},\"headline\":\"New Artistic Projects\",\"datePublished\":\"2023-12-24T09:53:11+00:00\",\"dateModified\":\"2025-07-28T13:45:14+00:00\",\"mainEntityOfPage\":{\"@id\":\"https:\\\/\\\/407artfoundation.org\\\/new-artistic-projects\\\/\"},\"wordCount\":582,\"commentCount\":0,\"image\":{\"@id\":\"https:\\\/\\\/407artfoundation.org\\\/new-artistic-projects\\\/#primaryimage\"},\"thumbnailUrl\":\"https:\\\/\\\/407artfoundation.org\\\/wp-content\\\/uploads\\\/2024\\\/03\\\/wernisaz_zlotekobiety_09032024_.jpg\",\"keywords\":[\"#dlaartystow\",\"#noweprojektyartystyczne\",\"#nowewystawy\",\"#wsparciedlaartystow\",\"#wystawy\",\"#wystawysztuki\",\"sztuka\"],\"articleSection\":[\"Support the Artists Project\"],\"inLanguage\":\"pl-PL\",\"potentialAction\":[{\"@type\":\"CommentAction\",\"name\":\"Comment\",\"target\":[\"https:\\\/\\\/407artfoundation.org\\\/new-artistic-projects\\\/#respond\"]}]},{\"@type\":\"WebPage\",\"@id\":\"https:\\\/\\\/407artfoundation.org\\\/new-artistic-projects\\\/\",\"url\":\"https:\\\/\\\/407artfoundation.org\\\/new-artistic-projects\\\/\",\"name\":\"New Artistic Projects - 407artfoundation.org\",\"isPartOf\":{\"@id\":\"https:\\\/\\\/407artfoundation.org\\\/#website\"},\"primaryImageOfPage\":{\"@id\":\"https:\\\/\\\/407artfoundation.org\\\/new-artistic-projects\\\/#primaryimage\"},\"image\":{\"@id\":\"https:\\\/\\\/407artfoundation.org\\\/new-artistic-projects\\\/#primaryimage\"},\"thumbnailUrl\":\"https:\\\/\\\/407artfoundation.org\\\/wp-content\\\/uploads\\\/2024\\\/03\\\/wernisaz_zlotekobiety_09032024_.jpg\",\"datePublished\":\"2023-12-24T09:53:11+00:00\",\"dateModified\":\"2025-07-28T13:45:14+00:00\",\"author\":{\"@id\":\"https:\\\/\\\/407artfoundation.org\\\/#\\\/schema\\\/person\\\/0bd96a4ddc93509429646206afc91a94\"},\"description\":\"Program \\\"Nowe Projekty Artystyczne\\\" pomaga tw\u00f3rcom m\u0142odym i uznanym dotrze\u0107 do szerszego grona publiczno\u015bci i kolekcjonewr\u00f3w sztuki. Do\u0142\u0105cz!\",\"breadcrumb\":{\"@id\":\"https:\\\/\\\/407artfoundation.org\\\/new-artistic-projects\\\/#breadcrumb\"},\"inLanguage\":\"pl-PL\",\"potentialAction\":[{\"@type\":\"ReadAction\",\"target\":[\"https:\\\/\\\/407artfoundation.org\\\/new-artistic-projects\\\/\"]}]},{\"@type\":\"ImageObject\",\"inLanguage\":\"pl-PL\",\"@id\":\"https:\\\/\\\/407artfoundation.org\\\/new-artistic-projects\\\/#primaryimage\",\"url\":\"https:\\\/\\\/407artfoundation.org\\\/wp-content\\\/uploads\\\/2024\\\/03\\\/wernisaz_zlotekobiety_09032024_.jpg\",\"contentUrl\":\"https:\\\/\\\/407artfoundation.org\\\/wp-content\\\/uploads\\\/2024\\\/03\\\/wernisaz_zlotekobiety_09032024_.jpg\",\"width\":1290,\"height\":2063,\"caption\":\"Nowe Projekty Artystyczne\"},{\"@type\":\"BreadcrumbList\",\"@id\":\"https:\\\/\\\/407artfoundation.org\\\/new-artistic-projects\\\/#breadcrumb\",\"itemListElement\":[{\"@type\":\"ListItem\",\"position\":1,\"name\":\"Home\",\"item\":\"https:\\\/\\\/407artfoundation.org\\\/\"},{\"@type\":\"ListItem\",\"position\":2,\"name\":\"New Artistic Projects\"}]},{\"@type\":\"WebSite\",\"@id\":\"https:\\\/\\\/407artfoundation.org\\\/#website\",\"url\":\"https:\\\/\\\/407artfoundation.org\\\/\",\"name\":\"407artfoundation.org\",\"description\":\"Promujemy polsk\u0105 sztuk\u0119 i kultur\u0119. \u0141\u0105czymy artyst\u00f3w z kolekcjonerami. Pomagamy budowa\u0107 warto\u015bciowe kolekcje sztuki. Organizujemy wyj\u0105tkowe wystawy w ramach cyklu &quot;Sztuka na Z\u0142otej44&quot;. Wspieramy inne organizacje i instytucje dzia\u0142aj\u0105ce na rzecz szerzenia kultury.\",\"potentialAction\":[{\"@type\":\"SearchAction\",\"target\":{\"@type\":\"EntryPoint\",\"urlTemplate\":\"https:\\\/\\\/407artfoundation.org\\\/?s={search_term_string}\"},\"query-input\":{\"@type\":\"PropertyValueSpecification\",\"valueRequired\":true,\"valueName\":\"search_term_string\"}}],\"inLanguage\":\"pl-PL\"},{\"@type\":\"Person\",\"@id\":\"https:\\\/\\\/407artfoundation.org\\\/#\\\/schema\\\/person\\\/0bd96a4ddc93509429646206afc91a94\",\"name\":\"407artfoundation.org\",\"image\":{\"@type\":\"ImageObject\",\"inLanguage\":\"pl-PL\",\"@id\":\"https:\\\/\\\/secure.gravatar.com\\\/avatar\\\/cc7356495ca39b5c14333ad62ce002fb13a47cbba40296ee58327f68bc960ec5?s=96&d=mm&r=g\",\"url\":\"https:\\\/\\\/secure.gravatar.com\\\/avatar\\\/cc7356495ca39b5c14333ad62ce002fb13a47cbba40296ee58327f68bc960ec5?s=96&d=mm&r=g\",\"contentUrl\":\"https:\\\/\\\/secure.gravatar.com\\\/avatar\\\/cc7356495ca39b5c14333ad62ce002fb13a47cbba40296ee58327f68bc960ec5?s=96&d=mm&r=g\",\"caption\":\"407artfoundation.org\"},\"sameAs\":[\"https:\\\/\\\/407artfoundation.org\"],\"url\":\"https:\\\/\\\/407artfoundation.org\\\/pl\\\/author\\\/407artfoundation-org\\\/\"}]}<\/script>\n<!-- \/ Yoast SEO plugin. -->","yoast_head_json":{"title":"New Artistic Projects - 407artfoundation.org","description":"Program \"Nowe Projekty Artystyczne\" pomaga tw\u00f3rcom m\u0142odym i uznanym dotrze\u0107 do szerszego grona publiczno\u015bci i kolekcjonewr\u00f3w sztuki. Do\u0142\u0105cz!","robots":{"index":"index","follow":"follow","max-snippet":"max-snippet:-1","max-image-preview":"max-image-preview:large","max-video-preview":"max-video-preview:-1"},"canonical":"https:\/\/407artfoundation.org\/pl\/new-artistic-projects\/","og_locale":"pl_PL","og_type":"article","og_title":"New Artistic Projects - 407artfoundation.org","og_description":"Program \"Nowe Projekty Artystyczne\" pomaga tw\u00f3rcom m\u0142odym i uznanym dotrze\u0107 do szerszego grona publiczno\u015bci i kolekcjonewr\u00f3w sztuki. Do\u0142\u0105cz!","og_url":"https:\/\/407artfoundation.org\/pl\/new-artistic-projects\/","og_site_name":"407artfoundation.org","article_published_time":"2023-12-24T09:53:11+00:00","article_modified_time":"2025-07-28T13:45:14+00:00","og_image":[{"width":1290,"height":2063,"url":"http:\/\/407artfoundation.org\/wp-content\/uploads\/2024\/03\/wernisaz_zlotekobiety_09032024_.jpg","type":"image\/jpeg"}],"author":"407artfoundation.org","twitter_card":"summary_large_image","twitter_misc":{"Napisane przez":"407artfoundation.org","Szacowany czas czytania":"3 minuty"},"schema":{"@context":"https:\/\/schema.org","@graph":[{"@type":"Article","@id":"https:\/\/407artfoundation.org\/new-artistic-projects\/#article","isPartOf":{"@id":"https:\/\/407artfoundation.org\/new-artistic-projects\/"},"author":{"name":"407artfoundation.org","@id":"https:\/\/407artfoundation.org\/#\/schema\/person\/0bd96a4ddc93509429646206afc91a94"},"headline":"New Artistic Projects","datePublished":"2023-12-24T09:53:11+00:00","dateModified":"2025-07-28T13:45:14+00:00","mainEntityOfPage":{"@id":"https:\/\/407artfoundation.org\/new-artistic-projects\/"},"wordCount":582,"commentCount":0,"image":{"@id":"https:\/\/407artfoundation.org\/new-artistic-projects\/#primaryimage"},"thumbnailUrl":"https:\/\/407artfoundation.org\/wp-content\/uploads\/2024\/03\/wernisaz_zlotekobiety_09032024_.jpg","keywords":["#dlaartystow","#noweprojektyartystyczne","#nowewystawy","#wsparciedlaartystow","#wystawy","#wystawysztuki","sztuka"],"articleSection":["Support the Artists Project"],"inLanguage":"pl-PL","potentialAction":[{"@type":"CommentAction","name":"Comment","target":["https:\/\/407artfoundation.org\/new-artistic-projects\/#respond"]}]},{"@type":"WebPage","@id":"https:\/\/407artfoundation.org\/new-artistic-projects\/","url":"https:\/\/407artfoundation.org\/new-artistic-projects\/","name":"New Artistic Projects - 407artfoundation.org","isPartOf":{"@id":"https:\/\/407artfoundation.org\/#website"},"primaryImageOfPage":{"@id":"https:\/\/407artfoundation.org\/new-artistic-projects\/#primaryimage"},"image":{"@id":"https:\/\/407artfoundation.org\/new-artistic-projects\/#primaryimage"},"thumbnailUrl":"https:\/\/407artfoundation.org\/wp-content\/uploads\/2024\/03\/wernisaz_zlotekobiety_09032024_.jpg","datePublished":"2023-12-24T09:53:11+00:00","dateModified":"2025-07-28T13:45:14+00:00","author":{"@id":"https:\/\/407artfoundation.org\/#\/schema\/person\/0bd96a4ddc93509429646206afc91a94"},"description":"Program \"Nowe Projekty Artystyczne\" pomaga tw\u00f3rcom m\u0142odym i uznanym dotrze\u0107 do szerszego grona publiczno\u015bci i kolekcjonewr\u00f3w sztuki. Do\u0142\u0105cz!","breadcrumb":{"@id":"https:\/\/407artfoundation.org\/new-artistic-projects\/#breadcrumb"},"inLanguage":"pl-PL","potentialAction":[{"@type":"ReadAction","target":["https:\/\/407artfoundation.org\/new-artistic-projects\/"]}]},{"@type":"ImageObject","inLanguage":"pl-PL","@id":"https:\/\/407artfoundation.org\/new-artistic-projects\/#primaryimage","url":"https:\/\/407artfoundation.org\/wp-content\/uploads\/2024\/03\/wernisaz_zlotekobiety_09032024_.jpg","contentUrl":"https:\/\/407artfoundation.org\/wp-content\/uploads\/2024\/03\/wernisaz_zlotekobiety_09032024_.jpg","width":1290,"height":2063,"caption":"Nowe Projekty Artystyczne"},{"@type":"BreadcrumbList","@id":"https:\/\/407artfoundation.org\/new-artistic-projects\/#breadcrumb","itemListElement":[{"@type":"ListItem","position":1,"name":"Home","item":"https:\/\/407artfoundation.org\/"},{"@type":"ListItem","position":2,"name":"New Artistic Projects"}]},{"@type":"WebSite","@id":"https:\/\/407artfoundation.org\/#website","url":"https:\/\/407artfoundation.org\/","name":"407artfoundation.org","description":"Promujemy polsk\u0105 sztuk\u0119 i kultur\u0119. \u0141\u0105czymy artyst\u00f3w z kolekcjonerami. Pomagamy budowa\u0107 warto\u015bciowe kolekcje sztuki. Organizujemy wyj\u0105tkowe wystawy w ramach cyklu &quot;Sztuka na Z\u0142otej44&quot;. Wspieramy inne organizacje i instytucje dzia\u0142aj\u0105ce na rzecz szerzenia kultury.","potentialAction":[{"@type":"SearchAction","target":{"@type":"EntryPoint","urlTemplate":"https:\/\/407artfoundation.org\/?s={search_term_string}"},"query-input":{"@type":"PropertyValueSpecification","valueRequired":true,"valueName":"search_term_string"}}],"inLanguage":"pl-PL"},{"@type":"Person","@id":"https:\/\/407artfoundation.org\/#\/schema\/person\/0bd96a4ddc93509429646206afc91a94","name":"407artfoundation.org","image":{"@type":"ImageObject","inLanguage":"pl-PL","@id":"https:\/\/secure.gravatar.com\/avatar\/cc7356495ca39b5c14333ad62ce002fb13a47cbba40296ee58327f68bc960ec5?s=96&d=mm&r=g","url":"https:\/\/secure.gravatar.com\/avatar\/cc7356495ca39b5c14333ad62ce002fb13a47cbba40296ee58327f68bc960ec5?s=96&d=mm&r=g","contentUrl":"https:\/\/secure.gravatar.com\/avatar\/cc7356495ca39b5c14333ad62ce002fb13a47cbba40296ee58327f68bc960ec5?s=96&d=mm&r=g","caption":"407artfoundation.org"},"sameAs":["https:\/\/407artfoundation.org"],"url":"https:\/\/407artfoundation.org\/pl\/author\/407artfoundation-org\/"}]}},"_links":{"self":[{"href":"https:\/\/407artfoundation.org\/pl\/wp-json\/wp\/v2\/posts\/615","targetHints":{"allow":["GET"]}}],"collection":[{"href":"https:\/\/407artfoundation.org\/pl\/wp-json\/wp\/v2\/posts"}],"about":[{"href":"https:\/\/407artfoundation.org\/pl\/wp-json\/wp\/v2\/types\/post"}],"author":[{"embeddable":true,"href":"https:\/\/407artfoundation.org\/pl\/wp-json\/wp\/v2\/users\/1"}],"replies":[{"embeddable":true,"href":"https:\/\/407artfoundation.org\/pl\/wp-json\/wp\/v2\/comments?post=615"}],"version-history":[{"count":43,"href":"https:\/\/407artfoundation.org\/pl\/wp-json\/wp\/v2\/posts\/615\/revisions"}],"predecessor-version":[{"id":3181,"href":"https:\/\/407artfoundation.org\/pl\/wp-json\/wp\/v2\/posts\/615\/revisions\/3181"}],"wp:featuredmedia":[{"embeddable":true,"href":"https:\/\/407artfoundation.org\/pl\/wp-json\/wp\/v2\/media\/1873"}],"wp:attachment":[{"href":"https:\/\/407artfoundation.org\/pl\/wp-json\/wp\/v2\/media?parent=615"}],"wp:term":[{"taxonomy":"category","embeddable":true,"href":"https:\/\/407artfoundation.org\/pl\/wp-json\/wp\/v2\/categories?post=615"},{"taxonomy":"post_tag","embeddable":true,"href":"https:\/\/407artfoundation.org\/pl\/wp-json\/wp\/v2\/tags?post=615"}],"curies":[{"name":"wp","href":"https:\/\/api.w.org\/{rel}","templated":true}]}}