{"id":3218,"date":"2025-09-02T17:33:44","date_gmt":"2025-09-02T15:33:44","guid":{"rendered":"https:\/\/407artfoundation.org\/?p=3218"},"modified":"2025-10-12T20:41:33","modified_gmt":"2025-10-12T18:41:33","slug":"promocja-mlodych-artystow","status":"publish","type":"post","link":"https:\/\/407artfoundation.org\/pl\/promocja-mlodych-artystow\/","title":{"rendered":"Promocja m\u0142odych artyst\u00f3w"},"content":{"rendered":"\t\t<div data-elementor-type=\"wp-post\" data-elementor-id=\"3218\" class=\"elementor elementor-3218\" data-elementor-post-type=\"post\">\n\t\t\t\t\t\t<section class=\"elementor-section elementor-top-section elementor-element elementor-element-1416f284 elementor-section-boxed elementor-section-height-default elementor-section-height-default\" data-id=\"1416f284\" data-element_type=\"section\" data-e-type=\"section\">\n\t\t\t\t\t\t<div class=\"elementor-container elementor-column-gap-default\">\n\t\t\t\t\t<div class=\"elementor-column elementor-col-100 elementor-top-column elementor-element elementor-element-6aa9d31e\" data-id=\"6aa9d31e\" data-element_type=\"column\" data-e-type=\"column\">\n\t\t\t<div class=\"elementor-widget-wrap elementor-element-populated\">\n\t\t\t\t\t\t<div class=\"elementor-element elementor-element-7c5591b6 elementor-widget elementor-widget-text-editor\" data-id=\"7c5591b6\" data-element_type=\"widget\" data-e-type=\"widget\" data-widget_type=\"text-editor.default\">\n\t\t\t\t<div class=\"elementor-widget-container\">\n\t\t\t\t\t\t\t\t\t<p>Warsaw, September 2, 2025<\/p><div class=\"flex-1 overflow-hidden masked-content\"><div class=\"h-full\"><div class=\"react-scroll-to-bottom--css-hwjsk-79elbk h-full\"><div class=\"react-scroll-to-bottom--css-hwjsk-1n7m0yu\"><div class=\"flex flex-col text-sm pb-[120px]\"><article class=\"w-full text-token-text-primary focus-visible:outline-2 focus-visible:outline-offset-[-4px]\" dir=\"auto\" data-testid=\"conversation-turn-93\" data-scroll-anchor=\"true\"><div class=\"text-base py-[18px] m-auto md:px-5 w-full px-3 lg:px-0\"><div class=\"mx-auto flex flex-1 gap-4 text-base md:gap-5 lg:gap-6 md:max-w-3xl lg:max-w-[40rem] xl:max-w-[48rem]\"><div class=\"group\/conversation-turn relative flex w-full min-w-0 flex-col agent-turn\"><div class=\"flex-col gap-1 md:gap-3\"><div class=\"flex max-w-full flex-col flex-grow\"><div class=\"min-h-[20px] text-message flex w-full flex-col items-end gap-2 break-words [.text-message+&amp;]:mt-5 overflow-x-auto whitespace-normal\" dir=\"auto\" data-message-author-role=\"assistant\" data-message-id=\"f5c8fe7e-3ad9-40f5-b10b-38064724874d\"><div class=\"flex w-full flex-col gap-1 empty:hidden first:pt-[3px]\"><div class=\"markdown prose w-full break-words dark:prose-invert light\"><div class=\"flex-1 overflow-hidden @container\/thread\"><div class=\"h-full\"><div class=\"react-scroll-to-bottom--css-kegfn-79elbk h-full\"><div class=\"react-scroll-to-bottom--css-kegfn-1n7m0yu\"><div class=\"flex flex-col text-sm md:pb-9\"><article class=\"w-full scroll-mb-[var(--thread-trailing-height,150px)] text-token-text-primary focus-visible:outline-2 focus-visible:outline-offset-[-4px]\" dir=\"auto\" data-testid=\"conversation-turn-17\" data-scroll-anchor=\"true\"><div class=\"m-auto text-base py-[18px] px-3 md:px-4 w-full md:px-5 lg:px-4 xl:px-5\"><div class=\"mx-auto flex flex-1 gap-4 text-base md:gap-5 lg:gap-6 md:max-w-3xl lg:max-w-[40rem] xl:max-w-[48rem]\"><div class=\"group\/conversation-turn relative flex w-full min-w-0 flex-col agent-turn\"><div class=\"flex-col gap-1 md:gap-3\"><div class=\"flex max-w-full flex-col flex-grow\"><div class=\"min-h-8 text-message flex w-full flex-col items-end gap-2 whitespace-normal break-words text-start [.text-message+&amp;]:mt-5\" dir=\"auto\" data-message-author-role=\"assistant\" data-message-id=\"41f5e8d5-6e96-4dbf-b5af-3de4ba5dfc56\" data-message-model-slug=\"gpt-4o\"><div class=\"flex w-full flex-col gap-1 empty:hidden first:pt-[3px]\"><div class=\"markdown prose w-full break-words dark:prose-invert light\"><p data-start=\"267\" data-end=\"564\">The <strong data-start=\"271\" data-end=\"301\">promotion of young artists<\/strong> is one of the <a href=\"https:\/\/407artfoundation.org\/en_gb\/about-407-art-foundation\/\">pillars of the 407 Art Foundation<\/a>. Our mission is not only to support talent but also to build their visibility and market value. That is why we create professional film and photo productions that present artists in the light of their uniqueness.<\/p><h2 data-start=\"566\" data-end=\"614\">Professional Production for Klaudia Krzosek<\/h2><p data-start=\"615\" data-end=\"1053\">As part of the <a href=\"https:\/\/407artfoundation.org\/en_gb\/new-artistic-projects\/\"><em data-start=\"630\" data-end=\"653\">New Artistic Projects<\/em> Program<\/a>, we have just completed a full-day film shoot promoting the upcoming exhibition <a href=\"https:\/\/407artfoundation.org\/en_gb\/the-colors-of-color-new-project\/\"><strong data-start=\"742\" data-end=\"767\">\u201cThe Colors of Color\u201d<\/strong> by Klaudia Krzosek<\/a>. The Foundation\u2019s team took care of every detail: from preparing the script to styling and creating a narrative built around the Foundation\u2019s motto &#8211; <em data-start=\"937\" data-end=\"974\">every artist has their own language<\/em>. In <a href=\"https:\/\/407artfoundation.org\/en_gb\/klaudia-krzosek-artist\/\">Klaudia Krzosek<\/a>\u2019s case, that language is the <strong data-start=\"1024\" data-end=\"1050\">energy in the painting<\/strong>.<\/p><p data-start=\"1055\" data-end=\"1484\">This approach allowed us to emphasize her uniqueness and the power of her works, which will have their official premiere in <strong data-start=\"1179\" data-end=\"1205\">March 2026 at <a href=\"https:\/\/zlota44.net\/\">Z\u0142ota 44<\/a><\/strong>, as part of the <strong data-start=\"1222\" data-end=\"1243\">\u201cArt at Z\u0142ota 44\u201d<\/strong> series organized by the 407 Art Foundation. It is our tradition to present new artworks every March &#8211; to the art world, collectors, and residents of Z\u0142ota 44 &#8211; works created thanks to the <em data-start=\"1432\" data-end=\"1455\">New Artistic Projects<\/em> Program of the Foundation.<\/p><h2 data-start=\"1486\" data-end=\"1534\">The Role of the Foundation and the Curators<\/h2><p data-start=\"1535\" data-end=\"1910\">The curatorial team, always led by <strong data-start=\"1570\" data-end=\"1586\">Aron Pude\u0142ko<\/strong>, President of the 407 Art Foundation, ensures that each project reflects the true character of the artist. <strong data-start=\"1694\" data-end=\"1715\">Grzegorz Jaworski<\/strong>, Art Director and one of the Foundation\u2019s founders, oversees every detail of communication so that it speaks clearly to the art community, collectors, and gallerists both in Poland and abroad.<\/p><h2 data-start=\"1912\" data-end=\"1968\">Promotion of Young Artists on International Markets<\/h2><p data-start=\"1969\" data-end=\"2370\">The Foundation\u2019s artistic support does not end with the exhibition premiere. <a href=\"https:\/\/online2020.asp.waw.pl\/autorzy\/krzosek-klaudia\/\">Klaudia Krzosek<\/a>, under the artistic care of the 407 Art Foundation, will also be presented on <a href=\"https:\/\/www.artprice.com\/\">international art market<\/a> shortly after the pre-premiere of her new cycle <em data-start=\"2210\" data-end=\"2234\">\u201cThe Colors of Color.\u201d<\/em> This marks an important step that will strengthen her position in the global art world and increase the <a href=\"https:\/\/www.artelier.com\/post\/how-to-invest-in-art-for-beginners-why-art-is-a-good-investment\">investment value<\/a> of her artworks.<\/p><h2 data-start=\"2372\" data-end=\"2389\">What\u2019s Next?<\/h2><p data-start=\"2390\" data-end=\"2669\">The trailer of <strong data-start=\"2405\" data-end=\"2430\">\u201cThe Colors of Color\u201d<\/strong> is coming soon. <a href=\"https:\/\/www.instagram.com\/407_art_foundation\/\">Stay with us<\/a> and follow the next stages of this project. It is a prime example of how the <strong data-start=\"2537\" data-end=\"2567\">promotion of young artists<\/strong> can be carried out with the highest professionalism and with a vision for the future of <a href=\"https:\/\/en.wikipedia.org\/wiki\/Polish_art\">Polish art<\/a>.<\/p><p data-start=\"2390\" data-end=\"2669\">Film shoot: <a href=\"https:\/\/www.instagram.com\/piotrgren_\/\">Piotr Zielonka<\/a><\/p><h6 data-start=\"3695\" data-end=\"3920\"><a class=\"cursor-pointer\" href=\"https:\/\/407artfoundation.org\/pl\/produkt\/klaudia-krzosek-plejady-1-7\/\" target=\"_new\" rel=\"noopener\" data-start=\"3698\" data-end=\"3777\"><strong>Become a Collector<\/strong> \u2013 Available Works<\/a><br data-start=\"3777\" data-end=\"3780\" \/><a class=\"cursor-pointer\" href=\"https:\/\/407artfoundation.org\/pl\/contact\/\" rel=\"noopener\" data-start=\"3783\" data-end=\"3856\"><strong>Contact Us<\/strong> About Exhibitions or Acquisitions<\/a><br data-start=\"3856\" data-end=\"3859\" \/><br \/><\/h6><\/div><\/div><\/div><\/div><\/div><\/div><\/div><\/div><\/article><\/div><\/div><\/div><\/div><\/div><\/div><\/div><\/div><\/div><\/div><\/div><\/div><\/div><\/article><\/div><\/div><\/div><\/div><\/div>\t\t\t\t\t\t\t\t<\/div>\n\t\t\t\t<\/div>\n\t\t\t\t\t<\/div>\n\t\t<\/div>\n\t\t\t\t\t<\/div>\n\t\t<\/section>\n\t\t\t\t<section class=\"elementor-section elementor-top-section elementor-element elementor-element-fd5c0db elementor-section-boxed elementor-section-height-default elementor-section-height-default\" data-id=\"fd5c0db\" data-element_type=\"section\" data-e-type=\"section\">\n\t\t\t\t\t\t<div class=\"elementor-container elementor-column-gap-default\">\n\t\t\t\t\t<div class=\"elementor-column elementor-col-100 elementor-top-column elementor-element elementor-element-7c8990b\" data-id=\"7c8990b\" data-element_type=\"column\" data-e-type=\"column\">\n\t\t\t<div class=\"elementor-widget-wrap elementor-element-populated\">\n\t\t\t\t\t\t<div class=\"elementor-element elementor-element-580a5ea elementor-widget elementor-widget-gallery\" data-id=\"580a5ea\" data-element_type=\"widget\" data-e-type=\"widget\" data-settings=\"{&quot;gallery_layout&quot;:&quot;masonry&quot;,&quot;columns&quot;:3,&quot;lazyload&quot;:&quot;yes&quot;,&quot;columns_tablet&quot;:2,&quot;columns_mobile&quot;:1,&quot;gap&quot;:{&quot;unit&quot;:&quot;px&quot;,&quot;size&quot;:10,&quot;sizes&quot;:[]},&quot;gap_tablet&quot;:{&quot;unit&quot;:&quot;px&quot;,&quot;size&quot;:10,&quot;sizes&quot;:[]},&quot;gap_mobile&quot;:{&quot;unit&quot;:&quot;px&quot;,&quot;size&quot;:10,&quot;sizes&quot;:[]},&quot;link_to&quot;:&quot;file&quot;,&quot;overlay_background&quot;:&quot;yes&quot;,&quot;content_hover_animation&quot;:&quot;fade-in&quot;}\" data-widget_type=\"gallery.default\">\n\t\t\t\t<div class=\"elementor-widget-container\">\n\t\t\t\t\t\t\t<div class=\"elementor-gallery__container\">\n\t\t\t\t\t\t\t<a class=\"e-gallery-item elementor-gallery-item elementor-animated-content\" href=\"https:\/\/407artfoundation.org\/wp-content\/uploads\/2025\/09\/Klaudia_Krzosek_sesja_Piotr_Zielonka-scaled.jpg\" data-elementor-open-lightbox=\"yes\" data-elementor-lightbox-slideshow=\"580a5ea\" data-elementor-lightbox-title=\"Klaudia_Krzosek_sesja_Piotr_Zielonka\" data-elementor-lightbox-description=\"sesja zdj\u0119ciowa do wystawy The Colors Of Color\" data-e-action-hash=\"#elementor-action%3Aaction%3Dlightbox%26settings%3DeyJpZCI6MzIyMiwidXJsIjoiaHR0cHM6XC9cLzQwN2FydGZvdW5kYXRpb24ub3JnXC93cC1jb250ZW50XC91cGxvYWRzXC8yMDI1XC8wOVwvS2xhdWRpYV9Lcnpvc2VrX3Nlc2phX1Bpb3RyX1ppZWxvbmthLXNjYWxlZC5qcGciLCJzbGlkZXNob3ciOiI1ODBhNWVhIn0%3D\">\n\t\t\t\t\t<div class=\"e-gallery-image elementor-gallery-item__image\" data-thumbnail=\"https:\/\/407artfoundation.org\/wp-content\/uploads\/2025\/09\/Klaudia_Krzosek_sesja_Piotr_Zielonka-225x300.jpg\" data-width=\"225\" data-height=\"300\" aria-label=\"Klaudia_Krzosek_sesja_Piotr_Zielonka\" role=\"img\" ><\/div>\n\t\t\t\t\t\t\t\t\t\t\t<div class=\"elementor-gallery-item__overlay\"><\/div>\n\t\t\t\t\t\t\t\t\t\t\t\t\t\t<\/a>\n\t\t\t\t\t\t\t<a class=\"e-gallery-item elementor-gallery-item elementor-animated-content\" href=\"https:\/\/407artfoundation.org\/wp-content\/uploads\/2025\/09\/Klaudia_Krzosek_promocja-scaled.jpg\" data-elementor-open-lightbox=\"yes\" data-elementor-lightbox-slideshow=\"580a5ea\" data-elementor-lightbox-title=\"Klaudia_Krzosek_promocja\" data-elementor-lightbox-description=\"Sesja zdj\u0119ciowa do wystawy The Colors of Color\" data-e-action-hash=\"#elementor-action%3Aaction%3Dlightbox%26settings%3DeyJpZCI6MzIyMCwidXJsIjoiaHR0cHM6XC9cLzQwN2FydGZvdW5kYXRpb24ub3JnXC93cC1jb250ZW50XC91cGxvYWRzXC8yMDI1XC8wOVwvS2xhdWRpYV9Lcnpvc2VrX3Byb21vY2phLXNjYWxlZC5qcGciLCJzbGlkZXNob3ciOiI1ODBhNWVhIn0%3D\">\n\t\t\t\t\t<div class=\"e-gallery-image elementor-gallery-item__image\" data-thumbnail=\"https:\/\/407artfoundation.org\/wp-content\/uploads\/2025\/09\/Klaudia_Krzosek_promocja-225x300.jpg\" data-width=\"225\" data-height=\"300\" aria-label=\"Klaudia Krzosek do teledysku The Colors of Color\" role=\"img\" ><\/div>\n\t\t\t\t\t\t\t\t\t\t\t<div class=\"elementor-gallery-item__overlay\"><\/div>\n\t\t\t\t\t\t\t\t\t\t\t\t\t\t<\/a>\n\t\t\t\t\t\t\t<a class=\"e-gallery-item elementor-gallery-item elementor-animated-content\" href=\"https:\/\/407artfoundation.org\/wp-content\/uploads\/2025\/09\/Obrazy_Klaudia_Krzosek_by_Piotr_Zielonka-scaled.jpg\" data-elementor-open-lightbox=\"yes\" data-elementor-lightbox-slideshow=\"580a5ea\" data-elementor-lightbox-title=\"Obrazy_Klaudia_Krzosek_by_Piotr_Zielonka\" data-elementor-lightbox-description=\"Obrazy Klaudia Krzosek fotto Piotr Zielonka\" data-e-action-hash=\"#elementor-action%3Aaction%3Dlightbox%26settings%3DeyJpZCI6MzIxOSwidXJsIjoiaHR0cHM6XC9cLzQwN2FydGZvdW5kYXRpb24ub3JnXC93cC1jb250ZW50XC91cGxvYWRzXC8yMDI1XC8wOVwvT2JyYXp5X0tsYXVkaWFfS3J6b3Nla19ieV9QaW90cl9aaWVsb25rYS1zY2FsZWQuanBnIiwic2xpZGVzaG93IjoiNTgwYTVlYSJ9\">\n\t\t\t\t\t<div class=\"e-gallery-image elementor-gallery-item__image\" data-thumbnail=\"https:\/\/407artfoundation.org\/wp-content\/uploads\/2025\/09\/Obrazy_Klaudia_Krzosek_by_Piotr_Zielonka-225x300.jpg\" data-width=\"225\" data-height=\"300\" aria-label=\"Klaudia Krzosek\" role=\"img\" ><\/div>\n\t\t\t\t\t\t\t\t\t\t\t<div class=\"elementor-gallery-item__overlay\"><\/div>\n\t\t\t\t\t\t\t\t\t\t\t\t\t\t<\/a>\n\t\t\t\t\t<\/div>\n\t\t\t\t\t<\/div>\n\t\t\t\t<\/div>\n\t\t\t\t\t<\/div>\n\t\t<\/div>\n\t\t\t\t\t<\/div>\n\t\t<\/section>\n\t\t\t\t<section class=\"elementor-section elementor-top-section elementor-element elementor-element-6b18c21 elementor-section-boxed elementor-section-height-default elementor-section-height-default\" data-id=\"6b18c21\" data-element_type=\"section\" data-e-type=\"section\">\n\t\t\t\t\t\t<div class=\"elementor-container elementor-column-gap-default\">\n\t\t\t\t\t<div class=\"elementor-column elementor-col-33 elementor-top-column elementor-element elementor-element-fa1b7ad\" data-id=\"fa1b7ad\" data-element_type=\"column\" data-e-type=\"column\">\n\t\t\t<div class=\"elementor-widget-wrap elementor-element-populated\">\n\t\t\t\t\t\t<div class=\"elementor-element elementor-element-39e36b3 elementor-widget elementor-widget-text-editor\" data-id=\"39e36b3\" data-element_type=\"widget\" data-e-type=\"widget\" data-widget_type=\"text-editor.default\">\n\t\t\t\t<div class=\"elementor-widget-container\">\n\t\t\t\t\t\t\t\t\t<h2><strong>Official<\/strong> <strong>video announcing the exhibition<\/strong><\/h2>\t\t\t\t\t\t\t\t<\/div>\n\t\t\t\t<\/div>\n\t\t\t\t\t<\/div>\n\t\t<\/div>\n\t\t\t\t<div class=\"elementor-column elementor-col-66 elementor-top-column elementor-element elementor-element-5ee32b7\" data-id=\"5ee32b7\" data-element_type=\"column\" data-e-type=\"column\">\n\t\t\t<div class=\"elementor-widget-wrap elementor-element-populated\">\n\t\t\t\t\t\t<div class=\"elementor-element elementor-element-57ebbb8 elementor-widget elementor-widget-video\" data-id=\"57ebbb8\" data-element_type=\"widget\" data-e-type=\"widget\" data-settings=\"{&quot;youtube_url&quot;:&quot;https:\\\/\\\/youtu.be\\\/B7tqkmUHq1E?si=9TugnCPgwjDEEmAx&quot;,&quot;video_type&quot;:&quot;youtube&quot;,&quot;controls&quot;:&quot;yes&quot;}\" data-widget_type=\"video.default\">\n\t\t\t\t<div class=\"elementor-widget-container\">\n\t\t\t\t\t\t\t<div class=\"elementor-wrapper elementor-open-inline\">\n\t\t\t<div class=\"elementor-video\"><\/div>\t\t<\/div>\n\t\t\t\t\t\t<\/div>\n\t\t\t\t<\/div>\n\t\t\t\t\t<\/div>\n\t\t<\/div>\n\t\t\t\t\t<\/div>\n\t\t<\/section>\n\t\t\t\t<\/div>\n\t\t","protected":false},"excerpt":{"rendered":"<p>Warsaw, September 2, 2025 The promotion of young artists is one of the pillars of the 407 Art Foundation. Our mission is not only to support talent but also to build their visibility and market value. That is why we create professional film and photo productions that present artists in the light of their uniqueness. [&hellip;]<\/p>\n","protected":false},"author":1,"featured_media":3220,"comment_status":"closed","ping_status":"open","sticky":false,"template":"","format":"standard","meta":{"give_campaign_id":0,"footnotes":""},"categories":[35],"tags":[159,208,199,198,139,160,207,59],"class_list":["post-3218","post","type-post","status-publish","format-standard","has-post-thumbnail","hentry","category-news","tag-klaudiakrzosek","tag-mlodzimalarze","tag-obrazydlakolekcjonerow","tag-opart","tag-promocjaartystow","tag-sztukaabstrakcyjna","tag-wideopromocja","tag-407artfoundation"],"yoast_head":"<!-- This site is optimized with the Yoast SEO plugin v27.5 - https:\/\/yoast.com\/product\/yoast-seo-wordpress\/ -->\n<title>Promocja m\u0142odych artyst\u00f3w - 407artfoundation.org<\/title>\n<meta name=\"description\" content=\"Film promuj\u0105cy m\u0142od\u0105 artystk\u0119 Klaudi\u0119 Krzosek i jej wystaw\u0119 \u201eThe Colors of Color\u201d ju\u017c nied\u0142ugo! Premiera wystawy w marcu 2026 na Z\u0142otej44.\" \/>\n<meta name=\"robots\" content=\"index, follow, max-snippet:-1, max-image-preview:large, max-video-preview:-1\" \/>\n<link rel=\"canonical\" href=\"https:\/\/407artfoundation.org\/pl\/promocja-mlodych-artystow\/\" \/>\n<meta property=\"og:locale\" content=\"pl_PL\" \/>\n<meta property=\"og:type\" content=\"article\" \/>\n<meta property=\"og:title\" content=\"Promocja m\u0142odych artyst\u00f3w - 407artfoundation.org\" \/>\n<meta property=\"og:description\" content=\"Film promuj\u0105cy m\u0142od\u0105 artystk\u0119 Klaudi\u0119 Krzosek i jej wystaw\u0119 \u201eThe Colors of Color\u201d ju\u017c nied\u0142ugo! Premiera wystawy w marcu 2026 na Z\u0142otej44.\" \/>\n<meta property=\"og:url\" content=\"https:\/\/407artfoundation.org\/pl\/promocja-mlodych-artystow\/\" \/>\n<meta property=\"og:site_name\" content=\"407artfoundation.org\" \/>\n<meta property=\"article:published_time\" content=\"2025-09-02T15:33:44+00:00\" \/>\n<meta property=\"article:modified_time\" content=\"2025-10-12T18:41:33+00:00\" \/>\n<meta property=\"og:image\" content=\"http:\/\/407artfoundation.org\/wp-content\/uploads\/2025\/09\/Klaudia_Krzosek_promocja-scaled.jpg\" \/>\n\t<meta property=\"og:image:width\" content=\"1920\" \/>\n\t<meta property=\"og:image:height\" content=\"2560\" \/>\n\t<meta property=\"og:image:type\" content=\"image\/jpeg\" \/>\n<meta name=\"author\" content=\"407artfoundation.org\" \/>\n<meta name=\"twitter:card\" content=\"summary_large_image\" \/>\n<meta name=\"twitter:label1\" content=\"Napisane przez\" \/>\n\t<meta name=\"twitter:data1\" content=\"407artfoundation.org\" \/>\n\t<meta name=\"twitter:label2\" content=\"Szacowany czas czytania\" \/>\n\t<meta name=\"twitter:data2\" content=\"2 minuty\" \/>\n<script type=\"application\/ld+json\" class=\"yoast-schema-graph\">{\"@context\":\"https:\\\/\\\/schema.org\",\"@graph\":[{\"@type\":\"Article\",\"@id\":\"https:\\\/\\\/407artfoundation.org\\\/en_gb\\\/promocja-mlodych-artystow\\\/#article\",\"isPartOf\":{\"@id\":\"https:\\\/\\\/407artfoundation.org\\\/en_gb\\\/promocja-mlodych-artystow\\\/\"},\"author\":{\"name\":\"407artfoundation.org\",\"@id\":\"https:\\\/\\\/407artfoundation.org\\\/#\\\/schema\\\/person\\\/0bd96a4ddc93509429646206afc91a94\"},\"headline\":\"Promocja m\u0142odych artyst\u00f3w\",\"datePublished\":\"2025-09-02T15:33:44+00:00\",\"dateModified\":\"2025-10-12T18:41:33+00:00\",\"mainEntityOfPage\":{\"@id\":\"https:\\\/\\\/407artfoundation.org\\\/en_gb\\\/promocja-mlodych-artystow\\\/\"},\"wordCount\":427,\"image\":{\"@id\":\"https:\\\/\\\/407artfoundation.org\\\/en_gb\\\/promocja-mlodych-artystow\\\/#primaryimage\"},\"thumbnailUrl\":\"https:\\\/\\\/407artfoundation.org\\\/wp-content\\\/uploads\\\/2025\\\/09\\\/Klaudia_Krzosek_promocja-scaled.jpg\",\"keywords\":[\"#klaudiakrzosek\",\"#mlodzimalarze\",\"#obrazydlakolekcjonerow\",\"#opart\",\"#promocjaartystow\",\"#sztukaabstrakcyjna\",\"#wideopromocja\",\"407artfoundation\"],\"articleSection\":[\"News\"],\"inLanguage\":\"pl-PL\"},{\"@type\":\"WebPage\",\"@id\":\"https:\\\/\\\/407artfoundation.org\\\/en_gb\\\/promocja-mlodych-artystow\\\/\",\"url\":\"https:\\\/\\\/407artfoundation.org\\\/en_gb\\\/promocja-mlodych-artystow\\\/\",\"name\":\"Promocja m\u0142odych artyst\u00f3w - 407artfoundation.org\",\"isPartOf\":{\"@id\":\"https:\\\/\\\/407artfoundation.org\\\/#website\"},\"primaryImageOfPage\":{\"@id\":\"https:\\\/\\\/407artfoundation.org\\\/en_gb\\\/promocja-mlodych-artystow\\\/#primaryimage\"},\"image\":{\"@id\":\"https:\\\/\\\/407artfoundation.org\\\/en_gb\\\/promocja-mlodych-artystow\\\/#primaryimage\"},\"thumbnailUrl\":\"https:\\\/\\\/407artfoundation.org\\\/wp-content\\\/uploads\\\/2025\\\/09\\\/Klaudia_Krzosek_promocja-scaled.jpg\",\"datePublished\":\"2025-09-02T15:33:44+00:00\",\"dateModified\":\"2025-10-12T18:41:33+00:00\",\"author\":{\"@id\":\"https:\\\/\\\/407artfoundation.org\\\/#\\\/schema\\\/person\\\/0bd96a4ddc93509429646206afc91a94\"},\"description\":\"Film promuj\u0105cy m\u0142od\u0105 artystk\u0119 Klaudi\u0119 Krzosek i jej wystaw\u0119 \u201eThe Colors of Color\u201d ju\u017c nied\u0142ugo! Premiera wystawy w marcu 2026 na Z\u0142otej44.\",\"breadcrumb\":{\"@id\":\"https:\\\/\\\/407artfoundation.org\\\/en_gb\\\/promocja-mlodych-artystow\\\/#breadcrumb\"},\"inLanguage\":\"pl-PL\",\"potentialAction\":[{\"@type\":\"ReadAction\",\"target\":[\"https:\\\/\\\/407artfoundation.org\\\/en_gb\\\/promocja-mlodych-artystow\\\/\"]}]},{\"@type\":\"ImageObject\",\"inLanguage\":\"pl-PL\",\"@id\":\"https:\\\/\\\/407artfoundation.org\\\/en_gb\\\/promocja-mlodych-artystow\\\/#primaryimage\",\"url\":\"https:\\\/\\\/407artfoundation.org\\\/wp-content\\\/uploads\\\/2025\\\/09\\\/Klaudia_Krzosek_promocja-scaled.jpg\",\"contentUrl\":\"https:\\\/\\\/407artfoundation.org\\\/wp-content\\\/uploads\\\/2025\\\/09\\\/Klaudia_Krzosek_promocja-scaled.jpg\",\"width\":1920,\"height\":2560,\"caption\":\"Klaudia Krzosek by Piotr Zielonka\"},{\"@type\":\"BreadcrumbList\",\"@id\":\"https:\\\/\\\/407artfoundation.org\\\/en_gb\\\/promocja-mlodych-artystow\\\/#breadcrumb\",\"itemListElement\":[{\"@type\":\"ListItem\",\"position\":1,\"name\":\"Home\",\"item\":\"https:\\\/\\\/407artfoundation.org\\\/\"},{\"@type\":\"ListItem\",\"position\":2,\"name\":\"Promocja m\u0142odych artyst\u00f3w\"}]},{\"@type\":\"WebSite\",\"@id\":\"https:\\\/\\\/407artfoundation.org\\\/#website\",\"url\":\"https:\\\/\\\/407artfoundation.org\\\/\",\"name\":\"407artfoundation.org\",\"description\":\"Promujemy polsk\u0105 sztuk\u0119 i kultur\u0119. \u0141\u0105czymy artyst\u00f3w z kolekcjonerami. Pomagamy budowa\u0107 warto\u015bciowe kolekcje sztuki. Organizujemy wyj\u0105tkowe wystawy w ramach cyklu &quot;Sztuka na Z\u0142otej44&quot;. Wspieramy inne organizacje i instytucje dzia\u0142aj\u0105ce na rzecz szerzenia kultury.\",\"potentialAction\":[{\"@type\":\"SearchAction\",\"target\":{\"@type\":\"EntryPoint\",\"urlTemplate\":\"https:\\\/\\\/407artfoundation.org\\\/?s={search_term_string}\"},\"query-input\":{\"@type\":\"PropertyValueSpecification\",\"valueRequired\":true,\"valueName\":\"search_term_string\"}}],\"inLanguage\":\"pl-PL\"},{\"@type\":\"Person\",\"@id\":\"https:\\\/\\\/407artfoundation.org\\\/#\\\/schema\\\/person\\\/0bd96a4ddc93509429646206afc91a94\",\"name\":\"407artfoundation.org\",\"image\":{\"@type\":\"ImageObject\",\"inLanguage\":\"pl-PL\",\"@id\":\"https:\\\/\\\/secure.gravatar.com\\\/avatar\\\/cc7356495ca39b5c14333ad62ce002fb13a47cbba40296ee58327f68bc960ec5?s=96&d=mm&r=g\",\"url\":\"https:\\\/\\\/secure.gravatar.com\\\/avatar\\\/cc7356495ca39b5c14333ad62ce002fb13a47cbba40296ee58327f68bc960ec5?s=96&d=mm&r=g\",\"contentUrl\":\"https:\\\/\\\/secure.gravatar.com\\\/avatar\\\/cc7356495ca39b5c14333ad62ce002fb13a47cbba40296ee58327f68bc960ec5?s=96&d=mm&r=g\",\"caption\":\"407artfoundation.org\"},\"sameAs\":[\"https:\\\/\\\/407artfoundation.org\"],\"url\":\"https:\\\/\\\/407artfoundation.org\\\/pl\\\/author\\\/407artfoundation-org\\\/\"}]}<\/script>\n<!-- \/ Yoast SEO plugin. -->","yoast_head_json":{"title":"Promocja m\u0142odych artyst\u00f3w - 407artfoundation.org","description":"Film promuj\u0105cy m\u0142od\u0105 artystk\u0119 Klaudi\u0119 Krzosek i jej wystaw\u0119 \u201eThe Colors of Color\u201d ju\u017c nied\u0142ugo! Premiera wystawy w marcu 2026 na Z\u0142otej44.","robots":{"index":"index","follow":"follow","max-snippet":"max-snippet:-1","max-image-preview":"max-image-preview:large","max-video-preview":"max-video-preview:-1"},"canonical":"https:\/\/407artfoundation.org\/pl\/promocja-mlodych-artystow\/","og_locale":"pl_PL","og_type":"article","og_title":"Promocja m\u0142odych artyst\u00f3w - 407artfoundation.org","og_description":"Film promuj\u0105cy m\u0142od\u0105 artystk\u0119 Klaudi\u0119 Krzosek i jej wystaw\u0119 \u201eThe Colors of Color\u201d ju\u017c nied\u0142ugo! Premiera wystawy w marcu 2026 na Z\u0142otej44.","og_url":"https:\/\/407artfoundation.org\/pl\/promocja-mlodych-artystow\/","og_site_name":"407artfoundation.org","article_published_time":"2025-09-02T15:33:44+00:00","article_modified_time":"2025-10-12T18:41:33+00:00","og_image":[{"width":1920,"height":2560,"url":"http:\/\/407artfoundation.org\/wp-content\/uploads\/2025\/09\/Klaudia_Krzosek_promocja-scaled.jpg","type":"image\/jpeg"}],"author":"407artfoundation.org","twitter_card":"summary_large_image","twitter_misc":{"Napisane przez":"407artfoundation.org","Szacowany czas czytania":"2 minuty"},"schema":{"@context":"https:\/\/schema.org","@graph":[{"@type":"Article","@id":"https:\/\/407artfoundation.org\/en_gb\/promocja-mlodych-artystow\/#article","isPartOf":{"@id":"https:\/\/407artfoundation.org\/en_gb\/promocja-mlodych-artystow\/"},"author":{"name":"407artfoundation.org","@id":"https:\/\/407artfoundation.org\/#\/schema\/person\/0bd96a4ddc93509429646206afc91a94"},"headline":"Promocja m\u0142odych artyst\u00f3w","datePublished":"2025-09-02T15:33:44+00:00","dateModified":"2025-10-12T18:41:33+00:00","mainEntityOfPage":{"@id":"https:\/\/407artfoundation.org\/en_gb\/promocja-mlodych-artystow\/"},"wordCount":427,"image":{"@id":"https:\/\/407artfoundation.org\/en_gb\/promocja-mlodych-artystow\/#primaryimage"},"thumbnailUrl":"https:\/\/407artfoundation.org\/wp-content\/uploads\/2025\/09\/Klaudia_Krzosek_promocja-scaled.jpg","keywords":["#klaudiakrzosek","#mlodzimalarze","#obrazydlakolekcjonerow","#opart","#promocjaartystow","#sztukaabstrakcyjna","#wideopromocja","407artfoundation"],"articleSection":["News"],"inLanguage":"pl-PL"},{"@type":"WebPage","@id":"https:\/\/407artfoundation.org\/en_gb\/promocja-mlodych-artystow\/","url":"https:\/\/407artfoundation.org\/en_gb\/promocja-mlodych-artystow\/","name":"Promocja m\u0142odych artyst\u00f3w - 407artfoundation.org","isPartOf":{"@id":"https:\/\/407artfoundation.org\/#website"},"primaryImageOfPage":{"@id":"https:\/\/407artfoundation.org\/en_gb\/promocja-mlodych-artystow\/#primaryimage"},"image":{"@id":"https:\/\/407artfoundation.org\/en_gb\/promocja-mlodych-artystow\/#primaryimage"},"thumbnailUrl":"https:\/\/407artfoundation.org\/wp-content\/uploads\/2025\/09\/Klaudia_Krzosek_promocja-scaled.jpg","datePublished":"2025-09-02T15:33:44+00:00","dateModified":"2025-10-12T18:41:33+00:00","author":{"@id":"https:\/\/407artfoundation.org\/#\/schema\/person\/0bd96a4ddc93509429646206afc91a94"},"description":"Film promuj\u0105cy m\u0142od\u0105 artystk\u0119 Klaudi\u0119 Krzosek i jej wystaw\u0119 \u201eThe Colors of Color\u201d ju\u017c nied\u0142ugo! Premiera wystawy w marcu 2026 na Z\u0142otej44.","breadcrumb":{"@id":"https:\/\/407artfoundation.org\/en_gb\/promocja-mlodych-artystow\/#breadcrumb"},"inLanguage":"pl-PL","potentialAction":[{"@type":"ReadAction","target":["https:\/\/407artfoundation.org\/en_gb\/promocja-mlodych-artystow\/"]}]},{"@type":"ImageObject","inLanguage":"pl-PL","@id":"https:\/\/407artfoundation.org\/en_gb\/promocja-mlodych-artystow\/#primaryimage","url":"https:\/\/407artfoundation.org\/wp-content\/uploads\/2025\/09\/Klaudia_Krzosek_promocja-scaled.jpg","contentUrl":"https:\/\/407artfoundation.org\/wp-content\/uploads\/2025\/09\/Klaudia_Krzosek_promocja-scaled.jpg","width":1920,"height":2560,"caption":"Klaudia Krzosek by Piotr Zielonka"},{"@type":"BreadcrumbList","@id":"https:\/\/407artfoundation.org\/en_gb\/promocja-mlodych-artystow\/#breadcrumb","itemListElement":[{"@type":"ListItem","position":1,"name":"Home","item":"https:\/\/407artfoundation.org\/"},{"@type":"ListItem","position":2,"name":"Promocja m\u0142odych artyst\u00f3w"}]},{"@type":"WebSite","@id":"https:\/\/407artfoundation.org\/#website","url":"https:\/\/407artfoundation.org\/","name":"407artfoundation.org","description":"Promujemy polsk\u0105 sztuk\u0119 i kultur\u0119. \u0141\u0105czymy artyst\u00f3w z kolekcjonerami. Pomagamy budowa\u0107 warto\u015bciowe kolekcje sztuki. Organizujemy wyj\u0105tkowe wystawy w ramach cyklu &quot;Sztuka na Z\u0142otej44&quot;. Wspieramy inne organizacje i instytucje dzia\u0142aj\u0105ce na rzecz szerzenia kultury.","potentialAction":[{"@type":"SearchAction","target":{"@type":"EntryPoint","urlTemplate":"https:\/\/407artfoundation.org\/?s={search_term_string}"},"query-input":{"@type":"PropertyValueSpecification","valueRequired":true,"valueName":"search_term_string"}}],"inLanguage":"pl-PL"},{"@type":"Person","@id":"https:\/\/407artfoundation.org\/#\/schema\/person\/0bd96a4ddc93509429646206afc91a94","name":"407artfoundation.org","image":{"@type":"ImageObject","inLanguage":"pl-PL","@id":"https:\/\/secure.gravatar.com\/avatar\/cc7356495ca39b5c14333ad62ce002fb13a47cbba40296ee58327f68bc960ec5?s=96&d=mm&r=g","url":"https:\/\/secure.gravatar.com\/avatar\/cc7356495ca39b5c14333ad62ce002fb13a47cbba40296ee58327f68bc960ec5?s=96&d=mm&r=g","contentUrl":"https:\/\/secure.gravatar.com\/avatar\/cc7356495ca39b5c14333ad62ce002fb13a47cbba40296ee58327f68bc960ec5?s=96&d=mm&r=g","caption":"407artfoundation.org"},"sameAs":["https:\/\/407artfoundation.org"],"url":"https:\/\/407artfoundation.org\/pl\/author\/407artfoundation-org\/"}]}},"_links":{"self":[{"href":"https:\/\/407artfoundation.org\/pl\/wp-json\/wp\/v2\/posts\/3218","targetHints":{"allow":["GET"]}}],"collection":[{"href":"https:\/\/407artfoundation.org\/pl\/wp-json\/wp\/v2\/posts"}],"about":[{"href":"https:\/\/407artfoundation.org\/pl\/wp-json\/wp\/v2\/types\/post"}],"author":[{"embeddable":true,"href":"https:\/\/407artfoundation.org\/pl\/wp-json\/wp\/v2\/users\/1"}],"replies":[{"embeddable":true,"href":"https:\/\/407artfoundation.org\/pl\/wp-json\/wp\/v2\/comments?post=3218"}],"version-history":[{"count":9,"href":"https:\/\/407artfoundation.org\/pl\/wp-json\/wp\/v2\/posts\/3218\/revisions"}],"predecessor-version":[{"id":3365,"href":"https:\/\/407artfoundation.org\/pl\/wp-json\/wp\/v2\/posts\/3218\/revisions\/3365"}],"wp:featuredmedia":[{"embeddable":true,"href":"https:\/\/407artfoundation.org\/pl\/wp-json\/wp\/v2\/media\/3220"}],"wp:attachment":[{"href":"https:\/\/407artfoundation.org\/pl\/wp-json\/wp\/v2\/media?parent=3218"}],"wp:term":[{"taxonomy":"category","embeddable":true,"href":"https:\/\/407artfoundation.org\/pl\/wp-json\/wp\/v2\/categories?post=3218"},{"taxonomy":"post_tag","embeddable":true,"href":"https:\/\/407artfoundation.org\/pl\/wp-json\/wp\/v2\/tags?post=3218"}],"curies":[{"name":"wp","href":"https:\/\/api.w.org\/{rel}","templated":true}]}}