{"id":2446,"date":"2025-04-04T12:03:24","date_gmt":"2025-04-04T10:03:24","guid":{"rendered":"https:\/\/407artfoundation.org\/?p=2446"},"modified":"2025-07-06T12:47:19","modified_gmt":"2025-07-06T10:47:19","slug":"fundacja-wojciecha-ciesniewskiego-wystawa","status":"publish","type":"post","link":"https:\/\/407artfoundation.org\/pl\/fundacja-wojciecha-ciesniewskiego-wystawa\/","title":{"rendered":"Fundacja Wojciecha Cie\u015bniewskiego &#8211; Exhibition"},"content":{"rendered":"\t\t<div data-elementor-type=\"wp-post\" data-elementor-id=\"2446\" class=\"elementor elementor-2446\" data-elementor-post-type=\"post\">\n\t\t\t\t\t\t<section class=\"elementor-section elementor-top-section elementor-element elementor-element-1416f284 elementor-section-boxed elementor-section-height-default elementor-section-height-default\" data-id=\"1416f284\" data-element_type=\"section\" data-e-type=\"section\">\n\t\t\t\t\t\t<div class=\"elementor-container elementor-column-gap-default\">\n\t\t\t\t\t<div class=\"elementor-column elementor-col-100 elementor-top-column elementor-element elementor-element-6aa9d31e\" data-id=\"6aa9d31e\" data-element_type=\"column\" data-e-type=\"column\">\n\t\t\t<div class=\"elementor-widget-wrap elementor-element-populated\">\n\t\t\t\t\t\t<div class=\"elementor-element elementor-element-7c5591b6 elementor-widget elementor-widget-text-editor\" data-id=\"7c5591b6\" data-element_type=\"widget\" data-e-type=\"widget\" data-widget_type=\"text-editor.default\">\n\t\t\t\t<div class=\"elementor-widget-container\">\n\t\t\t\t\t\t\t\t\t<p>Warsaw, April 4, 2025<\/p><div class=\"flex-1 overflow-hidden masked-content\"><div class=\"h-full\"><div class=\"react-scroll-to-bottom--css-hwjsk-79elbk h-full\"><div class=\"react-scroll-to-bottom--css-hwjsk-1n7m0yu\"><div class=\"flex flex-col text-sm pb-[120px]\"><article class=\"w-full text-token-text-primary focus-visible:outline-2 focus-visible:outline-offset-[-4px]\" dir=\"auto\" data-testid=\"conversation-turn-93\" data-scroll-anchor=\"true\"><div class=\"text-base py-[18px] m-auto md:px-5 w-full px-3 lg:px-0\"><div class=\"mx-auto flex flex-1 gap-4 text-base md:gap-5 lg:gap-6 md:max-w-3xl lg:max-w-[40rem] xl:max-w-[48rem]\"><div class=\"group\/conversation-turn relative flex w-full min-w-0 flex-col agent-turn\"><div class=\"flex-col gap-1 md:gap-3\"><div class=\"flex max-w-full flex-col flex-grow\"><div class=\"min-h-[20px] text-message flex w-full flex-col items-end gap-2 break-words [.text-message+&amp;]:mt-5 overflow-x-auto whitespace-normal\" dir=\"auto\" data-message-author-role=\"assistant\" data-message-id=\"f5c8fe7e-3ad9-40f5-b10b-38064724874d\"><div class=\"flex w-full flex-col gap-1 empty:hidden first:pt-[3px]\"><div class=\"markdown prose w-full break-words dark:prose-invert light\"><div class=\"flex-1 overflow-hidden @container\/thread\"><div class=\"h-full\"><div class=\"react-scroll-to-bottom--css-kegfn-79elbk h-full\"><div class=\"react-scroll-to-bottom--css-kegfn-1n7m0yu\"><div class=\"flex flex-col text-sm md:pb-9\"><article class=\"w-full scroll-mb-[var(--thread-trailing-height,150px)] text-token-text-primary focus-visible:outline-2 focus-visible:outline-offset-[-4px]\" dir=\"auto\" data-testid=\"conversation-turn-17\" data-scroll-anchor=\"true\"><div class=\"m-auto text-base py-[18px] px-3 md:px-4 w-full md:px-5 lg:px-4 xl:px-5\"><div class=\"mx-auto flex flex-1 gap-4 text-base md:gap-5 lg:gap-6 md:max-w-3xl lg:max-w-[40rem] xl:max-w-[48rem]\"><div class=\"group\/conversation-turn relative flex w-full min-w-0 flex-col agent-turn\"><div class=\"flex-col gap-1 md:gap-3\"><div class=\"flex max-w-full flex-col flex-grow\"><div class=\"min-h-8 text-message flex w-full flex-col items-end gap-2 whitespace-normal break-words text-start [.text-message+&amp;]:mt-5\" dir=\"auto\" data-message-author-role=\"assistant\" data-message-id=\"41f5e8d5-6e96-4dbf-b5af-3de4ba5dfc56\" data-message-model-slug=\"gpt-4o\"><div class=\"flex w-full flex-col gap-1 empty:hidden first:pt-[3px]\"><div class=\"markdown prose w-full break-words dark:prose-invert light\"><h3 data-start=\"0\" data-end=\"122\">Fundacja Wojciecha Cie\u015bniewskiego invitates to the FACES OF THE SOUL Exhibition in April 2025<\/h3><p data-start=\"0\" data-end=\"122\">We warmly invite you to view the new series of paintings by Wojciech Cie\u015bniewski, <em data-start=\"82\" data-end=\"121\">&#8220;<a href=\"https:\/\/407artfoundation.org\/pl\/faces-of-the-soul-virtues-and-sins\/\">FACES OF THE SOUL: Virtues and Sins<\/a>&#8220;<\/em>!<\/p><p data-start=\"124\" data-end=\"252\">Following the March opening at Z\u0142ota 44, the exhibition <strong data-start=\"56\" data-end=\"121\">&#8220;Faces of the Soul: Virtues and Sins&#8221; by Wojciech Cie\u015bniewski<\/strong> is opening its doors to the public! From <strong data-start=\"163\" data-end=\"184\">April 13\u201318, 2025<\/strong>, everyone interested is invited to explore this new series of paintings that inspire reflection on human nature, morality, and emotions.<\/p><p data-start=\"254\" data-end=\"375\">The exhibition is held under the honorary patronage of the <a href=\"https:\/\/asp.waw.pl\/\">Academy of Fine Arts in Warsaw<\/a> and the Capital City of Warsaw.<\/p><p data-start=\"377\" data-end=\"444\">Strategic Partner of the exhibition: <a href=\"https:\/\/sadkowskiiwspolnicy.pl\/\">Sadkowski &amp; Partners<\/a> Law Firm.<\/p><p data-start=\"446\" data-end=\"588\">Experience the paintings live and feel their power! <a href=\"https:\/\/pl.wikipedia.org\/wiki\/Wojciech_Cie%C5%9Bniewski\">Wojciech Cie\u015bniewski<\/a>\u2019s art transforms lives and returns to you, provoking deep reflection.<\/p><p data-start=\"590\" data-end=\"809\" data-is-last-node=\"\" data-is-only-node=\"\">The exhibition is accompanied by a catalog designed to guide visitors through the seven deadly sins and four cardinal virtues, reflecting the contemporary interpretations analyzed by the artist and curator Aron Pude\u0142ko.<\/p><h6 data-start=\"2159\" data-end=\"2188\"><strong data-start=\"2159\" data-end=\"2186\">Additional Information:<\/strong><\/h6><ul data-start=\"2189\" data-end=\"2384\"><li data-start=\"2189\" data-end=\"2229\"><strong data-start=\"2191\" data-end=\"2201\">Venue:<\/strong> Ho\u017ca 27\/10, Warszawa<\/li><li data-start=\"2189\" data-end=\"2229\">Date: 13-18 April 2025 5pm-8pm<\/li><li data-start=\"2230\" data-end=\"2267\"><strong data-start=\"2232\" data-end=\"2246\">Organizer:<\/strong> 407 Art Foundation &amp; <a href=\"https:\/\/www.ciesniewski.art\/\">Fundacja Wojciecha Cie\u015bniewskiego<\/a><\/li><li data-start=\"2268\" data-end=\"2384\"><strong data-start=\"2270\" data-end=\"2289\">Guests:<\/strong> Open to public<\/li><\/ul><h6 data-start=\"2386\" data-end=\"2474\">All those interested in upcoming events and press materials are invited to get in touch:<\/h6><h6 data-start=\"2476\" data-end=\"2596\"><strong data-start=\"2476\" data-end=\"2495\">Contact person:<\/strong><br data-start=\"2495\" data-end=\"2498\" \/>Grzegorz Jaworski, 407 Art Foundation<br data-start=\"2535\" data-end=\"2538\" \/>tel. +48 736 407 704 | e-mail: <a rel=\"noopener\" data-start=\"2569\" data-end=\"2594\">info@407artfoundation.org<\/a><\/h6><p data-start=\"2598\" data-end=\"2785\">Thank you for your time, and we look forward to sharing further updates from the exhibition, where we will reveal more details and present the complete story behind each featured artwork.<\/p><\/div><\/div><\/div><\/div><\/div><\/div><\/div><\/div><\/article><\/div><\/div><\/div><\/div><\/div><\/div><\/div><\/div><\/div><\/div><\/div><\/div><\/div><\/article><\/div><\/div><\/div><\/div><\/div>\t\t\t\t\t\t\t\t<\/div>\n\t\t\t\t<\/div>\n\t\t\t\t\t<\/div>\n\t\t<\/div>\n\t\t\t\t\t<\/div>\n\t\t<\/section>\n\t\t\t\t<section class=\"elementor-section elementor-top-section elementor-element elementor-element-d95c91b elementor-section-boxed elementor-section-height-default elementor-section-height-default\" data-id=\"d95c91b\" data-element_type=\"section\" data-e-type=\"section\">\n\t\t\t\t\t\t<div class=\"elementor-container elementor-column-gap-default\">\n\t\t\t\t\t<div class=\"elementor-column elementor-col-100 elementor-top-column elementor-element elementor-element-b579ac3\" data-id=\"b579ac3\" data-element_type=\"column\" data-e-type=\"column\">\n\t\t\t<div class=\"elementor-widget-wrap elementor-element-populated\">\n\t\t\t\t\t\t<div class=\"elementor-element elementor-element-5cacf23 elementor-align-center elementor-widget elementor-widget-button\" data-id=\"5cacf23\" data-element_type=\"widget\" data-e-type=\"widget\" data-widget_type=\"button.default\">\n\t\t\t\t<div class=\"elementor-widget-container\">\n\t\t\t\t\t\t\t\t\t<div class=\"elementor-button-wrapper\">\n\t\t\t\t\t<a class=\"elementor-button elementor-button-link elementor-size-sm\" href=\"https:\/\/407artfoundation.org\/pl\/faces-of-the-soul-virtues-and-sins\/\">\n\t\t\t\t\t\t<span class=\"elementor-button-content-wrapper\">\n\t\t\t\t\t\t\t\t\t<span class=\"elementor-button-text\">more information about the exhibition<\/span>\n\t\t\t\t\t<\/span>\n\t\t\t\t\t<\/a>\n\t\t\t\t<\/div>\n\t\t\t\t\t\t\t\t<\/div>\n\t\t\t\t<\/div>\n\t\t\t\t\t<\/div>\n\t\t<\/div>\n\t\t\t\t\t<\/div>\n\t\t<\/section>\n\t\t\t\t<section class=\"elementor-section elementor-top-section elementor-element elementor-element-dd11bd4 elementor-section-boxed elementor-section-height-default elementor-section-height-default\" data-id=\"dd11bd4\" data-element_type=\"section\" data-e-type=\"section\">\n\t\t\t\t\t\t<div class=\"elementor-container elementor-column-gap-default\">\n\t\t\t\t\t<div class=\"elementor-column elementor-col-100 elementor-top-column elementor-element elementor-element-765ec32\" data-id=\"765ec32\" data-element_type=\"column\" data-e-type=\"column\">\n\t\t\t<div class=\"elementor-widget-wrap elementor-element-populated\">\n\t\t\t\t\t\t<div class=\"elementor-element elementor-element-d92b5bd elementor-widget elementor-widget-image\" data-id=\"d92b5bd\" data-element_type=\"widget\" data-e-type=\"widget\" data-widget_type=\"image.default\">\n\t\t\t\t<div class=\"elementor-widget-container\">\n\t\t\t\t\t\t\t\t\t\t\t\t\t\t\t<img fetchpriority=\"high\" decoding=\"async\" width=\"800\" height=\"374\" src=\"https:\/\/407artfoundation.org\/wp-content\/uploads\/2025\/04\/Zaproszenie-1318042025-1024x479.png\" class=\"attachment-large size-large wp-image-2447\" alt=\"\" srcset=\"https:\/\/407artfoundation.org\/wp-content\/uploads\/2025\/04\/Zaproszenie-1318042025-1024x479.png 1024w, https:\/\/407artfoundation.org\/wp-content\/uploads\/2025\/04\/Zaproszenie-1318042025-300x140.png 300w, https:\/\/407artfoundation.org\/wp-content\/uploads\/2025\/04\/Zaproszenie-1318042025-768x359.png 768w, https:\/\/407artfoundation.org\/wp-content\/uploads\/2025\/04\/Zaproszenie-1318042025-1536x718.png 1536w, https:\/\/407artfoundation.org\/wp-content\/uploads\/2025\/04\/Zaproszenie-1318042025-2048x957.png 2048w, https:\/\/407artfoundation.org\/wp-content\/uploads\/2025\/04\/Zaproszenie-1318042025-18x8.png 18w, https:\/\/407artfoundation.org\/wp-content\/uploads\/2025\/04\/Zaproszenie-1318042025-600x280.png 600w\" sizes=\"(max-width: 800px) 100vw, 800px\" \/>\t\t\t\t\t\t\t\t\t\t\t\t\t\t\t<\/div>\n\t\t\t\t<\/div>\n\t\t\t\t\t<\/div>\n\t\t<\/div>\n\t\t\t\t\t<\/div>\n\t\t<\/section>\n\t\t\t\t<section class=\"elementor-section elementor-top-section elementor-element elementor-element-b0ac550 elementor-section-boxed elementor-section-height-default elementor-section-height-default\" data-id=\"b0ac550\" data-element_type=\"section\" data-e-type=\"section\">\n\t\t\t\t\t\t<div class=\"elementor-container elementor-column-gap-default\">\n\t\t\t\t\t<div class=\"elementor-column elementor-col-100 elementor-top-column elementor-element elementor-element-530cce2\" data-id=\"530cce2\" data-element_type=\"column\" data-e-type=\"column\">\n\t\t\t<div class=\"elementor-widget-wrap elementor-element-populated\">\n\t\t\t\t\t\t<div class=\"elementor-element elementor-element-e6ac6a5 elementor-widget elementor-widget-video\" data-id=\"e6ac6a5\" data-element_type=\"widget\" data-e-type=\"widget\" data-settings=\"{&quot;youtube_url&quot;:&quot;https:\\\/\\\/youtu.be\\\/M1GlM3Lz1mc&quot;,&quot;video_type&quot;:&quot;youtube&quot;,&quot;controls&quot;:&quot;yes&quot;}\" data-widget_type=\"video.default\">\n\t\t\t\t<div class=\"elementor-widget-container\">\n\t\t\t\t\t\t\t<div class=\"elementor-wrapper elementor-open-inline\">\n\t\t\t<div class=\"elementor-video\"><\/div>\t\t<\/div>\n\t\t\t\t\t\t<\/div>\n\t\t\t\t<\/div>\n\t\t\t\t\t<\/div>\n\t\t<\/div>\n\t\t\t\t\t<\/div>\n\t\t<\/section>\n\t\t\t\t<\/div>\n\t\t","protected":false},"excerpt":{"rendered":"<p>Warsaw, April 4, 2025 Fundacja Wojciecha Cie\u015bniewskiego invitates to the FACES OF THE SOUL Exhibition in April 2025 We warmly invite you to view the new series of paintings by Wojciech Cie\u015bniewski, &#8220;FACES OF THE SOUL: Virtues and Sins&#8220;! Following the March opening at Z\u0142ota 44, the exhibition &#8220;Faces of the Soul: Virtues and Sins&#8221; [&hellip;]<\/p>\n","protected":false},"author":1,"featured_media":2403,"comment_status":"closed","ping_status":"open","sticky":false,"template":"","format":"standard","meta":{"give_campaign_id":0,"footnotes":""},"categories":[35],"tags":[109,110,107,106,108,59,49],"class_list":["post-2446","post","type-post","status-publish","format-standard","has-post-thumbnail","hentry","category-news","tag-ciesniewski","tag-kolekcjasztuki","tag-obliczaduszy","tag-wojciechciesniewski","tag-wystawa","tag-407artfoundation","tag-sztuka"],"yoast_head":"<!-- This site is optimized with the Yoast SEO plugin v27.5 - https:\/\/yoast.com\/product\/yoast-seo-wordpress\/ -->\n<title>Fundacja Wojciecha Cie\u015bniewskiego - Exhibition - 407artfoundation.org<\/title>\n<meta name=\"description\" content=\"W kwietniu 2025 wystawa \u201eOblicza Duszy: Cnoty i Grzechy\u201d dost\u0119pna publicznie w siedzibie Fundacji Wojciecha Cie\u015bniewskiego w Warszawie.\" \/>\n<meta name=\"robots\" content=\"index, follow, max-snippet:-1, max-image-preview:large, max-video-preview:-1\" \/>\n<link rel=\"canonical\" href=\"https:\/\/407artfoundation.org\/pl\/fundacja-wojciecha-ciesniewskiego-wystawa\/\" \/>\n<meta property=\"og:locale\" content=\"pl_PL\" \/>\n<meta property=\"og:type\" content=\"article\" \/>\n<meta property=\"og:title\" content=\"Fundacja Wojciecha Cie\u015bniewskiego - Exhibition - 407artfoundation.org\" \/>\n<meta property=\"og:description\" content=\"W kwietniu 2025 wystawa \u201eOblicza Duszy: Cnoty i Grzechy\u201d dost\u0119pna publicznie w siedzibie Fundacji Wojciecha Cie\u015bniewskiego w Warszawie.\" \/>\n<meta property=\"og:url\" content=\"https:\/\/407artfoundation.org\/pl\/fundacja-wojciecha-ciesniewskiego-wystawa\/\" \/>\n<meta property=\"og:site_name\" content=\"407artfoundation.org\" \/>\n<meta property=\"article:published_time\" content=\"2025-04-04T10:03:24+00:00\" \/>\n<meta property=\"article:modified_time\" content=\"2025-07-06T10:47:19+00:00\" \/>\n<meta property=\"og:image\" content=\"http:\/\/407artfoundation.org\/wp-content\/uploads\/2025\/03\/G2-scaled.jpg\" \/>\n\t<meta property=\"og:image:width\" content=\"2560\" \/>\n\t<meta property=\"og:image:height\" content=\"1703\" \/>\n\t<meta property=\"og:image:type\" content=\"image\/jpeg\" \/>\n<meta name=\"author\" content=\"407artfoundation.org\" \/>\n<meta name=\"twitter:card\" content=\"summary_large_image\" \/>\n<meta name=\"twitter:label1\" content=\"Napisane przez\" \/>\n\t<meta name=\"twitter:data1\" content=\"407artfoundation.org\" \/>\n\t<meta name=\"twitter:label2\" content=\"Szacowany czas czytania\" \/>\n\t<meta name=\"twitter:data2\" content=\"2 minuty\" \/>\n<script type=\"application\/ld+json\" class=\"yoast-schema-graph\">{\"@context\":\"https:\\\/\\\/schema.org\",\"@graph\":[{\"@type\":\"Article\",\"@id\":\"https:\\\/\\\/407artfoundation.org\\\/fundacja-wojciecha-ciesniewskiego-wystawa\\\/#article\",\"isPartOf\":{\"@id\":\"https:\\\/\\\/407artfoundation.org\\\/fundacja-wojciecha-ciesniewskiego-wystawa\\\/\"},\"author\":{\"name\":\"407artfoundation.org\",\"@id\":\"https:\\\/\\\/407artfoundation.org\\\/#\\\/schema\\\/person\\\/0bd96a4ddc93509429646206afc91a94\"},\"headline\":\"Fundacja Wojciecha Cie\u015bniewskiego &#8211; Exhibition\",\"datePublished\":\"2025-04-04T10:03:24+00:00\",\"dateModified\":\"2025-07-06T10:47:19+00:00\",\"mainEntityOfPage\":{\"@id\":\"https:\\\/\\\/407artfoundation.org\\\/fundacja-wojciecha-ciesniewskiego-wystawa\\\/\"},\"wordCount\":271,\"image\":{\"@id\":\"https:\\\/\\\/407artfoundation.org\\\/fundacja-wojciecha-ciesniewskiego-wystawa\\\/#primaryimage\"},\"thumbnailUrl\":\"https:\\\/\\\/407artfoundation.org\\\/wp-content\\\/uploads\\\/2025\\\/03\\\/G2-scaled.jpg\",\"keywords\":[\"#cie\u015bniewski\",\"#kolekcjasztuki\",\"#obliczaduszy\",\"#wojciechciesniewski\",\"#wystawa\",\"407artfoundation\",\"sztuka\"],\"articleSection\":[\"News\"],\"inLanguage\":\"pl-PL\"},{\"@type\":\"WebPage\",\"@id\":\"https:\\\/\\\/407artfoundation.org\\\/fundacja-wojciecha-ciesniewskiego-wystawa\\\/\",\"url\":\"https:\\\/\\\/407artfoundation.org\\\/fundacja-wojciecha-ciesniewskiego-wystawa\\\/\",\"name\":\"Fundacja Wojciecha Cie\u015bniewskiego - Exhibition - 407artfoundation.org\",\"isPartOf\":{\"@id\":\"https:\\\/\\\/407artfoundation.org\\\/#website\"},\"primaryImageOfPage\":{\"@id\":\"https:\\\/\\\/407artfoundation.org\\\/fundacja-wojciecha-ciesniewskiego-wystawa\\\/#primaryimage\"},\"image\":{\"@id\":\"https:\\\/\\\/407artfoundation.org\\\/fundacja-wojciecha-ciesniewskiego-wystawa\\\/#primaryimage\"},\"thumbnailUrl\":\"https:\\\/\\\/407artfoundation.org\\\/wp-content\\\/uploads\\\/2025\\\/03\\\/G2-scaled.jpg\",\"datePublished\":\"2025-04-04T10:03:24+00:00\",\"dateModified\":\"2025-07-06T10:47:19+00:00\",\"author\":{\"@id\":\"https:\\\/\\\/407artfoundation.org\\\/#\\\/schema\\\/person\\\/0bd96a4ddc93509429646206afc91a94\"},\"description\":\"W kwietniu 2025 wystawa \u201eOblicza Duszy: Cnoty i Grzechy\u201d dost\u0119pna publicznie w siedzibie Fundacji Wojciecha Cie\u015bniewskiego w Warszawie.\",\"breadcrumb\":{\"@id\":\"https:\\\/\\\/407artfoundation.org\\\/fundacja-wojciecha-ciesniewskiego-wystawa\\\/#breadcrumb\"},\"inLanguage\":\"pl-PL\",\"potentialAction\":[{\"@type\":\"ReadAction\",\"target\":[\"https:\\\/\\\/407artfoundation.org\\\/fundacja-wojciecha-ciesniewskiego-wystawa\\\/\"]}]},{\"@type\":\"ImageObject\",\"inLanguage\":\"pl-PL\",\"@id\":\"https:\\\/\\\/407artfoundation.org\\\/fundacja-wojciecha-ciesniewskiego-wystawa\\\/#primaryimage\",\"url\":\"https:\\\/\\\/407artfoundation.org\\\/wp-content\\\/uploads\\\/2025\\\/03\\\/G2-scaled.jpg\",\"contentUrl\":\"https:\\\/\\\/407artfoundation.org\\\/wp-content\\\/uploads\\\/2025\\\/03\\\/G2-scaled.jpg\",\"width\":2560,\"height\":1703,\"caption\":\"Fundacja Wojciecha Cie\u015bniewskiego\"},{\"@type\":\"BreadcrumbList\",\"@id\":\"https:\\\/\\\/407artfoundation.org\\\/fundacja-wojciecha-ciesniewskiego-wystawa\\\/#breadcrumb\",\"itemListElement\":[{\"@type\":\"ListItem\",\"position\":1,\"name\":\"Home\",\"item\":\"https:\\\/\\\/407artfoundation.org\\\/\"},{\"@type\":\"ListItem\",\"position\":2,\"name\":\"Fundacja Wojciecha Cie\u015bniewskiego &#8211; Exhibition\"}]},{\"@type\":\"WebSite\",\"@id\":\"https:\\\/\\\/407artfoundation.org\\\/#website\",\"url\":\"https:\\\/\\\/407artfoundation.org\\\/\",\"name\":\"407artfoundation.org\",\"description\":\"Promujemy polsk\u0105 sztuk\u0119 i kultur\u0119. \u0141\u0105czymy artyst\u00f3w z kolekcjonerami. Pomagamy budowa\u0107 warto\u015bciowe kolekcje sztuki. Organizujemy wyj\u0105tkowe wystawy w ramach cyklu &quot;Sztuka na Z\u0142otej44&quot;. Wspieramy inne organizacje i instytucje dzia\u0142aj\u0105ce na rzecz szerzenia kultury.\",\"potentialAction\":[{\"@type\":\"SearchAction\",\"target\":{\"@type\":\"EntryPoint\",\"urlTemplate\":\"https:\\\/\\\/407artfoundation.org\\\/?s={search_term_string}\"},\"query-input\":{\"@type\":\"PropertyValueSpecification\",\"valueRequired\":true,\"valueName\":\"search_term_string\"}}],\"inLanguage\":\"pl-PL\"},{\"@type\":\"Person\",\"@id\":\"https:\\\/\\\/407artfoundation.org\\\/#\\\/schema\\\/person\\\/0bd96a4ddc93509429646206afc91a94\",\"name\":\"407artfoundation.org\",\"image\":{\"@type\":\"ImageObject\",\"inLanguage\":\"pl-PL\",\"@id\":\"https:\\\/\\\/secure.gravatar.com\\\/avatar\\\/cc7356495ca39b5c14333ad62ce002fb13a47cbba40296ee58327f68bc960ec5?s=96&d=mm&r=g\",\"url\":\"https:\\\/\\\/secure.gravatar.com\\\/avatar\\\/cc7356495ca39b5c14333ad62ce002fb13a47cbba40296ee58327f68bc960ec5?s=96&d=mm&r=g\",\"contentUrl\":\"https:\\\/\\\/secure.gravatar.com\\\/avatar\\\/cc7356495ca39b5c14333ad62ce002fb13a47cbba40296ee58327f68bc960ec5?s=96&d=mm&r=g\",\"caption\":\"407artfoundation.org\"},\"sameAs\":[\"https:\\\/\\\/407artfoundation.org\"],\"url\":\"https:\\\/\\\/407artfoundation.org\\\/pl\\\/author\\\/407artfoundation-org\\\/\"}]}<\/script>\n<!-- \/ Yoast SEO plugin. -->","yoast_head_json":{"title":"Fundacja Wojciecha Cie\u015bniewskiego - Exhibition - 407artfoundation.org","description":"W kwietniu 2025 wystawa \u201eOblicza Duszy: Cnoty i Grzechy\u201d dost\u0119pna publicznie w siedzibie Fundacji Wojciecha Cie\u015bniewskiego w Warszawie.","robots":{"index":"index","follow":"follow","max-snippet":"max-snippet:-1","max-image-preview":"max-image-preview:large","max-video-preview":"max-video-preview:-1"},"canonical":"https:\/\/407artfoundation.org\/pl\/fundacja-wojciecha-ciesniewskiego-wystawa\/","og_locale":"pl_PL","og_type":"article","og_title":"Fundacja Wojciecha Cie\u015bniewskiego - Exhibition - 407artfoundation.org","og_description":"W kwietniu 2025 wystawa \u201eOblicza Duszy: Cnoty i Grzechy\u201d dost\u0119pna publicznie w siedzibie Fundacji Wojciecha Cie\u015bniewskiego w Warszawie.","og_url":"https:\/\/407artfoundation.org\/pl\/fundacja-wojciecha-ciesniewskiego-wystawa\/","og_site_name":"407artfoundation.org","article_published_time":"2025-04-04T10:03:24+00:00","article_modified_time":"2025-07-06T10:47:19+00:00","og_image":[{"width":2560,"height":1703,"url":"http:\/\/407artfoundation.org\/wp-content\/uploads\/2025\/03\/G2-scaled.jpg","type":"image\/jpeg"}],"author":"407artfoundation.org","twitter_card":"summary_large_image","twitter_misc":{"Napisane przez":"407artfoundation.org","Szacowany czas czytania":"2 minuty"},"schema":{"@context":"https:\/\/schema.org","@graph":[{"@type":"Article","@id":"https:\/\/407artfoundation.org\/fundacja-wojciecha-ciesniewskiego-wystawa\/#article","isPartOf":{"@id":"https:\/\/407artfoundation.org\/fundacja-wojciecha-ciesniewskiego-wystawa\/"},"author":{"name":"407artfoundation.org","@id":"https:\/\/407artfoundation.org\/#\/schema\/person\/0bd96a4ddc93509429646206afc91a94"},"headline":"Fundacja Wojciecha Cie\u015bniewskiego &#8211; Exhibition","datePublished":"2025-04-04T10:03:24+00:00","dateModified":"2025-07-06T10:47:19+00:00","mainEntityOfPage":{"@id":"https:\/\/407artfoundation.org\/fundacja-wojciecha-ciesniewskiego-wystawa\/"},"wordCount":271,"image":{"@id":"https:\/\/407artfoundation.org\/fundacja-wojciecha-ciesniewskiego-wystawa\/#primaryimage"},"thumbnailUrl":"https:\/\/407artfoundation.org\/wp-content\/uploads\/2025\/03\/G2-scaled.jpg","keywords":["#cie\u015bniewski","#kolekcjasztuki","#obliczaduszy","#wojciechciesniewski","#wystawa","407artfoundation","sztuka"],"articleSection":["News"],"inLanguage":"pl-PL"},{"@type":"WebPage","@id":"https:\/\/407artfoundation.org\/fundacja-wojciecha-ciesniewskiego-wystawa\/","url":"https:\/\/407artfoundation.org\/fundacja-wojciecha-ciesniewskiego-wystawa\/","name":"Fundacja Wojciecha Cie\u015bniewskiego - Exhibition - 407artfoundation.org","isPartOf":{"@id":"https:\/\/407artfoundation.org\/#website"},"primaryImageOfPage":{"@id":"https:\/\/407artfoundation.org\/fundacja-wojciecha-ciesniewskiego-wystawa\/#primaryimage"},"image":{"@id":"https:\/\/407artfoundation.org\/fundacja-wojciecha-ciesniewskiego-wystawa\/#primaryimage"},"thumbnailUrl":"https:\/\/407artfoundation.org\/wp-content\/uploads\/2025\/03\/G2-scaled.jpg","datePublished":"2025-04-04T10:03:24+00:00","dateModified":"2025-07-06T10:47:19+00:00","author":{"@id":"https:\/\/407artfoundation.org\/#\/schema\/person\/0bd96a4ddc93509429646206afc91a94"},"description":"W kwietniu 2025 wystawa \u201eOblicza Duszy: Cnoty i Grzechy\u201d dost\u0119pna publicznie w siedzibie Fundacji Wojciecha Cie\u015bniewskiego w Warszawie.","breadcrumb":{"@id":"https:\/\/407artfoundation.org\/fundacja-wojciecha-ciesniewskiego-wystawa\/#breadcrumb"},"inLanguage":"pl-PL","potentialAction":[{"@type":"ReadAction","target":["https:\/\/407artfoundation.org\/fundacja-wojciecha-ciesniewskiego-wystawa\/"]}]},{"@type":"ImageObject","inLanguage":"pl-PL","@id":"https:\/\/407artfoundation.org\/fundacja-wojciecha-ciesniewskiego-wystawa\/#primaryimage","url":"https:\/\/407artfoundation.org\/wp-content\/uploads\/2025\/03\/G2-scaled.jpg","contentUrl":"https:\/\/407artfoundation.org\/wp-content\/uploads\/2025\/03\/G2-scaled.jpg","width":2560,"height":1703,"caption":"Fundacja Wojciecha Cie\u015bniewskiego"},{"@type":"BreadcrumbList","@id":"https:\/\/407artfoundation.org\/fundacja-wojciecha-ciesniewskiego-wystawa\/#breadcrumb","itemListElement":[{"@type":"ListItem","position":1,"name":"Home","item":"https:\/\/407artfoundation.org\/"},{"@type":"ListItem","position":2,"name":"Fundacja Wojciecha Cie\u015bniewskiego &#8211; Exhibition"}]},{"@type":"WebSite","@id":"https:\/\/407artfoundation.org\/#website","url":"https:\/\/407artfoundation.org\/","name":"407artfoundation.org","description":"Promujemy polsk\u0105 sztuk\u0119 i kultur\u0119. \u0141\u0105czymy artyst\u00f3w z kolekcjonerami. Pomagamy budowa\u0107 warto\u015bciowe kolekcje sztuki. Organizujemy wyj\u0105tkowe wystawy w ramach cyklu &quot;Sztuka na Z\u0142otej44&quot;. Wspieramy inne organizacje i instytucje dzia\u0142aj\u0105ce na rzecz szerzenia kultury.","potentialAction":[{"@type":"SearchAction","target":{"@type":"EntryPoint","urlTemplate":"https:\/\/407artfoundation.org\/?s={search_term_string}"},"query-input":{"@type":"PropertyValueSpecification","valueRequired":true,"valueName":"search_term_string"}}],"inLanguage":"pl-PL"},{"@type":"Person","@id":"https:\/\/407artfoundation.org\/#\/schema\/person\/0bd96a4ddc93509429646206afc91a94","name":"407artfoundation.org","image":{"@type":"ImageObject","inLanguage":"pl-PL","@id":"https:\/\/secure.gravatar.com\/avatar\/cc7356495ca39b5c14333ad62ce002fb13a47cbba40296ee58327f68bc960ec5?s=96&d=mm&r=g","url":"https:\/\/secure.gravatar.com\/avatar\/cc7356495ca39b5c14333ad62ce002fb13a47cbba40296ee58327f68bc960ec5?s=96&d=mm&r=g","contentUrl":"https:\/\/secure.gravatar.com\/avatar\/cc7356495ca39b5c14333ad62ce002fb13a47cbba40296ee58327f68bc960ec5?s=96&d=mm&r=g","caption":"407artfoundation.org"},"sameAs":["https:\/\/407artfoundation.org"],"url":"https:\/\/407artfoundation.org\/pl\/author\/407artfoundation-org\/"}]}},"_links":{"self":[{"href":"https:\/\/407artfoundation.org\/pl\/wp-json\/wp\/v2\/posts\/2446","targetHints":{"allow":["GET"]}}],"collection":[{"href":"https:\/\/407artfoundation.org\/pl\/wp-json\/wp\/v2\/posts"}],"about":[{"href":"https:\/\/407artfoundation.org\/pl\/wp-json\/wp\/v2\/types\/post"}],"author":[{"embeddable":true,"href":"https:\/\/407artfoundation.org\/pl\/wp-json\/wp\/v2\/users\/1"}],"replies":[{"embeddable":true,"href":"https:\/\/407artfoundation.org\/pl\/wp-json\/wp\/v2\/comments?post=2446"}],"version-history":[{"count":14,"href":"https:\/\/407artfoundation.org\/pl\/wp-json\/wp\/v2\/posts\/2446\/revisions"}],"predecessor-version":[{"id":2891,"href":"https:\/\/407artfoundation.org\/pl\/wp-json\/wp\/v2\/posts\/2446\/revisions\/2891"}],"wp:featuredmedia":[{"embeddable":true,"href":"https:\/\/407artfoundation.org\/pl\/wp-json\/wp\/v2\/media\/2403"}],"wp:attachment":[{"href":"https:\/\/407artfoundation.org\/pl\/wp-json\/wp\/v2\/media?parent=2446"}],"wp:term":[{"taxonomy":"category","embeddable":true,"href":"https:\/\/407artfoundation.org\/pl\/wp-json\/wp\/v2\/categories?post=2446"},{"taxonomy":"post_tag","embeddable":true,"href":"https:\/\/407artfoundation.org\/pl\/wp-json\/wp\/v2\/tags?post=2446"}],"curies":[{"name":"wp","href":"https:\/\/api.w.org\/{rel}","templated":true}]}}