{"id":2313,"date":"2025-02-01T18:33:15","date_gmt":"2025-02-01T17:33:15","guid":{"rendered":"https:\/\/407artfoundation.org\/?p=2313"},"modified":"2025-07-04T17:45:39","modified_gmt":"2025-07-04T15:45:39","slug":"sadkowski-i-wspolnicy-partnerem-strategicznym","status":"publish","type":"post","link":"https:\/\/407artfoundation.org\/pl\/sadkowski-i-wspolnicy-partnerem-strategicznym\/","title":{"rendered":"Kancelaria Prawna Sadkowski i Wsp\u00f3lnicy zosta\u0142a Partnerem Strategicznym"},"content":{"rendered":"\t\t<div data-elementor-type=\"wp-post\" data-elementor-id=\"2313\" class=\"elementor elementor-2313\" data-elementor-post-type=\"post\">\n\t\t\t\t\t\t<section class=\"elementor-section elementor-top-section elementor-element elementor-element-1416f284 elementor-section-boxed elementor-section-height-default elementor-section-height-default\" data-id=\"1416f284\" data-element_type=\"section\" data-e-type=\"section\">\n\t\t\t\t\t\t<div class=\"elementor-container elementor-column-gap-default\">\n\t\t\t\t\t<div class=\"elementor-column elementor-col-100 elementor-top-column elementor-element elementor-element-6aa9d31e\" data-id=\"6aa9d31e\" data-element_type=\"column\" data-e-type=\"column\">\n\t\t\t<div class=\"elementor-widget-wrap elementor-element-populated\">\n\t\t\t\t\t\t<div class=\"elementor-element elementor-element-7c5591b6 elementor-widget elementor-widget-text-editor\" data-id=\"7c5591b6\" data-element_type=\"widget\" data-e-type=\"widget\" data-widget_type=\"text-editor.default\">\n\t\t\t\t<div class=\"elementor-widget-container\">\n\t\t\t\t\t\t\t\t\t<p>Warsaw, February 1, 2025<\/p><div class=\"flex-1 overflow-hidden masked-content\"><div class=\"h-full\"><div class=\"react-scroll-to-bottom--css-hwjsk-79elbk h-full\"><div class=\"react-scroll-to-bottom--css-hwjsk-1n7m0yu\"><div class=\"flex flex-col text-sm pb-[120px]\"><article class=\"w-full text-token-text-primary focus-visible:outline-2 focus-visible:outline-offset-[-4px]\" dir=\"auto\" data-testid=\"conversation-turn-93\" data-scroll-anchor=\"true\"><div class=\"text-base py-[18px] m-auto md:px-5 w-full px-3 lg:px-0\"><div class=\"mx-auto flex flex-1 gap-4 text-base md:gap-5 lg:gap-6 md:max-w-3xl lg:max-w-[40rem] xl:max-w-[48rem]\"><div class=\"group\/conversation-turn relative flex w-full min-w-0 flex-col agent-turn\"><div class=\"flex-col gap-1 md:gap-3\"><div class=\"flex max-w-full flex-col flex-grow\"><div class=\"min-h-[20px] text-message flex w-full flex-col items-end gap-2 break-words [.text-message+&amp;]:mt-5 overflow-x-auto whitespace-normal\" dir=\"auto\" data-message-author-role=\"assistant\" data-message-id=\"f5c8fe7e-3ad9-40f5-b10b-38064724874d\"><div class=\"flex w-full flex-col gap-1 empty:hidden first:pt-[3px]\"><div class=\"markdown prose w-full break-words dark:prose-invert light\"><div class=\"flex-1 overflow-hidden @container\/thread\"><div class=\"h-full\"><div class=\"react-scroll-to-bottom--css-kegfn-79elbk h-full\"><div class=\"react-scroll-to-bottom--css-kegfn-1n7m0yu\"><div class=\"flex flex-col text-sm md:pb-9\"><article class=\"w-full scroll-mb-[var(--thread-trailing-height,150px)] text-token-text-primary focus-visible:outline-2 focus-visible:outline-offset-[-4px]\" dir=\"auto\" data-testid=\"conversation-turn-17\" data-scroll-anchor=\"true\"><div class=\"m-auto text-base py-[18px] px-3 md:px-4 w-full md:px-5 lg:px-4 xl:px-5\"><div class=\"mx-auto flex flex-1 gap-4 text-base md:gap-5 lg:gap-6 md:max-w-3xl lg:max-w-[40rem] xl:max-w-[48rem]\"><div class=\"group\/conversation-turn relative flex w-full min-w-0 flex-col agent-turn\"><div class=\"flex-col gap-1 md:gap-3\"><div class=\"flex max-w-full flex-col flex-grow\"><div class=\"min-h-8 text-message flex w-full flex-col items-end gap-2 whitespace-normal break-words text-start [.text-message+&amp;]:mt-5\" dir=\"auto\" data-message-author-role=\"assistant\" data-message-id=\"41f5e8d5-6e96-4dbf-b5af-3de4ba5dfc56\" data-message-model-slug=\"gpt-4o\"><div class=\"flex w-full flex-col gap-1 empty:hidden first:pt-[3px]\"><div class=\"markdown prose w-full break-words dark:prose-invert light\"><h2>Sadkowski &amp; Partners Strategic Patronage<\/h2><p>We are proud to announce that the Law Firm <a href=\"https:\/\/sadkowskiiwspolnicy.pl\/\">Sadkowski i Wsp\u00f3lnicy<\/a> has become the strategic patron of painting exhibition. Wojciech Cie\u015bniewski &#8211; <a href=\"https:\/\/407artfoundation.org\/pl\/faces-of-the-soul-virtues-and-sins\/\"><em>Faces of the Soul: Virtues and Sins<\/em><\/a>, will be open to the public from March 2025.\u00a0<\/p><p>The <a href=\"https:\/\/youtu.be\/TW9-DNe4bkc?si=2M_95G0A1RVejNFz\">grand opening<\/a> and the premiere of the collection will take place at the prestigious Z\u0142ota 44. The skyscraper is a venue that perfectly reflects the significance of this event.<\/p><p><a href=\"https:\/\/wm.asp.waw.pl\/zespol\/prof-wojciech-ciesniewski\/\">Wojciech Cie\u015bniewski<\/a> is recognized as one of the most outstanding contemporary painters. He presents a new, original series exploring universal themes related to human nature, morality, and emotions. His art, known for its depth of interpretation and masterful execution, stands as a testament to the highest artistic standards.<\/p><p>The exhibition has also received honorary patronage from the Academy of Fine Arts in Warsaw and the Mayor of the \u015ar\u00f3dmie\u015bcie district of Warsaw, underscoring its importance to Polish culture and contemporary art.<\/p><p><em>Faces of the Soul: Virtues and Sins<\/em> is an event designed for art lovers who appreciate ambitious and meaningful cultural initiatives.<\/p><\/div><h2 data-start=\"144\" data-end=\"380\">Sadkowski i Wsp\u00f3lnicy &#8211; Art Branding<\/h2><p data-start=\"144\" data-end=\"380\">The partnership with Sadkowski &amp; Partners is also part of the Foundation\u2019s new initiative &#8211; <a href=\"https:\/\/407artfoundation.org\/pl\/art-branding\/\"><strong data-start=\"236\" data-end=\"267\">Art Branding for Businesses<\/strong><\/a>. Through this program, we connect the world of art and business to create meaningful, long-term relationships.<\/p><p data-start=\"382\" data-end=\"569\">Today, more companies understand that supporting culture is more than image-building. It is a <strong data-start=\"476\" data-end=\"532\">conscious commitment to preserving national heritage<\/strong> and empowering contemporary artists.<\/p><p data-start=\"571\" data-end=\"730\">That\u2019s why the 407 Art Foundation invites other brands to collaborate.<br data-start=\"641\" data-end=\"644\" \/>Together, we can build a culture that inspires, educates, and leaves a lasting impact.<\/p><p data-start=\"732\" data-end=\"804\"><a href=\"https:\/\/407artfoundation.org\/pl\/contact\/\">Contact us<\/a> to explore the possibilities of our <strong data-start=\"779\" data-end=\"795\">Art Branding<\/strong> program.<\/p><\/div><\/div><\/div><\/div><\/div><\/div><\/div><\/article><\/div><\/div><\/div><\/div><\/div><\/div><\/div><\/div><\/div><\/div><\/div><\/div><\/div><\/article><\/div><\/div><\/div><\/div><\/div>\t\t\t\t\t\t\t\t<\/div>\n\t\t\t\t<\/div>\n\t\t\t\t\t<\/div>\n\t\t<\/div>\n\t\t\t\t\t<\/div>\n\t\t<\/section>\n\t\t\t\t<section class=\"elementor-section elementor-top-section elementor-element elementor-element-203574b elementor-section-boxed elementor-section-height-default elementor-section-height-default\" data-id=\"203574b\" data-element_type=\"section\" data-e-type=\"section\">\n\t\t\t\t\t\t<div class=\"elementor-container elementor-column-gap-default\">\n\t\t\t\t\t<div class=\"elementor-column elementor-col-100 elementor-top-column elementor-element elementor-element-0b333e3\" data-id=\"0b333e3\" data-element_type=\"column\" data-e-type=\"column\">\n\t\t\t<div class=\"elementor-widget-wrap elementor-element-populated\">\n\t\t\t\t\t\t<div class=\"elementor-element elementor-element-65b4976 elementor-widget elementor-widget-heading\" data-id=\"65b4976\" data-element_type=\"widget\" data-e-type=\"widget\" data-widget_type=\"heading.default\">\n\t\t\t\t<div class=\"elementor-widget-container\">\n\t\t\t\t\t<h2 class=\"elementor-heading-title elementor-size-default\">Sadkowski i Wsp\u00f3lnicy \u2013 Protecting Your Growth<\/h2>\t\t\t\t<\/div>\n\t\t\t\t<\/div>\n\t\t\t\t\t<\/div>\n\t\t<\/div>\n\t\t\t\t\t<\/div>\n\t\t<\/section>\n\t\t\t\t<section class=\"elementor-section elementor-top-section elementor-element elementor-element-58db163 elementor-section-boxed elementor-section-height-default elementor-section-height-default\" data-id=\"58db163\" data-element_type=\"section\" data-e-type=\"section\">\n\t\t\t\t\t\t<div class=\"elementor-container elementor-column-gap-default\">\n\t\t\t\t\t<div class=\"elementor-column elementor-col-100 elementor-top-column elementor-element elementor-element-4adcdfe\" data-id=\"4adcdfe\" data-element_type=\"column\" data-e-type=\"column\">\n\t\t\t<div class=\"elementor-widget-wrap elementor-element-populated\">\n\t\t\t\t\t\t<div class=\"elementor-element elementor-element-3b44ba0 elementor-widget elementor-widget-text-editor\" data-id=\"3b44ba0\" data-element_type=\"widget\" data-e-type=\"widget\" data-widget_type=\"text-editor.default\">\n\t\t\t\t<div class=\"elementor-widget-container\">\n\t\t\t\t\t\t\t\t\t<p><strong>Sadkowski i Wsp\u00f3lnicy<\/strong> is one of Poland\u2019s leading law firms, providing top-tier legal services to both Polish and international clients. With over 20 years of experience, the firm has built a strong reputation by combining in-depth legal expertise with a pragmatic approach to business needs.<\/p><p>For more information, visit <a href=\"https:\/\/sadkowskiiwspolnicy.pl\" target=\"_new\" rel=\"noopener\">sadkowskiiwspolnicy.pl<\/a><\/p>\t\t\t\t\t\t\t\t<\/div>\n\t\t\t\t<\/div>\n\t\t\t\t\t<\/div>\n\t\t<\/div>\n\t\t\t\t\t<\/div>\n\t\t<\/section>\n\t\t\t\t<section class=\"elementor-section elementor-top-section elementor-element elementor-element-e3535ab elementor-section-boxed elementor-section-height-default elementor-section-height-default\" data-id=\"e3535ab\" data-element_type=\"section\" data-e-type=\"section\">\n\t\t\t\t\t\t<div class=\"elementor-container elementor-column-gap-default\">\n\t\t\t\t\t<div class=\"elementor-column elementor-col-50 elementor-top-column elementor-element elementor-element-a54f608\" data-id=\"a54f608\" data-element_type=\"column\" data-e-type=\"column\">\n\t\t\t<div class=\"elementor-widget-wrap elementor-element-populated\">\n\t\t\t\t\t\t<div class=\"elementor-element elementor-element-914279d elementor-widget__width-initial elementor-widget elementor-widget-image\" data-id=\"914279d\" data-element_type=\"widget\" data-e-type=\"widget\" data-widget_type=\"image.default\">\n\t\t\t\t<div class=\"elementor-widget-container\">\n\t\t\t\t\t\t\t\t\t\t\t\t\t\t\t<img fetchpriority=\"high\" decoding=\"async\" width=\"800\" height=\"800\" src=\"https:\/\/407artfoundation.org\/wp-content\/uploads\/2025\/01\/PL_IG_Post_square-1024x1024.jpg\" class=\"attachment-large size-large wp-image-2245\" alt=\"Wojciech Cie\u015bniewski\" srcset=\"https:\/\/407artfoundation.org\/wp-content\/uploads\/2025\/01\/PL_IG_Post_square-1024x1024.jpg 1024w, https:\/\/407artfoundation.org\/wp-content\/uploads\/2025\/01\/PL_IG_Post_square-300x300.jpg 300w, https:\/\/407artfoundation.org\/wp-content\/uploads\/2025\/01\/PL_IG_Post_square-150x150.jpg 150w, https:\/\/407artfoundation.org\/wp-content\/uploads\/2025\/01\/PL_IG_Post_square-768x768.jpg 768w, https:\/\/407artfoundation.org\/wp-content\/uploads\/2025\/01\/PL_IG_Post_square-12x12.jpg 12w, https:\/\/407artfoundation.org\/wp-content\/uploads\/2025\/01\/PL_IG_Post_square-600x600.jpg 600w, https:\/\/407artfoundation.org\/wp-content\/uploads\/2025\/01\/PL_IG_Post_square-100x100.jpg 100w, https:\/\/407artfoundation.org\/wp-content\/uploads\/2025\/01\/PL_IG_Post_square.jpg 1080w\" sizes=\"(max-width: 800px) 100vw, 800px\" \/>\t\t\t\t\t\t\t\t\t\t\t\t\t\t\t<\/div>\n\t\t\t\t<\/div>\n\t\t\t\t<div class=\"elementor-element elementor-element-17a6a10 elementor-widget elementor-widget-image\" data-id=\"17a6a10\" data-element_type=\"widget\" data-e-type=\"widget\" data-widget_type=\"image.default\">\n\t\t\t\t<div class=\"elementor-widget-container\">\n\t\t\t\t\t\t\t\t\t\t\t\t\t\t\t<img decoding=\"async\" width=\"800\" height=\"441\" src=\"https:\/\/407artfoundation.org\/wp-content\/uploads\/2025\/02\/Logo-20-lecie-JPG-1024x564.jpg\" class=\"attachment-large size-large wp-image-2314\" alt=\"Sadkowski i Wsp\u00f3lnicy\" srcset=\"https:\/\/407artfoundation.org\/wp-content\/uploads\/2025\/02\/Logo-20-lecie-JPG-1024x564.jpg 1024w, https:\/\/407artfoundation.org\/wp-content\/uploads\/2025\/02\/Logo-20-lecie-JPG-300x165.jpg 300w, https:\/\/407artfoundation.org\/wp-content\/uploads\/2025\/02\/Logo-20-lecie-JPG-768x423.jpg 768w, https:\/\/407artfoundation.org\/wp-content\/uploads\/2025\/02\/Logo-20-lecie-JPG-18x10.jpg 18w, https:\/\/407artfoundation.org\/wp-content\/uploads\/2025\/02\/Logo-20-lecie-JPG-600x330.jpg 600w, https:\/\/407artfoundation.org\/wp-content\/uploads\/2025\/02\/Logo-20-lecie-JPG.jpg 1250w\" sizes=\"(max-width: 800px) 100vw, 800px\" \/>\t\t\t\t\t\t\t\t\t\t\t\t\t\t\t<\/div>\n\t\t\t\t<\/div>\n\t\t\t\t\t<\/div>\n\t\t<\/div>\n\t\t\t\t<div class=\"elementor-column elementor-col-50 elementor-top-column elementor-element elementor-element-22b7865\" data-id=\"22b7865\" data-element_type=\"column\" data-e-type=\"column\">\n\t\t\t<div class=\"elementor-widget-wrap\">\n\t\t\t\t\t\t\t<\/div>\n\t\t<\/div>\n\t\t\t\t\t<\/div>\n\t\t<\/section>\n\t\t\t\t<\/div>\n\t\t","protected":false},"excerpt":{"rendered":"<p>Warsaw, February 1, 2025 We are proud to announce that the law firm Sadkowski i Wsp\u00f3lnicy has become the strategic patron of Wojciech Cie\u015bniewski\u2019s painting exhibition, Faces of the Soul: Virtues and Sins, which will be open to the public from March 2025 until the summer of 2026.The grand opening and the premiere of the [&hellip;]<\/p>\n","protected":false},"author":1,"featured_media":2352,"comment_status":"closed","ping_status":"open","sticky":false,"template":"","format":"standard","meta":{"give_campaign_id":0,"footnotes":""},"categories":[35],"tags":[119,107,117,116,118,106,59],"class_list":["post-2313","post","type-post","status-publish","format-standard","has-post-thumbnail","hentry","category-news","tag-doradztwoprawnesadkowskiiwspolnicy","tag-obliczaduszy","tag-patronat","tag-sadkowskiiwspolnicy","tag-sztukanazlotej44","tag-wojciechciesniewski","tag-407artfoundation"],"yoast_head":"<!-- This site is optimized with the Yoast SEO plugin v27.5 - https:\/\/yoast.com\/product\/yoast-seo-wordpress\/ -->\n<title>Sadkowski i Wsp\u00f3lnicy Law Firm became a Strategic Partner - 407artfoundation.org<\/title>\n<meta name=\"description\" content=\"Kancelaria Sadkowski i Wsp\u00f3lnicy zosta\u0142a Partnerem Strategicznym wystawy \u201eOblicza Duszy: Cnoty i Grzechy\u201d Wojciecha Cie\u015bniewskiego.\" \/>\n<meta name=\"robots\" content=\"index, follow, max-snippet:-1, max-image-preview:large, max-video-preview:-1\" \/>\n<link rel=\"canonical\" href=\"https:\/\/407artfoundation.org\/pl\/sadkowski-i-wspolnicy-partnerem-strategicznym\/\" \/>\n<meta property=\"og:locale\" content=\"pl_PL\" \/>\n<meta property=\"og:type\" content=\"article\" \/>\n<meta property=\"og:title\" content=\"Sadkowski i Wsp\u00f3lnicy Law Firm became a Strategic Partner - 407artfoundation.org\" \/>\n<meta property=\"og:description\" content=\"Kancelaria Sadkowski i Wsp\u00f3lnicy zosta\u0142a Partnerem Strategicznym wystawy \u201eOblicza Duszy: Cnoty i Grzechy\u201d Wojciecha Cie\u015bniewskiego.\" \/>\n<meta property=\"og:url\" content=\"https:\/\/407artfoundation.org\/pl\/sadkowski-i-wspolnicy-partnerem-strategicznym\/\" \/>\n<meta property=\"og:site_name\" content=\"407artfoundation.org\" \/>\n<meta property=\"article:published_time\" content=\"2025-02-01T17:33:15+00:00\" \/>\n<meta property=\"article:modified_time\" content=\"2025-07-04T15:45:39+00:00\" \/>\n<meta property=\"og:image\" content=\"http:\/\/407artfoundation.org\/wp-content\/uploads\/2025\/02\/IMG_7653.jpg\" \/>\n\t<meta property=\"og:image:width\" content=\"633\" \/>\n\t<meta property=\"og:image:height\" content=\"381\" \/>\n\t<meta property=\"og:image:type\" content=\"image\/jpeg\" \/>\n<meta name=\"author\" content=\"407artfoundation.org\" \/>\n<meta name=\"twitter:card\" content=\"summary_large_image\" \/>\n<meta name=\"twitter:label1\" content=\"Napisane przez\" \/>\n\t<meta name=\"twitter:data1\" content=\"407artfoundation.org\" \/>\n\t<meta name=\"twitter:label2\" content=\"Szacowany czas czytania\" \/>\n\t<meta name=\"twitter:data2\" content=\"2 minuty\" \/>\n<script type=\"application\/ld+json\" class=\"yoast-schema-graph\">{\"@context\":\"https:\\\/\\\/schema.org\",\"@graph\":[{\"@type\":\"Article\",\"@id\":\"https:\\\/\\\/407artfoundation.org\\\/sadkowski-i-wspolnicy-partnerem-strategicznym\\\/#article\",\"isPartOf\":{\"@id\":\"https:\\\/\\\/407artfoundation.org\\\/sadkowski-i-wspolnicy-partnerem-strategicznym\\\/\"},\"author\":{\"name\":\"407artfoundation.org\",\"@id\":\"https:\\\/\\\/407artfoundation.org\\\/#\\\/schema\\\/person\\\/0bd96a4ddc93509429646206afc91a94\"},\"headline\":\"Sadkowski i Wsp\u00f3lnicy Law Firm became a Strategic Partner\",\"datePublished\":\"2025-02-01T17:33:15+00:00\",\"dateModified\":\"2025-07-04T15:45:39+00:00\",\"mainEntityOfPage\":{\"@id\":\"https:\\\/\\\/407artfoundation.org\\\/sadkowski-i-wspolnicy-partnerem-strategicznym\\\/\"},\"wordCount\":247,\"image\":{\"@id\":\"https:\\\/\\\/407artfoundation.org\\\/sadkowski-i-wspolnicy-partnerem-strategicznym\\\/#primaryimage\"},\"thumbnailUrl\":\"https:\\\/\\\/407artfoundation.org\\\/wp-content\\\/uploads\\\/2025\\\/02\\\/IMG_7653.jpg\",\"keywords\":[\"#doradztwoprawneSadkowskiiWspolnicy\",\"#obliczaduszy\",\"#Patronat\",\"#sadkowskiiwspolnicy\",\"#SztukaNaZ\u0142otej44\",\"#wojciechciesniewski\",\"407artfoundation\"],\"articleSection\":[\"News\"],\"inLanguage\":\"pl-PL\"},{\"@type\":\"WebPage\",\"@id\":\"https:\\\/\\\/407artfoundation.org\\\/sadkowski-i-wspolnicy-partnerem-strategicznym\\\/\",\"url\":\"https:\\\/\\\/407artfoundation.org\\\/sadkowski-i-wspolnicy-partnerem-strategicznym\\\/\",\"name\":\"Sadkowski i Wsp\u00f3lnicy Law Firm became a Strategic Partner - 407artfoundation.org\",\"isPartOf\":{\"@id\":\"https:\\\/\\\/407artfoundation.org\\\/#website\"},\"primaryImageOfPage\":{\"@id\":\"https:\\\/\\\/407artfoundation.org\\\/sadkowski-i-wspolnicy-partnerem-strategicznym\\\/#primaryimage\"},\"image\":{\"@id\":\"https:\\\/\\\/407artfoundation.org\\\/sadkowski-i-wspolnicy-partnerem-strategicznym\\\/#primaryimage\"},\"thumbnailUrl\":\"https:\\\/\\\/407artfoundation.org\\\/wp-content\\\/uploads\\\/2025\\\/02\\\/IMG_7653.jpg\",\"datePublished\":\"2025-02-01T17:33:15+00:00\",\"dateModified\":\"2025-07-04T15:45:39+00:00\",\"author\":{\"@id\":\"https:\\\/\\\/407artfoundation.org\\\/#\\\/schema\\\/person\\\/0bd96a4ddc93509429646206afc91a94\"},\"description\":\"Kancelaria Sadkowski i Wsp\u00f3lnicy zosta\u0142a Partnerem Strategicznym wystawy \u201eOblicza Duszy: Cnoty i Grzechy\u201d Wojciecha Cie\u015bniewskiego.\",\"breadcrumb\":{\"@id\":\"https:\\\/\\\/407artfoundation.org\\\/sadkowski-i-wspolnicy-partnerem-strategicznym\\\/#breadcrumb\"},\"inLanguage\":\"pl-PL\",\"potentialAction\":[{\"@type\":\"ReadAction\",\"target\":[\"https:\\\/\\\/407artfoundation.org\\\/sadkowski-i-wspolnicy-partnerem-strategicznym\\\/\"]}]},{\"@type\":\"ImageObject\",\"inLanguage\":\"pl-PL\",\"@id\":\"https:\\\/\\\/407artfoundation.org\\\/sadkowski-i-wspolnicy-partnerem-strategicznym\\\/#primaryimage\",\"url\":\"https:\\\/\\\/407artfoundation.org\\\/wp-content\\\/uploads\\\/2025\\\/02\\\/IMG_7653.jpg\",\"contentUrl\":\"https:\\\/\\\/407artfoundation.org\\\/wp-content\\\/uploads\\\/2025\\\/02\\\/IMG_7653.jpg\",\"width\":633,\"height\":381,\"caption\":\"Sadkowski i Wsp\u00f3lnicy\"},{\"@type\":\"BreadcrumbList\",\"@id\":\"https:\\\/\\\/407artfoundation.org\\\/sadkowski-i-wspolnicy-partnerem-strategicznym\\\/#breadcrumb\",\"itemListElement\":[{\"@type\":\"ListItem\",\"position\":1,\"name\":\"Home\",\"item\":\"https:\\\/\\\/407artfoundation.org\\\/\"},{\"@type\":\"ListItem\",\"position\":2,\"name\":\"Sadkowski i Wsp\u00f3lnicy Law Firm became a Strategic Partner\"}]},{\"@type\":\"WebSite\",\"@id\":\"https:\\\/\\\/407artfoundation.org\\\/#website\",\"url\":\"https:\\\/\\\/407artfoundation.org\\\/\",\"name\":\"407artfoundation.org\",\"description\":\"Promujemy polsk\u0105 sztuk\u0119 i kultur\u0119. \u0141\u0105czymy artyst\u00f3w z kolekcjonerami. Pomagamy budowa\u0107 warto\u015bciowe kolekcje sztuki. Organizujemy wyj\u0105tkowe wystawy w ramach cyklu &quot;Sztuka na Z\u0142otej44&quot;. Wspieramy inne organizacje i instytucje dzia\u0142aj\u0105ce na rzecz szerzenia kultury.\",\"potentialAction\":[{\"@type\":\"SearchAction\",\"target\":{\"@type\":\"EntryPoint\",\"urlTemplate\":\"https:\\\/\\\/407artfoundation.org\\\/?s={search_term_string}\"},\"query-input\":{\"@type\":\"PropertyValueSpecification\",\"valueRequired\":true,\"valueName\":\"search_term_string\"}}],\"inLanguage\":\"pl-PL\"},{\"@type\":\"Person\",\"@id\":\"https:\\\/\\\/407artfoundation.org\\\/#\\\/schema\\\/person\\\/0bd96a4ddc93509429646206afc91a94\",\"name\":\"407artfoundation.org\",\"image\":{\"@type\":\"ImageObject\",\"inLanguage\":\"pl-PL\",\"@id\":\"https:\\\/\\\/secure.gravatar.com\\\/avatar\\\/cc7356495ca39b5c14333ad62ce002fb13a47cbba40296ee58327f68bc960ec5?s=96&d=mm&r=g\",\"url\":\"https:\\\/\\\/secure.gravatar.com\\\/avatar\\\/cc7356495ca39b5c14333ad62ce002fb13a47cbba40296ee58327f68bc960ec5?s=96&d=mm&r=g\",\"contentUrl\":\"https:\\\/\\\/secure.gravatar.com\\\/avatar\\\/cc7356495ca39b5c14333ad62ce002fb13a47cbba40296ee58327f68bc960ec5?s=96&d=mm&r=g\",\"caption\":\"407artfoundation.org\"},\"sameAs\":[\"https:\\\/\\\/407artfoundation.org\"],\"url\":\"https:\\\/\\\/407artfoundation.org\\\/pl\\\/author\\\/407artfoundation-org\\\/\"}]}<\/script>\n<!-- \/ Yoast SEO plugin. -->","yoast_head_json":{"title":"Sadkowski i Wsp\u00f3lnicy Law Firm became a Strategic Partner - 407artfoundation.org","description":"Kancelaria Sadkowski i Wsp\u00f3lnicy zosta\u0142a Partnerem Strategicznym wystawy \u201eOblicza Duszy: Cnoty i Grzechy\u201d Wojciecha Cie\u015bniewskiego.","robots":{"index":"index","follow":"follow","max-snippet":"max-snippet:-1","max-image-preview":"max-image-preview:large","max-video-preview":"max-video-preview:-1"},"canonical":"https:\/\/407artfoundation.org\/pl\/sadkowski-i-wspolnicy-partnerem-strategicznym\/","og_locale":"pl_PL","og_type":"article","og_title":"Sadkowski i Wsp\u00f3lnicy Law Firm became a Strategic Partner - 407artfoundation.org","og_description":"Kancelaria Sadkowski i Wsp\u00f3lnicy zosta\u0142a Partnerem Strategicznym wystawy \u201eOblicza Duszy: Cnoty i Grzechy\u201d Wojciecha Cie\u015bniewskiego.","og_url":"https:\/\/407artfoundation.org\/pl\/sadkowski-i-wspolnicy-partnerem-strategicznym\/","og_site_name":"407artfoundation.org","article_published_time":"2025-02-01T17:33:15+00:00","article_modified_time":"2025-07-04T15:45:39+00:00","og_image":[{"width":633,"height":381,"url":"http:\/\/407artfoundation.org\/wp-content\/uploads\/2025\/02\/IMG_7653.jpg","type":"image\/jpeg"}],"author":"407artfoundation.org","twitter_card":"summary_large_image","twitter_misc":{"Napisane przez":"407artfoundation.org","Szacowany czas czytania":"2 minuty"},"schema":{"@context":"https:\/\/schema.org","@graph":[{"@type":"Article","@id":"https:\/\/407artfoundation.org\/sadkowski-i-wspolnicy-partnerem-strategicznym\/#article","isPartOf":{"@id":"https:\/\/407artfoundation.org\/sadkowski-i-wspolnicy-partnerem-strategicznym\/"},"author":{"name":"407artfoundation.org","@id":"https:\/\/407artfoundation.org\/#\/schema\/person\/0bd96a4ddc93509429646206afc91a94"},"headline":"Sadkowski i Wsp\u00f3lnicy Law Firm became a Strategic Partner","datePublished":"2025-02-01T17:33:15+00:00","dateModified":"2025-07-04T15:45:39+00:00","mainEntityOfPage":{"@id":"https:\/\/407artfoundation.org\/sadkowski-i-wspolnicy-partnerem-strategicznym\/"},"wordCount":247,"image":{"@id":"https:\/\/407artfoundation.org\/sadkowski-i-wspolnicy-partnerem-strategicznym\/#primaryimage"},"thumbnailUrl":"https:\/\/407artfoundation.org\/wp-content\/uploads\/2025\/02\/IMG_7653.jpg","keywords":["#doradztwoprawneSadkowskiiWspolnicy","#obliczaduszy","#Patronat","#sadkowskiiwspolnicy","#SztukaNaZ\u0142otej44","#wojciechciesniewski","407artfoundation"],"articleSection":["News"],"inLanguage":"pl-PL"},{"@type":"WebPage","@id":"https:\/\/407artfoundation.org\/sadkowski-i-wspolnicy-partnerem-strategicznym\/","url":"https:\/\/407artfoundation.org\/sadkowski-i-wspolnicy-partnerem-strategicznym\/","name":"Sadkowski i Wsp\u00f3lnicy Law Firm became a Strategic Partner - 407artfoundation.org","isPartOf":{"@id":"https:\/\/407artfoundation.org\/#website"},"primaryImageOfPage":{"@id":"https:\/\/407artfoundation.org\/sadkowski-i-wspolnicy-partnerem-strategicznym\/#primaryimage"},"image":{"@id":"https:\/\/407artfoundation.org\/sadkowski-i-wspolnicy-partnerem-strategicznym\/#primaryimage"},"thumbnailUrl":"https:\/\/407artfoundation.org\/wp-content\/uploads\/2025\/02\/IMG_7653.jpg","datePublished":"2025-02-01T17:33:15+00:00","dateModified":"2025-07-04T15:45:39+00:00","author":{"@id":"https:\/\/407artfoundation.org\/#\/schema\/person\/0bd96a4ddc93509429646206afc91a94"},"description":"Kancelaria Sadkowski i Wsp\u00f3lnicy zosta\u0142a Partnerem Strategicznym wystawy \u201eOblicza Duszy: Cnoty i Grzechy\u201d Wojciecha Cie\u015bniewskiego.","breadcrumb":{"@id":"https:\/\/407artfoundation.org\/sadkowski-i-wspolnicy-partnerem-strategicznym\/#breadcrumb"},"inLanguage":"pl-PL","potentialAction":[{"@type":"ReadAction","target":["https:\/\/407artfoundation.org\/sadkowski-i-wspolnicy-partnerem-strategicznym\/"]}]},{"@type":"ImageObject","inLanguage":"pl-PL","@id":"https:\/\/407artfoundation.org\/sadkowski-i-wspolnicy-partnerem-strategicznym\/#primaryimage","url":"https:\/\/407artfoundation.org\/wp-content\/uploads\/2025\/02\/IMG_7653.jpg","contentUrl":"https:\/\/407artfoundation.org\/wp-content\/uploads\/2025\/02\/IMG_7653.jpg","width":633,"height":381,"caption":"Sadkowski i Wsp\u00f3lnicy"},{"@type":"BreadcrumbList","@id":"https:\/\/407artfoundation.org\/sadkowski-i-wspolnicy-partnerem-strategicznym\/#breadcrumb","itemListElement":[{"@type":"ListItem","position":1,"name":"Home","item":"https:\/\/407artfoundation.org\/"},{"@type":"ListItem","position":2,"name":"Sadkowski i Wsp\u00f3lnicy Law Firm became a Strategic Partner"}]},{"@type":"WebSite","@id":"https:\/\/407artfoundation.org\/#website","url":"https:\/\/407artfoundation.org\/","name":"407artfoundation.org","description":"Promujemy polsk\u0105 sztuk\u0119 i kultur\u0119. \u0141\u0105czymy artyst\u00f3w z kolekcjonerami. Pomagamy budowa\u0107 warto\u015bciowe kolekcje sztuki. Organizujemy wyj\u0105tkowe wystawy w ramach cyklu &quot;Sztuka na Z\u0142otej44&quot;. Wspieramy inne organizacje i instytucje dzia\u0142aj\u0105ce na rzecz szerzenia kultury.","potentialAction":[{"@type":"SearchAction","target":{"@type":"EntryPoint","urlTemplate":"https:\/\/407artfoundation.org\/?s={search_term_string}"},"query-input":{"@type":"PropertyValueSpecification","valueRequired":true,"valueName":"search_term_string"}}],"inLanguage":"pl-PL"},{"@type":"Person","@id":"https:\/\/407artfoundation.org\/#\/schema\/person\/0bd96a4ddc93509429646206afc91a94","name":"407artfoundation.org","image":{"@type":"ImageObject","inLanguage":"pl-PL","@id":"https:\/\/secure.gravatar.com\/avatar\/cc7356495ca39b5c14333ad62ce002fb13a47cbba40296ee58327f68bc960ec5?s=96&d=mm&r=g","url":"https:\/\/secure.gravatar.com\/avatar\/cc7356495ca39b5c14333ad62ce002fb13a47cbba40296ee58327f68bc960ec5?s=96&d=mm&r=g","contentUrl":"https:\/\/secure.gravatar.com\/avatar\/cc7356495ca39b5c14333ad62ce002fb13a47cbba40296ee58327f68bc960ec5?s=96&d=mm&r=g","caption":"407artfoundation.org"},"sameAs":["https:\/\/407artfoundation.org"],"url":"https:\/\/407artfoundation.org\/pl\/author\/407artfoundation-org\/"}]}},"_links":{"self":[{"href":"https:\/\/407artfoundation.org\/pl\/wp-json\/wp\/v2\/posts\/2313","targetHints":{"allow":["GET"]}}],"collection":[{"href":"https:\/\/407artfoundation.org\/pl\/wp-json\/wp\/v2\/posts"}],"about":[{"href":"https:\/\/407artfoundation.org\/pl\/wp-json\/wp\/v2\/types\/post"}],"author":[{"embeddable":true,"href":"https:\/\/407artfoundation.org\/pl\/wp-json\/wp\/v2\/users\/1"}],"replies":[{"embeddable":true,"href":"https:\/\/407artfoundation.org\/pl\/wp-json\/wp\/v2\/comments?post=2313"}],"version-history":[{"count":22,"href":"https:\/\/407artfoundation.org\/pl\/wp-json\/wp\/v2\/posts\/2313\/revisions"}],"predecessor-version":[{"id":2830,"href":"https:\/\/407artfoundation.org\/pl\/wp-json\/wp\/v2\/posts\/2313\/revisions\/2830"}],"wp:featuredmedia":[{"embeddable":true,"href":"https:\/\/407artfoundation.org\/pl\/wp-json\/wp\/v2\/media\/2352"}],"wp:attachment":[{"href":"https:\/\/407artfoundation.org\/pl\/wp-json\/wp\/v2\/media?parent=2313"}],"wp:term":[{"taxonomy":"category","embeddable":true,"href":"https:\/\/407artfoundation.org\/pl\/wp-json\/wp\/v2\/categories?post=2313"},{"taxonomy":"post_tag","embeddable":true,"href":"https:\/\/407artfoundation.org\/pl\/wp-json\/wp\/v2\/tags?post=2313"}],"curies":[{"name":"wp","href":"https:\/\/api.w.org\/{rel}","templated":true}]}}