{"id":2137,"date":"2024-09-01T10:02:00","date_gmt":"2024-09-01T08:02:00","guid":{"rendered":"https:\/\/407artfoundation.org\/?p=2137"},"modified":"2024-11-04T13:38:26","modified_gmt":"2024-11-04T12:38:26","slug":"international-exchange-of-young-creators-poland-romania-in-cracow","status":"publish","type":"post","link":"https:\/\/407artfoundation.org\/pl\/international-exchange-of-young-creators-poland-romania-in-cracow\/","title":{"rendered":"Mi\u0119dzynarodowa Wymiana M\u0142odych Tw\u00f3rc\u00f3w Polska - Rumunia w Krakowie"},"content":{"rendered":"\t\t<div data-elementor-type=\"wp-post\" data-elementor-id=\"2137\" class=\"elementor elementor-2137\" data-elementor-post-type=\"post\">\n\t\t\t\t\t\t<section class=\"elementor-section elementor-top-section elementor-element elementor-element-1416f284 elementor-section-boxed elementor-section-height-default elementor-section-height-default\" data-id=\"1416f284\" data-element_type=\"section\" data-e-type=\"section\">\n\t\t\t\t\t\t<div class=\"elementor-container elementor-column-gap-default\">\n\t\t\t\t\t<div class=\"elementor-column elementor-col-100 elementor-top-column elementor-element elementor-element-6aa9d31e\" data-id=\"6aa9d31e\" data-element_type=\"column\" data-e-type=\"column\">\n\t\t\t<div class=\"elementor-widget-wrap elementor-element-populated\">\n\t\t\t\t\t\t<div class=\"elementor-element elementor-element-7c5591b6 elementor-widget elementor-widget-text-editor\" data-id=\"7c5591b6\" data-element_type=\"widget\" data-e-type=\"widget\" data-widget_type=\"text-editor.default\">\n\t\t\t\t<div class=\"elementor-widget-container\">\n\t\t\t\t\t\t\t\t\t<p>Warsaw, August 31, 2024<\/p>\n<div class=\"flex-1 overflow-hidden masked-content\">\n<div class=\"h-full\">\n<div class=\"react-scroll-to-bottom--css-hwjsk-79elbk h-full\">\n<div class=\"react-scroll-to-bottom--css-hwjsk-1n7m0yu\">\n<div class=\"flex flex-col text-sm pb-[120px]\">\n<article class=\"w-full text-token-text-primary focus-visible:outline-2 focus-visible:outline-offset-[-4px]\" dir=\"auto\" data-testid=\"conversation-turn-93\" data-scroll-anchor=\"true\">\n<div class=\"text-base py-[18px] m-auto md:px-5 w-full px-3 lg:px-0\">\n<div class=\"mx-auto flex flex-1 gap-4 text-base md:gap-5 lg:gap-6 md:max-w-3xl lg:max-w-[40rem] xl:max-w-[48rem]\">\n<div class=\"group\/conversation-turn relative flex w-full min-w-0 flex-col agent-turn\">\n<div class=\"flex-col gap-1 md:gap-3\">\n<div class=\"flex max-w-full flex-col flex-grow\">\n<div class=\"min-h-[20px] text-message flex w-full flex-col items-end gap-2 break-words [.text-message+&amp;]:mt-5 overflow-x-auto whitespace-normal\" dir=\"auto\" data-message-author-role=\"assistant\" data-message-id=\"f5c8fe7e-3ad9-40f5-b10b-38064724874d\">\n<div class=\"flex w-full flex-col gap-1 empty:hidden first:pt-[3px]\">\n<div class=\"markdown prose w-full break-words dark:prose-invert light\">\n<p>We are thrilled to announce our partnership in the upcoming international exchange of young artists, organized under the Erasmus+ programme, from Poland and Romania, which will take place in Krakow from 5-15 September 2024. This exceptional event, focused on young talents in street art, murals, and painting, provides a unique platform for artists to exchange experiences, acquire new skills, and collaborate within an international community.<\/p>\n<p>The collaboration between 407 Art Foundation and Mosaic is a testament to our mission of supporting young artists, inspiring them, and promoting the Polish art vision abroad. We are proud to contribute to this project, which not only promotes artistic culture in Poland but also strengthens cultural ties with Romania during the 2024-2025 Polish-Romanian culture season.<\/p>\n<p>As part of this exciting initiative, participants will engage in both theoretical and practical workshops, culminating in the creation of a collaborative mural by Anna Kliniewska, under the expert guidance of experienced muralist Nina Dziwoki.<\/p>\n<p>The 407 Art Foundation&#8217; CEO, Aron Pude\u0142ko said that the Foundation is committed to supporting projects like this that foster international artistic exchange and cultural collaboration. We are always open to exploring new opportunities to bring our mission to life.<\/p>\n<p><b>Event organiser:<\/b> Grupa Mosaic<\/p>\n<p><strong>Partners:<\/strong> Creative Plus, AGH Student Town, Erasmus+, 407 Art Foundation, Adam Mickiewicz Institute, Romanian Institute of Culture, Young Krakow<\/p>\n<\/div>\n<\/div>\n<\/div>\n<\/div>\n<\/div>\n<\/div>\n<\/div>\n<\/div>\n<\/article>\n<\/div>\n<\/div>\n<\/div>\n<\/div>\n<\/div>\t\t\t\t\t\t\t\t<\/div>\n\t\t\t\t<\/div>\n\t\t\t\t\t<\/div>\n\t\t<\/div>\n\t\t\t\t\t<\/div>\n\t\t<\/section>\n\t\t\t\t<section class=\"elementor-section elementor-top-section elementor-element elementor-element-ebdfaee elementor-section-boxed elementor-section-height-default elementor-section-height-default\" data-id=\"ebdfaee\" data-element_type=\"section\" data-e-type=\"section\">\n\t\t\t\t\t\t<div class=\"elementor-container elementor-column-gap-default\">\n\t\t\t\t\t<div class=\"elementor-column elementor-col-100 elementor-top-column elementor-element elementor-element-e374101\" data-id=\"e374101\" data-element_type=\"column\" data-e-type=\"column\">\n\t\t\t<div class=\"elementor-widget-wrap elementor-element-populated\">\n\t\t\t\t\t\t<div class=\"elementor-element elementor-element-b548457 elementor-widget elementor-widget-image\" data-id=\"b548457\" data-element_type=\"widget\" data-e-type=\"widget\" data-widget_type=\"image.default\">\n\t\t\t\t<div class=\"elementor-widget-container\">\n\t\t\t\t\t\t\t\t\t\t\t\t\t\t\t<img fetchpriority=\"high\" decoding=\"async\" width=\"800\" height=\"800\" src=\"https:\/\/407artfoundation.org\/wp-content\/uploads\/2024\/09\/Instagram-post-9-1024x1024.png\" class=\"attachment-large size-large wp-image-2151\" alt=\"\" srcset=\"https:\/\/407artfoundation.org\/wp-content\/uploads\/2024\/09\/Instagram-post-9-1024x1024.png 1024w, https:\/\/407artfoundation.org\/wp-content\/uploads\/2024\/09\/Instagram-post-9-300x300.png 300w, https:\/\/407artfoundation.org\/wp-content\/uploads\/2024\/09\/Instagram-post-9-150x150.png 150w, https:\/\/407artfoundation.org\/wp-content\/uploads\/2024\/09\/Instagram-post-9-768x768.png 768w, https:\/\/407artfoundation.org\/wp-content\/uploads\/2024\/09\/Instagram-post-9-12x12.png 12w, https:\/\/407artfoundation.org\/wp-content\/uploads\/2024\/09\/Instagram-post-9-600x600.png 600w, https:\/\/407artfoundation.org\/wp-content\/uploads\/2024\/09\/Instagram-post-9-100x100.png 100w, https:\/\/407artfoundation.org\/wp-content\/uploads\/2024\/09\/Instagram-post-9.png 1080w\" sizes=\"(max-width: 800px) 100vw, 800px\" \/>\t\t\t\t\t\t\t\t\t\t\t\t\t\t\t<\/div>\n\t\t\t\t<\/div>\n\t\t\t\t\t<\/div>\n\t\t<\/div>\n\t\t\t\t\t<\/div>\n\t\t<\/section>\n\t\t\t\t<section class=\"elementor-section elementor-top-section elementor-element elementor-element-144deba elementor-section-boxed elementor-section-height-default elementor-section-height-default\" data-id=\"144deba\" data-element_type=\"section\" data-e-type=\"section\">\n\t\t\t\t\t\t<div class=\"elementor-container elementor-column-gap-default\">\n\t\t\t\t\t<div class=\"elementor-column elementor-col-100 elementor-top-column elementor-element elementor-element-2f42d1f\" data-id=\"2f42d1f\" data-element_type=\"column\" data-e-type=\"column\">\n\t\t\t<div class=\"elementor-widget-wrap elementor-element-populated\">\n\t\t\t\t\t\t<div class=\"elementor-element elementor-element-40bfab2 elementor-widget elementor-widget-video\" data-id=\"40bfab2\" data-element_type=\"widget\" data-e-type=\"widget\" data-settings=\"{&quot;youtube_url&quot;:&quot;https:\\\/\\\/youtu.be\\\/5JrQ7aGedeA&quot;,&quot;autoplay&quot;:&quot;yes&quot;,&quot;play_on_mobile&quot;:&quot;yes&quot;,&quot;lazy_load&quot;:&quot;yes&quot;,&quot;video_type&quot;:&quot;youtube&quot;,&quot;controls&quot;:&quot;yes&quot;}\" data-widget_type=\"video.default\">\n\t\t\t\t<div class=\"elementor-widget-container\">\n\t\t\t\t\t\t\t<div class=\"elementor-wrapper elementor-open-inline\">\n\t\t\t<div class=\"elementor-video\"><\/div>\t\t<\/div>\n\t\t\t\t\t\t<\/div>\n\t\t\t\t<\/div>\n\t\t\t\t\t<\/div>\n\t\t<\/div>\n\t\t\t\t\t<\/div>\n\t\t<\/section>\n\t\t\t\t<\/div>\n\t\t","protected":false},"excerpt":{"rendered":"<p>Warsaw, August 31, 2024 We are thrilled to announce our partnership in the upcoming international exchange of young artists, organized under the Erasmus+ programme, from Poland and Romania, which will take place in Krakow from 5-15 September 2024. This exceptional event, focused on young talents in street art, murals, and painting, provides a unique platform [&hellip;]<\/p>\n","protected":false},"author":1,"featured_media":2142,"comment_status":"closed","ping_status":"open","sticky":false,"template":"","format":"standard","meta":{"give_campaign_id":0,"footnotes":""},"categories":[35],"tags":[59,81],"class_list":["post-2137","post","type-post","status-publish","format-standard","has-post-thumbnail","hentry","category-news","tag-407artfoundation","tag-streetartkrakow-grupamosaic-mural-agh-instytutadamamickiewicza-erasmus-rumunskiinstytutkultury"],"yoast_head":"<!-- This site is optimized with the Yoast SEO plugin v27.5 - https:\/\/yoast.com\/product\/yoast-seo-wordpress\/ -->\n<title>International Exchange of Young Creators Poland - Romania in Cracow - 407artfoundation.org<\/title>\n<meta name=\"robots\" content=\"index, follow, max-snippet:-1, max-image-preview:large, max-video-preview:-1\" \/>\n<link rel=\"canonical\" href=\"https:\/\/407artfoundation.org\/pl\/international-exchange-of-young-creators-poland-romania-in-cracow\/\" \/>\n<meta property=\"og:locale\" content=\"pl_PL\" \/>\n<meta property=\"og:type\" content=\"article\" \/>\n<meta property=\"og:title\" content=\"International Exchange of Young Creators Poland - Romania in Cracow - 407artfoundation.org\" \/>\n<meta property=\"og:description\" content=\"Warsaw, August 31, 2024 We are thrilled to announce our partnership in the upcoming international exchange of young artists, organized under the Erasmus+ programme, from Poland and Romania, which will take place in Krakow from 5-15 September 2024. This exceptional event, focused on young talents in street art, murals, and painting, provides a unique platform [&hellip;]\" \/>\n<meta property=\"og:url\" content=\"https:\/\/407artfoundation.org\/pl\/international-exchange-of-young-creators-poland-romania-in-cracow\/\" \/>\n<meta property=\"og:site_name\" content=\"407artfoundation.org\" \/>\n<meta property=\"article:published_time\" content=\"2024-09-01T08:02:00+00:00\" \/>\n<meta property=\"article:modified_time\" content=\"2024-11-04T12:38:26+00:00\" \/>\n<meta property=\"og:image\" content=\"https:\/\/407artfoundation.org\/wp-content\/uploads\/2024\/09\/Instagram-post-8.png\" \/>\n\t<meta property=\"og:image:width\" content=\"1080\" \/>\n\t<meta property=\"og:image:height\" content=\"1080\" \/>\n\t<meta property=\"og:image:type\" content=\"image\/png\" \/>\n<meta name=\"author\" content=\"407artfoundation.org\" \/>\n<meta name=\"twitter:card\" content=\"summary_large_image\" \/>\n<meta name=\"twitter:label1\" content=\"Napisane przez\" \/>\n\t<meta name=\"twitter:data1\" content=\"407artfoundation.org\" \/>\n\t<meta name=\"twitter:label2\" content=\"Szacowany czas czytania\" \/>\n\t<meta name=\"twitter:data2\" content=\"1 minuta\" \/>\n<script type=\"application\/ld+json\" class=\"yoast-schema-graph\">{\"@context\":\"https:\\\/\\\/schema.org\",\"@graph\":[{\"@type\":\"Article\",\"@id\":\"https:\\\/\\\/407artfoundation.org\\\/international-exchange-of-young-creators-poland-romania-in-cracow\\\/#article\",\"isPartOf\":{\"@id\":\"https:\\\/\\\/407artfoundation.org\\\/international-exchange-of-young-creators-poland-romania-in-cracow\\\/\"},\"author\":{\"name\":\"407artfoundation.org\",\"@id\":\"https:\\\/\\\/407artfoundation.org\\\/#\\\/schema\\\/person\\\/0bd96a4ddc93509429646206afc91a94\"},\"headline\":\"International Exchange of Young Creators Poland &#8211; Romania in Cracow\",\"datePublished\":\"2024-09-01T08:02:00+00:00\",\"dateModified\":\"2024-11-04T12:38:26+00:00\",\"mainEntityOfPage\":{\"@id\":\"https:\\\/\\\/407artfoundation.org\\\/international-exchange-of-young-creators-poland-romania-in-cracow\\\/\"},\"wordCount\":233,\"image\":{\"@id\":\"https:\\\/\\\/407artfoundation.org\\\/international-exchange-of-young-creators-poland-romania-in-cracow\\\/#primaryimage\"},\"thumbnailUrl\":\"https:\\\/\\\/407artfoundation.org\\\/wp-content\\\/uploads\\\/2024\\\/09\\\/Instagram-post-8.png\",\"keywords\":[\"407artfoundation\",\"streetartkrakow #grupamosaic #mural #AGH #InstytutAdamaMickiewicza #Erasmus+ #RumunskiInstytutKultury\"],\"articleSection\":[\"News\"],\"inLanguage\":\"pl-PL\"},{\"@type\":\"WebPage\",\"@id\":\"https:\\\/\\\/407artfoundation.org\\\/international-exchange-of-young-creators-poland-romania-in-cracow\\\/\",\"url\":\"https:\\\/\\\/407artfoundation.org\\\/international-exchange-of-young-creators-poland-romania-in-cracow\\\/\",\"name\":\"International Exchange of Young Creators Poland - Romania in Cracow - 407artfoundation.org\",\"isPartOf\":{\"@id\":\"https:\\\/\\\/407artfoundation.org\\\/#website\"},\"primaryImageOfPage\":{\"@id\":\"https:\\\/\\\/407artfoundation.org\\\/international-exchange-of-young-creators-poland-romania-in-cracow\\\/#primaryimage\"},\"image\":{\"@id\":\"https:\\\/\\\/407artfoundation.org\\\/international-exchange-of-young-creators-poland-romania-in-cracow\\\/#primaryimage\"},\"thumbnailUrl\":\"https:\\\/\\\/407artfoundation.org\\\/wp-content\\\/uploads\\\/2024\\\/09\\\/Instagram-post-8.png\",\"datePublished\":\"2024-09-01T08:02:00+00:00\",\"dateModified\":\"2024-11-04T12:38:26+00:00\",\"author\":{\"@id\":\"https:\\\/\\\/407artfoundation.org\\\/#\\\/schema\\\/person\\\/0bd96a4ddc93509429646206afc91a94\"},\"breadcrumb\":{\"@id\":\"https:\\\/\\\/407artfoundation.org\\\/international-exchange-of-young-creators-poland-romania-in-cracow\\\/#breadcrumb\"},\"inLanguage\":\"pl-PL\",\"potentialAction\":[{\"@type\":\"ReadAction\",\"target\":[\"https:\\\/\\\/407artfoundation.org\\\/international-exchange-of-young-creators-poland-romania-in-cracow\\\/\"]}]},{\"@type\":\"ImageObject\",\"inLanguage\":\"pl-PL\",\"@id\":\"https:\\\/\\\/407artfoundation.org\\\/international-exchange-of-young-creators-poland-romania-in-cracow\\\/#primaryimage\",\"url\":\"https:\\\/\\\/407artfoundation.org\\\/wp-content\\\/uploads\\\/2024\\\/09\\\/Instagram-post-8.png\",\"contentUrl\":\"https:\\\/\\\/407artfoundation.org\\\/wp-content\\\/uploads\\\/2024\\\/09\\\/Instagram-post-8.png\",\"width\":1080,\"height\":1080},{\"@type\":\"BreadcrumbList\",\"@id\":\"https:\\\/\\\/407artfoundation.org\\\/international-exchange-of-young-creators-poland-romania-in-cracow\\\/#breadcrumb\",\"itemListElement\":[{\"@type\":\"ListItem\",\"position\":1,\"name\":\"Home\",\"item\":\"https:\\\/\\\/407artfoundation.org\\\/\"},{\"@type\":\"ListItem\",\"position\":2,\"name\":\"International Exchange of Young Creators Poland &#8211; Romania in Cracow\"}]},{\"@type\":\"WebSite\",\"@id\":\"https:\\\/\\\/407artfoundation.org\\\/#website\",\"url\":\"https:\\\/\\\/407artfoundation.org\\\/\",\"name\":\"407artfoundation.org\",\"description\":\"Promujemy polsk\u0105 sztuk\u0119 i kultur\u0119. \u0141\u0105czymy artyst\u00f3w z kolekcjonerami. Pomagamy budowa\u0107 warto\u015bciowe kolekcje sztuki. Organizujemy wyj\u0105tkowe wystawy w ramach cyklu &quot;Sztuka na Z\u0142otej44&quot;. Wspieramy inne organizacje i instytucje dzia\u0142aj\u0105ce na rzecz szerzenia kultury.\",\"potentialAction\":[{\"@type\":\"SearchAction\",\"target\":{\"@type\":\"EntryPoint\",\"urlTemplate\":\"https:\\\/\\\/407artfoundation.org\\\/?s={search_term_string}\"},\"query-input\":{\"@type\":\"PropertyValueSpecification\",\"valueRequired\":true,\"valueName\":\"search_term_string\"}}],\"inLanguage\":\"pl-PL\"},{\"@type\":\"Person\",\"@id\":\"https:\\\/\\\/407artfoundation.org\\\/#\\\/schema\\\/person\\\/0bd96a4ddc93509429646206afc91a94\",\"name\":\"407artfoundation.org\",\"image\":{\"@type\":\"ImageObject\",\"inLanguage\":\"pl-PL\",\"@id\":\"https:\\\/\\\/secure.gravatar.com\\\/avatar\\\/cc7356495ca39b5c14333ad62ce002fb13a47cbba40296ee58327f68bc960ec5?s=96&d=mm&r=g\",\"url\":\"https:\\\/\\\/secure.gravatar.com\\\/avatar\\\/cc7356495ca39b5c14333ad62ce002fb13a47cbba40296ee58327f68bc960ec5?s=96&d=mm&r=g\",\"contentUrl\":\"https:\\\/\\\/secure.gravatar.com\\\/avatar\\\/cc7356495ca39b5c14333ad62ce002fb13a47cbba40296ee58327f68bc960ec5?s=96&d=mm&r=g\",\"caption\":\"407artfoundation.org\"},\"sameAs\":[\"https:\\\/\\\/407artfoundation.org\"],\"url\":\"https:\\\/\\\/407artfoundation.org\\\/pl\\\/author\\\/407artfoundation-org\\\/\"}]}<\/script>\n<!-- \/ Yoast SEO plugin. -->","yoast_head_json":{"title":"International Exchange of Young Creators Poland - Romania in Cracow - 407artfoundation.org","robots":{"index":"index","follow":"follow","max-snippet":"max-snippet:-1","max-image-preview":"max-image-preview:large","max-video-preview":"max-video-preview:-1"},"canonical":"https:\/\/407artfoundation.org\/pl\/international-exchange-of-young-creators-poland-romania-in-cracow\/","og_locale":"pl_PL","og_type":"article","og_title":"International Exchange of Young Creators Poland - Romania in Cracow - 407artfoundation.org","og_description":"Warsaw, August 31, 2024 We are thrilled to announce our partnership in the upcoming international exchange of young artists, organized under the Erasmus+ programme, from Poland and Romania, which will take place in Krakow from 5-15 September 2024. This exceptional event, focused on young talents in street art, murals, and painting, provides a unique platform [&hellip;]","og_url":"https:\/\/407artfoundation.org\/pl\/international-exchange-of-young-creators-poland-romania-in-cracow\/","og_site_name":"407artfoundation.org","article_published_time":"2024-09-01T08:02:00+00:00","article_modified_time":"2024-11-04T12:38:26+00:00","og_image":[{"width":1080,"height":1080,"url":"https:\/\/407artfoundation.org\/wp-content\/uploads\/2024\/09\/Instagram-post-8.png","type":"image\/png"}],"author":"407artfoundation.org","twitter_card":"summary_large_image","twitter_misc":{"Napisane przez":"407artfoundation.org","Szacowany czas czytania":"1 minuta"},"schema":{"@context":"https:\/\/schema.org","@graph":[{"@type":"Article","@id":"https:\/\/407artfoundation.org\/international-exchange-of-young-creators-poland-romania-in-cracow\/#article","isPartOf":{"@id":"https:\/\/407artfoundation.org\/international-exchange-of-young-creators-poland-romania-in-cracow\/"},"author":{"name":"407artfoundation.org","@id":"https:\/\/407artfoundation.org\/#\/schema\/person\/0bd96a4ddc93509429646206afc91a94"},"headline":"International Exchange of Young Creators Poland &#8211; Romania in Cracow","datePublished":"2024-09-01T08:02:00+00:00","dateModified":"2024-11-04T12:38:26+00:00","mainEntityOfPage":{"@id":"https:\/\/407artfoundation.org\/international-exchange-of-young-creators-poland-romania-in-cracow\/"},"wordCount":233,"image":{"@id":"https:\/\/407artfoundation.org\/international-exchange-of-young-creators-poland-romania-in-cracow\/#primaryimage"},"thumbnailUrl":"https:\/\/407artfoundation.org\/wp-content\/uploads\/2024\/09\/Instagram-post-8.png","keywords":["407artfoundation","streetartkrakow #grupamosaic #mural #AGH #InstytutAdamaMickiewicza #Erasmus+ #RumunskiInstytutKultury"],"articleSection":["News"],"inLanguage":"pl-PL"},{"@type":"WebPage","@id":"https:\/\/407artfoundation.org\/international-exchange-of-young-creators-poland-romania-in-cracow\/","url":"https:\/\/407artfoundation.org\/international-exchange-of-young-creators-poland-romania-in-cracow\/","name":"International Exchange of Young Creators Poland - Romania in Cracow - 407artfoundation.org","isPartOf":{"@id":"https:\/\/407artfoundation.org\/#website"},"primaryImageOfPage":{"@id":"https:\/\/407artfoundation.org\/international-exchange-of-young-creators-poland-romania-in-cracow\/#primaryimage"},"image":{"@id":"https:\/\/407artfoundation.org\/international-exchange-of-young-creators-poland-romania-in-cracow\/#primaryimage"},"thumbnailUrl":"https:\/\/407artfoundation.org\/wp-content\/uploads\/2024\/09\/Instagram-post-8.png","datePublished":"2024-09-01T08:02:00+00:00","dateModified":"2024-11-04T12:38:26+00:00","author":{"@id":"https:\/\/407artfoundation.org\/#\/schema\/person\/0bd96a4ddc93509429646206afc91a94"},"breadcrumb":{"@id":"https:\/\/407artfoundation.org\/international-exchange-of-young-creators-poland-romania-in-cracow\/#breadcrumb"},"inLanguage":"pl-PL","potentialAction":[{"@type":"ReadAction","target":["https:\/\/407artfoundation.org\/international-exchange-of-young-creators-poland-romania-in-cracow\/"]}]},{"@type":"ImageObject","inLanguage":"pl-PL","@id":"https:\/\/407artfoundation.org\/international-exchange-of-young-creators-poland-romania-in-cracow\/#primaryimage","url":"https:\/\/407artfoundation.org\/wp-content\/uploads\/2024\/09\/Instagram-post-8.png","contentUrl":"https:\/\/407artfoundation.org\/wp-content\/uploads\/2024\/09\/Instagram-post-8.png","width":1080,"height":1080},{"@type":"BreadcrumbList","@id":"https:\/\/407artfoundation.org\/international-exchange-of-young-creators-poland-romania-in-cracow\/#breadcrumb","itemListElement":[{"@type":"ListItem","position":1,"name":"Home","item":"https:\/\/407artfoundation.org\/"},{"@type":"ListItem","position":2,"name":"International Exchange of Young Creators Poland &#8211; Romania in Cracow"}]},{"@type":"WebSite","@id":"https:\/\/407artfoundation.org\/#website","url":"https:\/\/407artfoundation.org\/","name":"407artfoundation.org","description":"Promujemy polsk\u0105 sztuk\u0119 i kultur\u0119. \u0141\u0105czymy artyst\u00f3w z kolekcjonerami. Pomagamy budowa\u0107 warto\u015bciowe kolekcje sztuki. Organizujemy wyj\u0105tkowe wystawy w ramach cyklu &quot;Sztuka na Z\u0142otej44&quot;. Wspieramy inne organizacje i instytucje dzia\u0142aj\u0105ce na rzecz szerzenia kultury.","potentialAction":[{"@type":"SearchAction","target":{"@type":"EntryPoint","urlTemplate":"https:\/\/407artfoundation.org\/?s={search_term_string}"},"query-input":{"@type":"PropertyValueSpecification","valueRequired":true,"valueName":"search_term_string"}}],"inLanguage":"pl-PL"},{"@type":"Person","@id":"https:\/\/407artfoundation.org\/#\/schema\/person\/0bd96a4ddc93509429646206afc91a94","name":"407artfoundation.org","image":{"@type":"ImageObject","inLanguage":"pl-PL","@id":"https:\/\/secure.gravatar.com\/avatar\/cc7356495ca39b5c14333ad62ce002fb13a47cbba40296ee58327f68bc960ec5?s=96&d=mm&r=g","url":"https:\/\/secure.gravatar.com\/avatar\/cc7356495ca39b5c14333ad62ce002fb13a47cbba40296ee58327f68bc960ec5?s=96&d=mm&r=g","contentUrl":"https:\/\/secure.gravatar.com\/avatar\/cc7356495ca39b5c14333ad62ce002fb13a47cbba40296ee58327f68bc960ec5?s=96&d=mm&r=g","caption":"407artfoundation.org"},"sameAs":["https:\/\/407artfoundation.org"],"url":"https:\/\/407artfoundation.org\/pl\/author\/407artfoundation-org\/"}]}},"_links":{"self":[{"href":"https:\/\/407artfoundation.org\/pl\/wp-json\/wp\/v2\/posts\/2137","targetHints":{"allow":["GET"]}}],"collection":[{"href":"https:\/\/407artfoundation.org\/pl\/wp-json\/wp\/v2\/posts"}],"about":[{"href":"https:\/\/407artfoundation.org\/pl\/wp-json\/wp\/v2\/types\/post"}],"author":[{"embeddable":true,"href":"https:\/\/407artfoundation.org\/pl\/wp-json\/wp\/v2\/users\/1"}],"replies":[{"embeddable":true,"href":"https:\/\/407artfoundation.org\/pl\/wp-json\/wp\/v2\/comments?post=2137"}],"version-history":[{"count":18,"href":"https:\/\/407artfoundation.org\/pl\/wp-json\/wp\/v2\/posts\/2137\/revisions"}],"predecessor-version":[{"id":2215,"href":"https:\/\/407artfoundation.org\/pl\/wp-json\/wp\/v2\/posts\/2137\/revisions\/2215"}],"wp:featuredmedia":[{"embeddable":true,"href":"https:\/\/407artfoundation.org\/pl\/wp-json\/wp\/v2\/media\/2142"}],"wp:attachment":[{"href":"https:\/\/407artfoundation.org\/pl\/wp-json\/wp\/v2\/media?parent=2137"}],"wp:term":[{"taxonomy":"category","embeddable":true,"href":"https:\/\/407artfoundation.org\/pl\/wp-json\/wp\/v2\/categories?post=2137"},{"taxonomy":"post_tag","embeddable":true,"href":"https:\/\/407artfoundation.org\/pl\/wp-json\/wp\/v2\/tags?post=2137"}],"curies":[{"name":"wp","href":"https:\/\/api.w.org\/{rel}","templated":true}]}}