{"id":1900,"date":"2024-03-25T11:04:52","date_gmt":"2024-03-25T10:04:52","guid":{"rendered":"https:\/\/407artfoundation.org\/?p=1900"},"modified":"2024-03-25T11:35:45","modified_gmt":"2024-03-25T10:35:45","slug":"prada-foundation-visit","status":"publish","type":"post","link":"https:\/\/407artfoundation.org\/pl\/prada-foundation-visit\/","title":{"rendered":"Nasza wizyta w Fundacji Prada"},"content":{"rendered":"<div data-elementor-type=\"wp-post\" data-elementor-id=\"1900\" class=\"elementor elementor-1900\" data-elementor-post-type=\"post\">\n\t\t\t\t\t\t<section class=\"elementor-section elementor-top-section elementor-element elementor-element-1416f284 elementor-section-boxed elementor-section-height-default elementor-section-height-default\" data-id=\"1416f284\" data-element_type=\"section\" data-e-type=\"section\">\n\t\t\t\t\t\t<div class=\"elementor-container elementor-column-gap-default\">\n\t\t\t\t\t<div class=\"elementor-column elementor-col-100 elementor-top-column elementor-element elementor-element-6aa9d31e\" data-id=\"6aa9d31e\" data-element_type=\"column\" data-e-type=\"column\">\n\t\t\t<div class=\"elementor-widget-wrap elementor-element-populated\">\n\t\t\t\t\t\t<div class=\"elementor-element elementor-element-7c5591b6 elementor-widget elementor-widget-text-editor\" data-id=\"7c5591b6\" data-element_type=\"widget\" data-e-type=\"widget\" data-widget_type=\"text-editor.default\">\n\t\t\t\t<div class=\"elementor-widget-container\">\n\t\t\t\t\t\t\t\t\t<p>Mediolan, 21 marca 2024<\/p><p>W sercu Mediolanu, w przestrzeni, gdzie sztuka i historia splataj\u0105 si\u0119 z nowoczesno\u015bci\u0105 jako fundatorzy Fundacji 407 Art Foundation mieli\u015bmy przyjemno\u015b\u0107 odkrywa\u0107 tajniki kolekcjonowania dzie\u0142 sztuki przez jedn\u0105 z najbardziej wp\u0142ywowych rodzin w Italii i pow\u0142oana przez nich Fundacj\u0119 Prada. Nasza misja, skupiaj\u0105ca si\u0119 na wspieraniu m\u0142odych talent\u00f3w, znalaz\u0142a w tej wizycie bezcenne \u017ar\u00f3d\u0142o inspiracji i wiedzy, kt\u00f3re chcemy podzieli\u0107 z nasz\u0105 spo\u0142eczno\u015bci\u0105 oraz wszystkimi, kt\u00f3rzy pragn\u0105 odkrywa\u0107 nowe horyzonty w sztuce.<\/p><p>Podczas naszego pobytu w Mediolanie, zwr\u00f3cili\u015bmy szczeg\u00f3ln\u0105 uwag\u0119 na spos\u00f3b, w jaki Fundacja Prada dobiera dzie\u0142a do swojej kolekcji. Uderzy\u0142o nas, \u017ce obok uznanych ju\u017c nazwisk, miejsce znajduj\u0105 tu r\u00f3wnie\u017c arty\u015bci mniej znani w Polsce, co \u015bwiadczy o otwarto\u015bci i wizji patrzenia poza utarte \u015bcie\u017cki. To pokrewne naszej filozofii wspierania artyst\u00f3w, kt\u00f3rzy nie tylko tworz\u0105, ale maj\u0105 do przekazania co\u015b wi\u0119cej - niesamowite historie, emocje, refleksje.<\/p><p>W Fundacji Prada odkryli\u015bmy, \u017ce ka\u017cde dzie\u0142o sztuki wybrane do ich kolekcji niesie za sob\u0105 bardzo mocn\u0105 i wyrazist\u0105 histori\u0119. To przypomnienie, jak wa\u017cne jest, aby docenia\u0107 nie tyle estetyczny wymiar dzie\u0142, ale przede wszystkim g\u0142\u0119bi\u0119 i kontekst, w jakim powsta\u0142y. Takie podej\u015bcie pozwala na g\u0142\u0119bsze zrozumienie sztuki i budowanie kolekcji, kt\u00f3ra jest odzwierciedleniem nie tylko gustu, ale i warto\u015bci.<\/p><p>Dla nas, jako Fundacji 407 Art Foundation, spotkanie z kolekcj\u0105 Fundacji Prada to potwierdzenie, \u017ce droga, kt\u00f3r\u0105 obrali\u015bmy wspieraj\u0105c m\u0142odych artyst\u00f3w, jest drog\u0105 przysz\u0142o\u015bci. Pokazuje, \u017ce istnieje zapotrzebowanie na \u015bwie\u017ce, oryginalne g\u0142osy w sztuce, kt\u00f3re potrafi\u0105 wywo\u0142ywa\u0107 skrajne emocje i przemy\u015blenia. Dzi\u0119ki tej wizycie jeste\u015bmy teraz jeszcze lepiej przygotowani do typowania m\u0142odych talent\u00f3w dla kolekcjoner\u00f3w na ca\u0142ym \u015bwiecie, zwi\u0119kszaj\u0105c ich szanse na zaistnienie w presti\u017cowych kolekcjach.<\/p><p>Wierzymy, \u017ce nasza wizyta w Fundacji Prada to nie tylko wzbogacenie naszej perspektywy, ale tak\u017ce krok naprz\u00f3d w naszym d\u0105\u017ceniu do odkrywania i promowania nowych, obiecuj\u0105cych artyst\u00f3w. Zapraszamy m\u0142odych tw\u00f3rc\u00f3w szukaj\u0105cych wsparcia, mentoringu oraz pomocy w dotarciu do kolekcjoner\u00f3w do wsp\u00f3\u0142pracy. Razem mo\u017cemy kszta\u0142towa\u0107 przysz\u0142o\u015b\u0107 sztuki, odkrywaj\u0105c i wspieraj\u0105c talenty, kt\u00f3re jutro stan\u0105 si\u0119 jej fundamentem.<\/p><p>Do\u0142\u0105cz do nas w tej podr\u00f3\u017cy. Odkrywaj, tw\u00f3rz, inspiruj.<\/p>\t\t\t\t\t\t\t\t<\/div>\n\t\t\t\t<\/div>\n\t\t\t\t\t<\/div>\n\t\t<\/div>\n\t\t\t\t\t<\/div>\n\t\t<\/section>\n\t\t\t\t<\/div>","protected":false},"excerpt":{"rendered":"<p>Milan, March 21, 2024 In the heart of Milan, within a space where art and history intertwine with modernity, we, the founders of the 407 Art Foundation, had the pleasure of uncovering the secrets of art collection by one of the most influential families in Italy and their Prada Foundation. Our mission, focused on supporting [&hellip;]<\/p>\n","protected":false},"author":1,"featured_media":1913,"comment_status":"closed","ping_status":"open","sticky":false,"template":"","format":"standard","meta":{"give_campaign_id":0,"footnotes":""},"categories":[35],"tags":[51,52,53,55,57,54,49,56,50],"class_list":["post-1900","post","type-post","status-publish","format-standard","has-post-thumbnail","hentry","category-news","tag-fundacjaprada","tag-kolekcjonowanie","tag-kolekcjonowaniesztuki","tag-mediolan","tag-mentoringartystow","tag-mlodziartysci","tag-sztuka","tag-sztukawspolczesna","tag-wspieranie-artystow"],"yoast_head":"<!-- This site is optimized with the Yoast SEO plugin v27.5 - https:\/\/yoast.com\/product\/yoast-seo-wordpress\/ -->\n<title>Our Visit to The Prada Foundation - 407artfoundation.org<\/title>\n<meta name=\"robots\" content=\"index, follow, max-snippet:-1, max-image-preview:large, max-video-preview:-1\" \/>\n<link rel=\"canonical\" href=\"https:\/\/407artfoundation.org\/pl\/prada-foundation-visit\/\" \/>\n<meta property=\"og:locale\" content=\"pl_PL\" \/>\n<meta property=\"og:type\" content=\"article\" \/>\n<meta property=\"og:title\" content=\"Our Visit to The Prada Foundation - 407artfoundation.org\" \/>\n<meta property=\"og:description\" content=\"Milan, March 21, 2024 In the heart of Milan, within a space where art and history intertwine with modernity, we, the founders of the 407 Art Foundation, had the pleasure of uncovering the secrets of art collection by one of the most influential families in Italy and their Prada Foundation. Our mission, focused on supporting [&hellip;]\" \/>\n<meta property=\"og:url\" content=\"https:\/\/407artfoundation.org\/pl\/prada-foundation-visit\/\" \/>\n<meta property=\"og:site_name\" content=\"407artfoundation.org\" \/>\n<meta property=\"article:published_time\" content=\"2024-03-25T10:04:52+00:00\" \/>\n<meta property=\"article:modified_time\" content=\"2024-03-25T10:35:45+00:00\" \/>\n<meta property=\"og:image\" content=\"https:\/\/407artfoundation.org\/wp-content\/uploads\/2024\/03\/Prada_entrance.jpg\" \/>\n\t<meta property=\"og:image:width\" content=\"1440\" \/>\n\t<meta property=\"og:image:height\" content=\"1920\" \/>\n\t<meta property=\"og:image:type\" content=\"image\/jpeg\" \/>\n<meta name=\"author\" content=\"407artfoundation.org\" \/>\n<meta name=\"twitter:card\" content=\"summary_large_image\" \/>\n<meta name=\"twitter:label1\" content=\"Napisane przez\" \/>\n\t<meta name=\"twitter:data1\" content=\"407artfoundation.org\" \/>\n\t<meta name=\"twitter:label2\" content=\"Szacowany czas czytania\" \/>\n\t<meta name=\"twitter:data2\" content=\"2 minuty\" \/>\n<script type=\"application\/ld+json\" class=\"yoast-schema-graph\">{\"@context\":\"https:\\\/\\\/schema.org\",\"@graph\":[{\"@type\":\"Article\",\"@id\":\"https:\\\/\\\/407artfoundation.org\\\/prada-foundation-visit\\\/#article\",\"isPartOf\":{\"@id\":\"https:\\\/\\\/407artfoundation.org\\\/prada-foundation-visit\\\/\"},\"author\":{\"name\":\"407artfoundation.org\",\"@id\":\"https:\\\/\\\/407artfoundation.org\\\/#\\\/schema\\\/person\\\/0bd96a4ddc93509429646206afc91a94\"},\"headline\":\"Our Visit to The Prada Foundation\",\"datePublished\":\"2024-03-25T10:04:52+00:00\",\"dateModified\":\"2024-03-25T10:35:45+00:00\",\"mainEntityOfPage\":{\"@id\":\"https:\\\/\\\/407artfoundation.org\\\/prada-foundation-visit\\\/\"},\"wordCount\":376,\"image\":{\"@id\":\"https:\\\/\\\/407artfoundation.org\\\/prada-foundation-visit\\\/#primaryimage\"},\"thumbnailUrl\":\"https:\\\/\\\/407artfoundation.org\\\/wp-content\\\/uploads\\\/2024\\\/03\\\/Prada_entrance.jpg\",\"keywords\":[\"FundacjaPrada\",\"kolekcjonowanie\",\"kolekcjonowaniesztuki\",\"Mediolan\",\"mentoringartystow\",\"mlodziartysci\",\"sztuka\",\"sztukawsp\u00f3\u0142czesna\",\"wspieranie artyst\u00f3w\"],\"articleSection\":[\"News\"],\"inLanguage\":\"pl-PL\"},{\"@type\":\"WebPage\",\"@id\":\"https:\\\/\\\/407artfoundation.org\\\/prada-foundation-visit\\\/\",\"url\":\"https:\\\/\\\/407artfoundation.org\\\/prada-foundation-visit\\\/\",\"name\":\"Our Visit to The Prada Foundation - 407artfoundation.org\",\"isPartOf\":{\"@id\":\"https:\\\/\\\/407artfoundation.org\\\/#website\"},\"primaryImageOfPage\":{\"@id\":\"https:\\\/\\\/407artfoundation.org\\\/prada-foundation-visit\\\/#primaryimage\"},\"image\":{\"@id\":\"https:\\\/\\\/407artfoundation.org\\\/prada-foundation-visit\\\/#primaryimage\"},\"thumbnailUrl\":\"https:\\\/\\\/407artfoundation.org\\\/wp-content\\\/uploads\\\/2024\\\/03\\\/Prada_entrance.jpg\",\"datePublished\":\"2024-03-25T10:04:52+00:00\",\"dateModified\":\"2024-03-25T10:35:45+00:00\",\"author\":{\"@id\":\"https:\\\/\\\/407artfoundation.org\\\/#\\\/schema\\\/person\\\/0bd96a4ddc93509429646206afc91a94\"},\"breadcrumb\":{\"@id\":\"https:\\\/\\\/407artfoundation.org\\\/prada-foundation-visit\\\/#breadcrumb\"},\"inLanguage\":\"pl-PL\",\"potentialAction\":[{\"@type\":\"ReadAction\",\"target\":[\"https:\\\/\\\/407artfoundation.org\\\/prada-foundation-visit\\\/\"]}]},{\"@type\":\"ImageObject\",\"inLanguage\":\"pl-PL\",\"@id\":\"https:\\\/\\\/407artfoundation.org\\\/prada-foundation-visit\\\/#primaryimage\",\"url\":\"https:\\\/\\\/407artfoundation.org\\\/wp-content\\\/uploads\\\/2024\\\/03\\\/Prada_entrance.jpg\",\"contentUrl\":\"https:\\\/\\\/407artfoundation.org\\\/wp-content\\\/uploads\\\/2024\\\/03\\\/Prada_entrance.jpg\",\"width\":1440,\"height\":1920},{\"@type\":\"BreadcrumbList\",\"@id\":\"https:\\\/\\\/407artfoundation.org\\\/prada-foundation-visit\\\/#breadcrumb\",\"itemListElement\":[{\"@type\":\"ListItem\",\"position\":1,\"name\":\"Home\",\"item\":\"https:\\\/\\\/407artfoundation.org\\\/\"},{\"@type\":\"ListItem\",\"position\":2,\"name\":\"Our Visit to The Prada Foundation\"}]},{\"@type\":\"WebSite\",\"@id\":\"https:\\\/\\\/407artfoundation.org\\\/#website\",\"url\":\"https:\\\/\\\/407artfoundation.org\\\/\",\"name\":\"407artfoundation.org\",\"description\":\"Promujemy polsk\u0105 sztuk\u0119 i kultur\u0119. \u0141\u0105czymy artyst\u00f3w z kolekcjonerami. Pomagamy budowa\u0107 warto\u015bciowe kolekcje sztuki. Organizujemy wyj\u0105tkowe wystawy w ramach cyklu &quot;Sztuka na Z\u0142otej44&quot;. Wspieramy inne organizacje i instytucje dzia\u0142aj\u0105ce na rzecz szerzenia kultury.\",\"potentialAction\":[{\"@type\":\"SearchAction\",\"target\":{\"@type\":\"EntryPoint\",\"urlTemplate\":\"https:\\\/\\\/407artfoundation.org\\\/?s={search_term_string}\"},\"query-input\":{\"@type\":\"PropertyValueSpecification\",\"valueRequired\":true,\"valueName\":\"search_term_string\"}}],\"inLanguage\":\"pl-PL\"},{\"@type\":\"Person\",\"@id\":\"https:\\\/\\\/407artfoundation.org\\\/#\\\/schema\\\/person\\\/0bd96a4ddc93509429646206afc91a94\",\"name\":\"407artfoundation.org\",\"image\":{\"@type\":\"ImageObject\",\"inLanguage\":\"pl-PL\",\"@id\":\"https:\\\/\\\/secure.gravatar.com\\\/avatar\\\/cc7356495ca39b5c14333ad62ce002fb13a47cbba40296ee58327f68bc960ec5?s=96&d=mm&r=g\",\"url\":\"https:\\\/\\\/secure.gravatar.com\\\/avatar\\\/cc7356495ca39b5c14333ad62ce002fb13a47cbba40296ee58327f68bc960ec5?s=96&d=mm&r=g\",\"contentUrl\":\"https:\\\/\\\/secure.gravatar.com\\\/avatar\\\/cc7356495ca39b5c14333ad62ce002fb13a47cbba40296ee58327f68bc960ec5?s=96&d=mm&r=g\",\"caption\":\"407artfoundation.org\"},\"sameAs\":[\"https:\\\/\\\/407artfoundation.org\"],\"url\":\"https:\\\/\\\/407artfoundation.org\\\/pl\\\/author\\\/407artfoundation-org\\\/\"}]}<\/script>\n<!-- \/ Yoast SEO plugin. -->","yoast_head_json":{"title":"Our Visit to The Prada Foundation - 407artfoundation.org","robots":{"index":"index","follow":"follow","max-snippet":"max-snippet:-1","max-image-preview":"max-image-preview:large","max-video-preview":"max-video-preview:-1"},"canonical":"https:\/\/407artfoundation.org\/pl\/prada-foundation-visit\/","og_locale":"pl_PL","og_type":"article","og_title":"Our Visit to The Prada Foundation - 407artfoundation.org","og_description":"Milan, March 21, 2024 In the heart of Milan, within a space where art and history intertwine with modernity, we, the founders of the 407 Art Foundation, had the pleasure of uncovering the secrets of art collection by one of the most influential families in Italy and their Prada Foundation. Our mission, focused on supporting [&hellip;]","og_url":"https:\/\/407artfoundation.org\/pl\/prada-foundation-visit\/","og_site_name":"407artfoundation.org","article_published_time":"2024-03-25T10:04:52+00:00","article_modified_time":"2024-03-25T10:35:45+00:00","og_image":[{"width":1440,"height":1920,"url":"https:\/\/407artfoundation.org\/wp-content\/uploads\/2024\/03\/Prada_entrance.jpg","type":"image\/jpeg"}],"author":"407artfoundation.org","twitter_card":"summary_large_image","twitter_misc":{"Napisane przez":"407artfoundation.org","Szacowany czas czytania":"2 minuty"},"schema":{"@context":"https:\/\/schema.org","@graph":[{"@type":"Article","@id":"https:\/\/407artfoundation.org\/prada-foundation-visit\/#article","isPartOf":{"@id":"https:\/\/407artfoundation.org\/prada-foundation-visit\/"},"author":{"name":"407artfoundation.org","@id":"https:\/\/407artfoundation.org\/#\/schema\/person\/0bd96a4ddc93509429646206afc91a94"},"headline":"Our Visit to The Prada Foundation","datePublished":"2024-03-25T10:04:52+00:00","dateModified":"2024-03-25T10:35:45+00:00","mainEntityOfPage":{"@id":"https:\/\/407artfoundation.org\/prada-foundation-visit\/"},"wordCount":376,"image":{"@id":"https:\/\/407artfoundation.org\/prada-foundation-visit\/#primaryimage"},"thumbnailUrl":"https:\/\/407artfoundation.org\/wp-content\/uploads\/2024\/03\/Prada_entrance.jpg","keywords":["FundacjaPrada","kolekcjonowanie","kolekcjonowaniesztuki","Mediolan","mentoringartystow","mlodziartysci","sztuka","sztukawsp\u00f3\u0142czesna","wspieranie artyst\u00f3w"],"articleSection":["News"],"inLanguage":"pl-PL"},{"@type":"WebPage","@id":"https:\/\/407artfoundation.org\/prada-foundation-visit\/","url":"https:\/\/407artfoundation.org\/prada-foundation-visit\/","name":"Our Visit to The Prada Foundation - 407artfoundation.org","isPartOf":{"@id":"https:\/\/407artfoundation.org\/#website"},"primaryImageOfPage":{"@id":"https:\/\/407artfoundation.org\/prada-foundation-visit\/#primaryimage"},"image":{"@id":"https:\/\/407artfoundation.org\/prada-foundation-visit\/#primaryimage"},"thumbnailUrl":"https:\/\/407artfoundation.org\/wp-content\/uploads\/2024\/03\/Prada_entrance.jpg","datePublished":"2024-03-25T10:04:52+00:00","dateModified":"2024-03-25T10:35:45+00:00","author":{"@id":"https:\/\/407artfoundation.org\/#\/schema\/person\/0bd96a4ddc93509429646206afc91a94"},"breadcrumb":{"@id":"https:\/\/407artfoundation.org\/prada-foundation-visit\/#breadcrumb"},"inLanguage":"pl-PL","potentialAction":[{"@type":"ReadAction","target":["https:\/\/407artfoundation.org\/prada-foundation-visit\/"]}]},{"@type":"ImageObject","inLanguage":"pl-PL","@id":"https:\/\/407artfoundation.org\/prada-foundation-visit\/#primaryimage","url":"https:\/\/407artfoundation.org\/wp-content\/uploads\/2024\/03\/Prada_entrance.jpg","contentUrl":"https:\/\/407artfoundation.org\/wp-content\/uploads\/2024\/03\/Prada_entrance.jpg","width":1440,"height":1920},{"@type":"BreadcrumbList","@id":"https:\/\/407artfoundation.org\/prada-foundation-visit\/#breadcrumb","itemListElement":[{"@type":"ListItem","position":1,"name":"Home","item":"https:\/\/407artfoundation.org\/"},{"@type":"ListItem","position":2,"name":"Our Visit to The Prada Foundation"}]},{"@type":"WebSite","@id":"https:\/\/407artfoundation.org\/#website","url":"https:\/\/407artfoundation.org\/","name":"407artfoundation.org","description":"Promujemy polsk\u0105 sztuk\u0119 i kultur\u0119. \u0141\u0105czymy artyst\u00f3w z kolekcjonerami. Pomagamy budowa\u0107 warto\u015bciowe kolekcje sztuki. Organizujemy wyj\u0105tkowe wystawy w ramach cyklu &quot;Sztuka na Z\u0142otej44&quot;. Wspieramy inne organizacje i instytucje dzia\u0142aj\u0105ce na rzecz szerzenia kultury.","potentialAction":[{"@type":"SearchAction","target":{"@type":"EntryPoint","urlTemplate":"https:\/\/407artfoundation.org\/?s={search_term_string}"},"query-input":{"@type":"PropertyValueSpecification","valueRequired":true,"valueName":"search_term_string"}}],"inLanguage":"pl-PL"},{"@type":"Person","@id":"https:\/\/407artfoundation.org\/#\/schema\/person\/0bd96a4ddc93509429646206afc91a94","name":"407artfoundation.org","image":{"@type":"ImageObject","inLanguage":"pl-PL","@id":"https:\/\/secure.gravatar.com\/avatar\/cc7356495ca39b5c14333ad62ce002fb13a47cbba40296ee58327f68bc960ec5?s=96&d=mm&r=g","url":"https:\/\/secure.gravatar.com\/avatar\/cc7356495ca39b5c14333ad62ce002fb13a47cbba40296ee58327f68bc960ec5?s=96&d=mm&r=g","contentUrl":"https:\/\/secure.gravatar.com\/avatar\/cc7356495ca39b5c14333ad62ce002fb13a47cbba40296ee58327f68bc960ec5?s=96&d=mm&r=g","caption":"407artfoundation.org"},"sameAs":["https:\/\/407artfoundation.org"],"url":"https:\/\/407artfoundation.org\/pl\/author\/407artfoundation-org\/"}]}},"_links":{"self":[{"href":"https:\/\/407artfoundation.org\/pl\/wp-json\/wp\/v2\/posts\/1900","targetHints":{"allow":["GET"]}}],"collection":[{"href":"https:\/\/407artfoundation.org\/pl\/wp-json\/wp\/v2\/posts"}],"about":[{"href":"https:\/\/407artfoundation.org\/pl\/wp-json\/wp\/v2\/types\/post"}],"author":[{"embeddable":true,"href":"https:\/\/407artfoundation.org\/pl\/wp-json\/wp\/v2\/users\/1"}],"replies":[{"embeddable":true,"href":"https:\/\/407artfoundation.org\/pl\/wp-json\/wp\/v2\/comments?post=1900"}],"version-history":[{"count":6,"href":"https:\/\/407artfoundation.org\/pl\/wp-json\/wp\/v2\/posts\/1900\/revisions"}],"predecessor-version":[{"id":1914,"href":"https:\/\/407artfoundation.org\/pl\/wp-json\/wp\/v2\/posts\/1900\/revisions\/1914"}],"wp:featuredmedia":[{"embeddable":true,"href":"https:\/\/407artfoundation.org\/pl\/wp-json\/wp\/v2\/media\/1913"}],"wp:attachment":[{"href":"https:\/\/407artfoundation.org\/pl\/wp-json\/wp\/v2\/media?parent=1900"}],"wp:term":[{"taxonomy":"category","embeddable":true,"href":"https:\/\/407artfoundation.org\/pl\/wp-json\/wp\/v2\/categories?post=1900"},{"taxonomy":"post_tag","embeddable":true,"href":"https:\/\/407artfoundation.org\/pl\/wp-json\/wp\/v2\/tags?post=1900"}],"curies":[{"name":"wp","href":"https:\/\/api.w.org\/{rel}","templated":true}]}}