{"id":3637,"date":"2026-03-13T10:39:50","date_gmt":"2026-03-13T09:39:50","guid":{"rendered":"https:\/\/407artfoundation.org\/?p=3637"},"modified":"2026-03-18T18:25:55","modified_gmt":"2026-03-18T17:25:55","slug":"art-talk-by-asp-407-art-foundation","status":"publish","type":"post","link":"https:\/\/407artfoundation.org\/en_gb\/art-talk-by-asp-407-art-foundation\/","title":{"rendered":"ART TALK by ASP &#038; 407 Art Foundation"},"content":{"rendered":"\t\t<div data-elementor-type=\"wp-post\" data-elementor-id=\"3637\" class=\"elementor elementor-3637\" data-elementor-post-type=\"post\">\n\t\t\t\t\t\t<section class=\"elementor-section elementor-top-section elementor-element elementor-element-1416f284 elementor-section-boxed elementor-section-height-default elementor-section-height-default\" data-id=\"1416f284\" data-element_type=\"section\" data-e-type=\"section\">\n\t\t\t\t\t\t<div class=\"elementor-container elementor-column-gap-default\">\n\t\t\t\t\t<div class=\"elementor-column elementor-col-100 elementor-top-column elementor-element elementor-element-6aa9d31e\" data-id=\"6aa9d31e\" data-element_type=\"column\" data-e-type=\"column\">\n\t\t\t<div class=\"elementor-widget-wrap elementor-element-populated\">\n\t\t\t\t\t\t<div class=\"elementor-element elementor-element-7c5591b6 elementor-widget elementor-widget-text-editor\" data-id=\"7c5591b6\" data-element_type=\"widget\" data-e-type=\"widget\" data-widget_type=\"text-editor.default\">\n\t\t\t\t<div class=\"elementor-widget-container\">\n\t\t\t\t\t\t\t\t\t<p>Warsaw, March 12, 2026<\/p><div class=\"flex-1 overflow-hidden masked-content\"><div class=\"h-full\"><div class=\"react-scroll-to-bottom--css-hwjsk-79elbk h-full\"><div class=\"react-scroll-to-bottom--css-hwjsk-1n7m0yu\"><div class=\"flex flex-col text-sm pb-[120px]\"><article class=\"w-full text-token-text-primary focus-visible:outline-2 focus-visible:outline-offset-[-4px]\" dir=\"auto\" data-testid=\"conversation-turn-93\" data-scroll-anchor=\"true\"><div class=\"text-base py-[18px] m-auto md:px-5 w-full px-3 lg:px-0\"><div class=\"mx-auto flex flex-1 gap-4 text-base md:gap-5 lg:gap-6 md:max-w-3xl lg:max-w-[40rem] xl:max-w-[48rem]\"><div class=\"group\/conversation-turn relative flex w-full min-w-0 flex-col agent-turn\"><div class=\"flex-col gap-1 md:gap-3\"><div class=\"flex max-w-full flex-col flex-grow\"><div class=\"min-h-[20px] text-message flex w-full flex-col items-end gap-2 break-words [.text-message+&amp;]:mt-5 overflow-x-auto whitespace-normal\" dir=\"auto\" data-message-author-role=\"assistant\" data-message-id=\"f5c8fe7e-3ad9-40f5-b10b-38064724874d\"><div class=\"flex w-full flex-col gap-1 empty:hidden first:pt-[3px]\"><div class=\"markdown prose w-full break-words dark:prose-invert light\"><div class=\"flex-1 overflow-hidden @container\/thread\"><div class=\"h-full\"><div class=\"react-scroll-to-bottom--css-kegfn-79elbk h-full\"><div class=\"react-scroll-to-bottom--css-kegfn-1n7m0yu\"><div class=\"flex flex-col text-sm md:pb-9\"><article class=\"w-full scroll-mb-[var(--thread-trailing-height,150px)] text-token-text-primary focus-visible:outline-2 focus-visible:outline-offset-[-4px]\" dir=\"auto\" data-testid=\"conversation-turn-17\" data-scroll-anchor=\"true\"><div class=\"m-auto text-base py-[18px] px-3 md:px-4 w-full md:px-5 lg:px-4 xl:px-5\"><div class=\"mx-auto flex flex-1 gap-4 text-base md:gap-5 lg:gap-6 md:max-w-3xl lg:max-w-[40rem] xl:max-w-[48rem]\"><div class=\"group\/conversation-turn relative flex w-full min-w-0 flex-col agent-turn\"><div class=\"flex-col gap-1 md:gap-3\"><div class=\"flex max-w-full flex-col flex-grow\"><div class=\"min-h-8 text-message flex w-full flex-col items-end gap-2 whitespace-normal break-words text-start [.text-message+&amp;]:mt-5\" dir=\"auto\" data-message-author-role=\"assistant\" data-message-id=\"41f5e8d5-6e96-4dbf-b5af-3de4ba5dfc56\" data-message-model-slug=\"gpt-4o\"><div class=\"flex w-full flex-col gap-1 empty:hidden first:pt-[3px]\"><div class=\"markdown prose w-full break-words dark:prose-invert light\"><p data-start=\"4719\" data-end=\"4920\">The evening of <a href=\"https:\/\/407artfoundation.org\/en_gb\/the-colors-of-color-klaudia-krzosek\/\">Sztuka na Z\u0142otej 44<\/a> in 2026\u00a0began with the <strong data-start=\"4774\" data-end=\"4828\">ART TALK Academy of Fine Arts &amp; 407 Art Foundation<\/strong>. The meeting gathered art collectors, business leaders, and contemporary art enthusiasts. The discussion was moderated by curator Aron Pude\u0142ko. He was joined by Professor <a href=\"https:\/\/pl.wikipedia.org\/wiki\/Andrzej_Zwierzchowski\">Andrzej Zwierzchowski<\/a> from the <a href=\"https:\/\/asp.waw.pl\/\"><span class=\"hover:entity-accent entity-underline inline cursor-pointer align-baseline\"><span class=\"whitespace-normal\">Akademia Sztuk Pi\u0119knych w Warszawie<\/span><\/span><\/a>. The ART TALK introduced the audience to the topic of abstraction. It also explored its role in the development of modern visual language.<\/p><p data-start=\"5217\" data-end=\"5368\">The conversation was structured as a journey through the history of painting. Speakers showed how the understanding of images evolved over centuries.<\/p><h2 data-section-id=\"4om0kx\" data-start=\"5370\" data-end=\"5430\">From Caravaggio\u2019s light to modern artistic transformation<\/h2><p data-start=\"5432\" data-end=\"5581\">The discussion began with the work of <a href=\"https:\/\/pl.wikipedia.org\/wiki\/Caravaggio\"><span class=\"hover:entity-accent entity-underline inline cursor-pointer align-baseline\"><span class=\"whitespace-normal\">Caravaggio<\/span><\/span><\/a>. He was presented as a master of dramatic light in figurative painting. His works show how light builds emotion and narrative intensity. They also demonstrate how symbolism can coexist with realism. More information about the artist can be found at<br data-start=\"5762\" data-end=\"5765\" \/><a class=\"decorated-link cursor-pointer\" href=\"https:\/\/www.nationalgallery.org.uk\/artists\/caravaggio\" target=\"_new\" rel=\"noopener\" data-start=\"5765\" data-end=\"5818\">https:\/\/www.nationalgallery.org.uk\/artists\/caravaggio<\/a><\/p><p data-start=\"5820\" data-end=\"5968\">The conversation then moved to the work of <a href=\"https:\/\/niezlasztuka.net\/artysta\/pablo-picasso\/\"><span class=\"hover:entity-accent entity-underline inline cursor-pointer align-baseline\"><span class=\"whitespace-normal\">Pablo Picasso<\/span><\/span><\/a>. His experiments with form opened the door to modern abstraction. Picasso demonstrated that art does not need to replicate reality. Viewers still recognize a face even when it is fragmented or simplified.<\/p><p data-start=\"6112\" data-end=\"6197\">More information about the artist can be found at<br data-start=\"6161\" data-end=\"6164\" \/><a class=\"decorated-link\" href=\"https:\/\/www.moma.org\/artists\/4609\" target=\"_new\" rel=\"noopener\" data-start=\"6164\" data-end=\"6197\">https:\/\/www.moma.org\/artists\/4609<\/a><\/p><h2 data-section-id=\"r1683e\" data-start=\"6199\" data-end=\"6253\">The idea of the absolute: Michelangelo and Malevich<\/h2><p data-start=\"6255\" data-end=\"6448\">One of the most engaging moments compared two visions of the absolute. The speakers contrasted the work of <span class=\"hover:entity-accent entity-underline inline cursor-pointer align-baseline\"><span class=\"whitespace-normal\">Michelangelo<\/span><\/span> and <a href=\"https:\/\/en.wikipedia.org\/wiki\/Kazimir_Malevich\"><span class=\"hover:entity-accent entity-underline inline cursor-pointer align-baseline\"><span class=\"whitespace-normal\">Kazimir Malevich<\/span><\/span><\/a>. Michelangelo expressed transcendence through the human figure. Malevich reduced the image to pure form and color. This comparison showed how different artistic strategies address similar philosophical questions.<\/p><p data-start=\"6666\" data-end=\"6761\">More about Malevich can be found at<br data-start=\"6701\" data-end=\"6704\" \/><a class=\"decorated-link cursor-pointer\" href=\"https:\/\/www.tate.org.uk\/art\/artists\/kazimir-malevich-1566\" target=\"_new\" rel=\"noopener\" data-start=\"6704\" data-end=\"6761\">https:\/\/www.tate.org.uk\/art\/artists\/kazimir-malevich-1566<\/a><\/p><h2 data-section-id=\"15qbv4l\" data-start=\"6763\" data-end=\"6805\">Color, perception, and optical illusion<\/h2><p data-start=\"6807\" data-end=\"6953\">Another section focused on the role of color in abstract art. The speakers discussed the experiments of <a href=\"https:\/\/en.wikipedia.org\/wiki\/Josef_Albers\"><span class=\"hover:entity-accent entity-underline inline cursor-pointer align-baseline\"><span class=\"whitespace-normal\">Josef Albers<\/span><\/span><\/a>. His work demonstrates how color perception changes depending on context. Albers\u2019 research shaped modern art education.<\/p><p data-start=\"7077\" data-end=\"7178\">More information is available at<br data-start=\"7109\" data-end=\"7112\" \/><a class=\"decorated-link\" href=\"https:\/\/yalebooks.yale.edu\/book\/9780300179354\/interaction-of-color\" target=\"_new\" rel=\"noopener\" data-start=\"7112\" data-end=\"7178\">https:\/\/yalebooks.yale.edu\/book\/9780300179354\/interaction-of-color<\/a><\/p><p data-start=\"7180\" data-end=\"7325\">The discussion also included the work of <a href=\"https:\/\/en.wikipedia.org\/wiki\/Bridget_Riley\"><span class=\"hover:entity-accent entity-underline inline cursor-pointer align-baseline\"><span class=\"whitespace-normal\">Bridget Riley<\/span><\/span><\/a>. Her paintings explore visual perception and optical illusion. They demonstrate how the viewer becomes an active participant in the artwork.<\/p><p data-start=\"7406\" data-end=\"7512\">More information about the artist can be found at<br data-start=\"7455\" data-end=\"7458\" \/><a class=\"decorated-link\" href=\"https:\/\/www.tate.org.uk\/art\/artists\/bridget-riley-1845\" target=\"_new\" rel=\"noopener\" data-start=\"7458\" data-end=\"7512\">https:\/\/www.tate.org.uk\/art\/artists\/bridget-riley-1845<\/a><\/p><h2 data-section-id=\"3i97ne\" data-start=\"7514\" data-end=\"7557\">Collectors and the art market experience<\/h2><p data-start=\"7559\" data-end=\"7686\">An important part of the ART TALK involved art collectors. They represented the community gathered around 407 Art Foundation. Collectors discussed how they select artworks for their collections. They also shared insights into the process of building a collection. Education and dialogue with artists were highlighted as key elements. Participants also spoke about collector dinners organized by the Foundation. These meetings allow collectors to exchange knowledge and experiences. This approach helps build a strong collecting community.<\/p><h2 data-section-id=\"4v0pk5\" data-start=\"8109\" data-end=\"8159\">Education and the next generation of collectors<\/h2><p data-start=\"8161\" data-end=\"8315\">The ART TALK Academy of Fine Arts &amp; 407 Art Foundation is part of a broader educational program. Its goal is to increase knowledge about the art market. The program includes initiatives called <a href=\"https:\/\/407artfoundation.org\/pl\/nowe-pokolenie-kolekcjonerow\/\"><strong data-start=\"8357\" data-end=\"8389\">New Generation of Collectors<\/strong><\/a> and <a href=\"https:\/\/407artfoundation.org\/pl\/art-market-education\/\"><strong data-start=\"8394\" data-end=\"8418\">Art Market Education<\/strong><\/a>. These meetings connect artists, professors, and collectors. Such encounters create valuable dialogue between different parts of the art world.<\/p><h2 data-section-id=\"aisqh7\" data-start=\"8567\" data-end=\"8621\">Introduction to Klaudia Krzosek\u2019s artistic language<\/h2><p data-start=\"8623\" data-end=\"8765\">The ART TALK also prepared the audience for the next part of the evening. It introduced viewers to the artistic language of Klaudia Krzosek. On the same day the artist presented her new series <a href=\"https:\/\/407artfoundation.org\/pl\/the-colors-of-color-klaudia-krzosek\/\"><strong data-start=\"8819\" data-end=\"8842\">The Colors of Color<\/strong><\/a>. The exhibition explored her approach to light, color, and abstraction. The paintings were the result of two years of artistic work. Visitors could experience how abstract language functions in contemporary painting.<\/p><h2 data-start=\"3638\" data-end=\"3658\">Press Information<\/h2><p data-start=\"3660\" data-end=\"3776\">Journalists interested in attending or receiving additional materials are invited to contact the 407 Art Foundation.<\/p><p data-start=\"3778\" data-end=\"3816\">The full PRESS KIT is available below.<\/p><p data-start=\"3818\" data-end=\"3838\"><a href=\"http:\/\/407artfoundation.org\/wp-content\/uploads\/2026\/02\/PRESS-KIT-_Sztuka-na-Zlotej-44_-2026.docx\">PRESS KIT<\/a><\/p><\/div><\/div><\/div><\/div><\/div><\/div><\/div><\/div><\/article><\/div><\/div><\/div><\/div><\/div><\/div><\/div><\/div><\/div><\/div><\/div><\/div><\/div><\/article><\/div><\/div><\/div><\/div><\/div>\t\t\t\t\t\t\t\t<\/div>\n\t\t\t\t<\/div>\n\t\t\t\t\t<\/div>\n\t\t<\/div>\n\t\t\t\t\t<\/div>\n\t\t<\/section>\n\t\t\t\t<section class=\"elementor-section elementor-top-section elementor-element elementor-element-53a1d7b elementor-section-boxed elementor-section-height-default elementor-section-height-default\" data-id=\"53a1d7b\" data-element_type=\"section\" data-e-type=\"section\">\n\t\t\t\t\t\t<div class=\"elementor-container elementor-column-gap-default\">\n\t\t\t\t\t<div class=\"elementor-column elementor-col-100 elementor-top-column elementor-element elementor-element-d208261\" data-id=\"d208261\" data-element_type=\"column\" data-e-type=\"column\">\n\t\t\t<div class=\"elementor-widget-wrap\">\n\t\t\t\t\t\t\t<\/div>\n\t\t<\/div>\n\t\t\t\t\t<\/div>\n\t\t<\/section>\n\t\t\t\t<section class=\"elementor-section elementor-top-section elementor-element elementor-element-01b531c elementor-section-boxed elementor-section-height-default elementor-section-height-default\" data-id=\"01b531c\" data-element_type=\"section\" data-e-type=\"section\">\n\t\t\t\t\t\t<div class=\"elementor-container elementor-column-gap-default\">\n\t\t\t\t\t<div class=\"elementor-column elementor-col-100 elementor-top-column elementor-element elementor-element-eeea607\" data-id=\"eeea607\" data-element_type=\"column\" data-e-type=\"column\">\n\t\t\t<div class=\"elementor-widget-wrap elementor-element-populated\">\n\t\t\t\t\t\t<div class=\"elementor-element elementor-element-8479ec1 elementor-widget elementor-widget-gallery\" data-id=\"8479ec1\" data-element_type=\"widget\" data-e-type=\"widget\" data-settings=\"{&quot;lazyload&quot;:&quot;yes&quot;,&quot;gallery_layout&quot;:&quot;grid&quot;,&quot;columns&quot;:4,&quot;columns_tablet&quot;:2,&quot;columns_mobile&quot;:1,&quot;gap&quot;:{&quot;unit&quot;:&quot;px&quot;,&quot;size&quot;:10,&quot;sizes&quot;:[]},&quot;gap_tablet&quot;:{&quot;unit&quot;:&quot;px&quot;,&quot;size&quot;:10,&quot;sizes&quot;:[]},&quot;gap_mobile&quot;:{&quot;unit&quot;:&quot;px&quot;,&quot;size&quot;:10,&quot;sizes&quot;:[]},&quot;link_to&quot;:&quot;file&quot;,&quot;aspect_ratio&quot;:&quot;3:2&quot;,&quot;overlay_background&quot;:&quot;yes&quot;,&quot;content_hover_animation&quot;:&quot;fade-in&quot;}\" data-widget_type=\"gallery.default\">\n\t\t\t\t<div class=\"elementor-widget-container\">\n\t\t\t\t\t\t\t<div class=\"elementor-gallery__container\">\n\t\t\t\t\t\t\t<a class=\"e-gallery-item elementor-gallery-item elementor-animated-content\" href=\"https:\/\/407artfoundation.org\/wp-content\/uploads\/2026\/03\/407_Art_Foundation_Art_Talk-scaled.jpg\" data-elementor-open-lightbox=\"yes\" data-elementor-lightbox-slideshow=\"8479ec1\" data-elementor-lightbox-title=\"407_Art_Foundation_Art_Talk\" data-elementor-lightbox-description=\"ART TALK ASP 407 Art Foundation\" data-e-action-hash=\"#elementor-action%3Aaction%3Dlightbox%26settings%3DeyJpZCI6MzY0MCwidXJsIjoiaHR0cHM6XC9cLzQwN2FydGZvdW5kYXRpb24ub3JnXC93cC1jb250ZW50XC91cGxvYWRzXC8yMDI2XC8wM1wvNDA3X0FydF9Gb3VuZGF0aW9uX0FydF9UYWxrLXNjYWxlZC5qcGciLCJzbGlkZXNob3ciOiI4NDc5ZWMxIn0%3D\">\n\t\t\t\t\t<div class=\"e-gallery-image elementor-gallery-item__image\" data-thumbnail=\"https:\/\/407artfoundation.org\/wp-content\/uploads\/2026\/03\/407_Art_Foundation_Art_Talk-300x200.jpg\" data-width=\"300\" data-height=\"200\" aria-label=\"ART TALK ASP 407 Art Foundation\" role=\"img\" ><\/div>\n\t\t\t\t\t\t\t\t\t\t\t<div class=\"elementor-gallery-item__overlay\"><\/div>\n\t\t\t\t\t\t\t\t\t\t\t\t\t\t<\/a>\n\t\t\t\t\t\t\t<a class=\"e-gallery-item elementor-gallery-item elementor-animated-content\" href=\"https:\/\/407artfoundation.org\/wp-content\/uploads\/2026\/03\/407_Art_Foundation_Art_Talk_1-scaled.jpg\" data-elementor-open-lightbox=\"yes\" data-elementor-lightbox-slideshow=\"8479ec1\" data-elementor-lightbox-title=\"407_Art_Foundation_Art_Talk_1\" data-e-action-hash=\"#elementor-action%3Aaction%3Dlightbox%26settings%3DeyJpZCI6MzY0MSwidXJsIjoiaHR0cHM6XC9cLzQwN2FydGZvdW5kYXRpb24ub3JnXC93cC1jb250ZW50XC91cGxvYWRzXC8yMDI2XC8wM1wvNDA3X0FydF9Gb3VuZGF0aW9uX0FydF9UYWxrXzEtc2NhbGVkLmpwZyIsInNsaWRlc2hvdyI6Ijg0NzllYzEifQ%3D%3D\">\n\t\t\t\t\t<div class=\"e-gallery-image elementor-gallery-item__image\" data-thumbnail=\"https:\/\/407artfoundation.org\/wp-content\/uploads\/2026\/03\/407_Art_Foundation_Art_Talk_1-300x200.jpg\" data-width=\"300\" data-height=\"200\" aria-label=\"\" role=\"img\" ><\/div>\n\t\t\t\t\t\t\t\t\t\t\t<div class=\"elementor-gallery-item__overlay\"><\/div>\n\t\t\t\t\t\t\t\t\t\t\t\t\t\t<\/a>\n\t\t\t\t\t\t\t<a class=\"e-gallery-item elementor-gallery-item elementor-animated-content\" href=\"https:\/\/407artfoundation.org\/wp-content\/uploads\/2026\/03\/407_Art_Foundation_Art_Talk_2-scaled.jpg\" data-elementor-open-lightbox=\"yes\" data-elementor-lightbox-slideshow=\"8479ec1\" data-elementor-lightbox-title=\"407_Art_Foundation_Art_Talk_2\" data-e-action-hash=\"#elementor-action%3Aaction%3Dlightbox%26settings%3DeyJpZCI6MzY0MiwidXJsIjoiaHR0cHM6XC9cLzQwN2FydGZvdW5kYXRpb24ub3JnXC93cC1jb250ZW50XC91cGxvYWRzXC8yMDI2XC8wM1wvNDA3X0FydF9Gb3VuZGF0aW9uX0FydF9UYWxrXzItc2NhbGVkLmpwZyIsInNsaWRlc2hvdyI6Ijg0NzllYzEifQ%3D%3D\">\n\t\t\t\t\t<div class=\"e-gallery-image elementor-gallery-item__image\" data-thumbnail=\"https:\/\/407artfoundation.org\/wp-content\/uploads\/2026\/03\/407_Art_Foundation_Art_Talk_2-300x200.jpg\" data-width=\"300\" data-height=\"200\" aria-label=\"\" role=\"img\" ><\/div>\n\t\t\t\t\t\t\t\t\t\t\t<div class=\"elementor-gallery-item__overlay\"><\/div>\n\t\t\t\t\t\t\t\t\t\t\t\t\t\t<\/a>\n\t\t\t\t\t\t\t<a class=\"e-gallery-item elementor-gallery-item elementor-animated-content\" href=\"https:\/\/407artfoundation.org\/wp-content\/uploads\/2026\/03\/Aron_Pudelko_407_Art_Foundation_Art_Talk-scaled.jpg\" data-elementor-open-lightbox=\"yes\" data-elementor-lightbox-slideshow=\"8479ec1\" data-elementor-lightbox-title=\"Aron_Pudelko_407_Art_Foundation_Art_Talk\" data-e-action-hash=\"#elementor-action%3Aaction%3Dlightbox%26settings%3DeyJpZCI6MzY0MywidXJsIjoiaHR0cHM6XC9cLzQwN2FydGZvdW5kYXRpb24ub3JnXC93cC1jb250ZW50XC91cGxvYWRzXC8yMDI2XC8wM1wvQXJvbl9QdWRlbGtvXzQwN19BcnRfRm91bmRhdGlvbl9BcnRfVGFsay1zY2FsZWQuanBnIiwic2xpZGVzaG93IjoiODQ3OWVjMSJ9\">\n\t\t\t\t\t<div class=\"e-gallery-image elementor-gallery-item__image\" data-thumbnail=\"https:\/\/407artfoundation.org\/wp-content\/uploads\/2026\/03\/Aron_Pudelko_407_Art_Foundation_Art_Talk-300x200.jpg\" data-width=\"300\" data-height=\"200\" aria-label=\"\" role=\"img\" ><\/div>\n\t\t\t\t\t\t\t\t\t\t\t<div class=\"elementor-gallery-item__overlay\"><\/div>\n\t\t\t\t\t\t\t\t\t\t\t\t\t\t<\/a>\n\t\t\t\t\t\t\t<a class=\"e-gallery-item elementor-gallery-item elementor-animated-content\" href=\"https:\/\/407artfoundation.org\/wp-content\/uploads\/2026\/03\/407_Art_Foundation_Art_Talk_3-1-scaled.jpg\" data-elementor-open-lightbox=\"yes\" data-elementor-lightbox-slideshow=\"8479ec1\" data-elementor-lightbox-title=\"407_Art_Foundation_Art_Talk_3\" data-e-action-hash=\"#elementor-action%3Aaction%3Dlightbox%26settings%3DeyJpZCI6MzY0NSwidXJsIjoiaHR0cHM6XC9cLzQwN2FydGZvdW5kYXRpb24ub3JnXC93cC1jb250ZW50XC91cGxvYWRzXC8yMDI2XC8wM1wvNDA3X0FydF9Gb3VuZGF0aW9uX0FydF9UYWxrXzMtMS1zY2FsZWQuanBnIiwic2xpZGVzaG93IjoiODQ3OWVjMSJ9\">\n\t\t\t\t\t<div class=\"e-gallery-image elementor-gallery-item__image\" data-thumbnail=\"https:\/\/407artfoundation.org\/wp-content\/uploads\/2026\/03\/407_Art_Foundation_Art_Talk_3-1-300x200.jpg\" data-width=\"300\" data-height=\"200\" aria-label=\"\" role=\"img\" ><\/div>\n\t\t\t\t\t\t\t\t\t\t\t<div class=\"elementor-gallery-item__overlay\"><\/div>\n\t\t\t\t\t\t\t\t\t\t\t\t\t\t<\/a>\n\t\t\t\t\t\t\t<a class=\"e-gallery-item elementor-gallery-item elementor-animated-content\" href=\"https:\/\/407artfoundation.org\/wp-content\/uploads\/2026\/03\/407_Art_Foundation_Art_Talk_4-scaled.jpg\" data-elementor-open-lightbox=\"yes\" data-elementor-lightbox-slideshow=\"8479ec1\" data-elementor-lightbox-title=\"407_Art_Foundation_Art_Talk_4\" data-e-action-hash=\"#elementor-action%3Aaction%3Dlightbox%26settings%3DeyJpZCI6MzY0NiwidXJsIjoiaHR0cHM6XC9cLzQwN2FydGZvdW5kYXRpb24ub3JnXC93cC1jb250ZW50XC91cGxvYWRzXC8yMDI2XC8wM1wvNDA3X0FydF9Gb3VuZGF0aW9uX0FydF9UYWxrXzQtc2NhbGVkLmpwZyIsInNsaWRlc2hvdyI6Ijg0NzllYzEifQ%3D%3D\">\n\t\t\t\t\t<div class=\"e-gallery-image elementor-gallery-item__image\" data-thumbnail=\"https:\/\/407artfoundation.org\/wp-content\/uploads\/2026\/03\/407_Art_Foundation_Art_Talk_4-300x200.jpg\" data-width=\"300\" data-height=\"200\" aria-label=\"\" role=\"img\" ><\/div>\n\t\t\t\t\t\t\t\t\t\t\t<div class=\"elementor-gallery-item__overlay\"><\/div>\n\t\t\t\t\t\t\t\t\t\t\t\t\t\t<\/a>\n\t\t\t\t\t\t\t<a class=\"e-gallery-item elementor-gallery-item elementor-animated-content\" href=\"https:\/\/407artfoundation.org\/wp-content\/uploads\/2026\/03\/407_Art_Foundation_Art_Talk_5-scaled.jpg\" data-elementor-open-lightbox=\"yes\" data-elementor-lightbox-slideshow=\"8479ec1\" data-elementor-lightbox-title=\"407_Art_Foundation_Art_Talk_5\" data-e-action-hash=\"#elementor-action%3Aaction%3Dlightbox%26settings%3DeyJpZCI6MzY0NywidXJsIjoiaHR0cHM6XC9cLzQwN2FydGZvdW5kYXRpb24ub3JnXC93cC1jb250ZW50XC91cGxvYWRzXC8yMDI2XC8wM1wvNDA3X0FydF9Gb3VuZGF0aW9uX0FydF9UYWxrXzUtc2NhbGVkLmpwZyIsInNsaWRlc2hvdyI6Ijg0NzllYzEifQ%3D%3D\">\n\t\t\t\t\t<div class=\"e-gallery-image elementor-gallery-item__image\" data-thumbnail=\"https:\/\/407artfoundation.org\/wp-content\/uploads\/2026\/03\/407_Art_Foundation_Art_Talk_5-300x200.jpg\" data-width=\"300\" data-height=\"200\" aria-label=\"\" role=\"img\" ><\/div>\n\t\t\t\t\t\t\t\t\t\t\t<div class=\"elementor-gallery-item__overlay\"><\/div>\n\t\t\t\t\t\t\t\t\t\t\t\t\t\t<\/a>\n\t\t\t\t\t\t\t<a class=\"e-gallery-item elementor-gallery-item elementor-animated-content\" href=\"https:\/\/407artfoundation.org\/wp-content\/uploads\/2026\/03\/407_Art_Foundation_Art_Talk_6-scaled.jpg\" data-elementor-open-lightbox=\"yes\" data-elementor-lightbox-slideshow=\"8479ec1\" data-elementor-lightbox-title=\"407_Art_Foundation_Art_Talk_6\" data-e-action-hash=\"#elementor-action%3Aaction%3Dlightbox%26settings%3DeyJpZCI6MzY0OCwidXJsIjoiaHR0cHM6XC9cLzQwN2FydGZvdW5kYXRpb24ub3JnXC93cC1jb250ZW50XC91cGxvYWRzXC8yMDI2XC8wM1wvNDA3X0FydF9Gb3VuZGF0aW9uX0FydF9UYWxrXzYtc2NhbGVkLmpwZyIsInNsaWRlc2hvdyI6Ijg0NzllYzEifQ%3D%3D\">\n\t\t\t\t\t<div class=\"e-gallery-image elementor-gallery-item__image\" data-thumbnail=\"https:\/\/407artfoundation.org\/wp-content\/uploads\/2026\/03\/407_Art_Foundation_Art_Talk_6-300x200.jpg\" data-width=\"300\" data-height=\"200\" aria-label=\"\" role=\"img\" ><\/div>\n\t\t\t\t\t\t\t\t\t\t\t<div class=\"elementor-gallery-item__overlay\"><\/div>\n\t\t\t\t\t\t\t\t\t\t\t\t\t\t<\/a>\n\t\t\t\t\t<\/div>\n\t\t\t\t\t<\/div>\n\t\t\t\t<\/div>\n\t\t\t\t<div class=\"elementor-element elementor-element-125adfb elementor-widget elementor-widget-heading\" data-id=\"125adfb\" data-element_type=\"widget\" data-e-type=\"widget\" data-widget_type=\"heading.default\">\n\t\t\t\t<div class=\"elementor-widget-container\">\n\t\t\t\t\t<h2 class=\"elementor-heading-title elementor-size-default\">The Colors of Colors official poster<\/h2>\t\t\t\t<\/div>\n\t\t\t\t<\/div>\n\t\t\t\t\t<\/div>\n\t\t<\/div>\n\t\t\t\t\t<\/div>\n\t\t<\/section>\n\t\t\t\t<section class=\"elementor-section elementor-top-section elementor-element elementor-element-52c2506 elementor-section-boxed elementor-section-height-default elementor-section-height-default\" data-id=\"52c2506\" data-element_type=\"section\" data-e-type=\"section\">\n\t\t\t\t\t\t<div class=\"elementor-container elementor-column-gap-default\">\n\t\t\t\t\t<div class=\"elementor-column elementor-col-66 elementor-top-column elementor-element elementor-element-3a81535\" data-id=\"3a81535\" data-element_type=\"column\" data-e-type=\"column\">\n\t\t\t<div class=\"elementor-widget-wrap elementor-element-populated\">\n\t\t\t\t\t\t<div class=\"elementor-element elementor-element-fcd9c2f elementor-widget elementor-widget-image\" data-id=\"fcd9c2f\" data-element_type=\"widget\" data-e-type=\"widget\" data-widget_type=\"image.default\">\n\t\t\t\t<div class=\"elementor-widget-container\">\n\t\t\t\t\t\t\t\t\t\t\t\t\t\t\t<img fetchpriority=\"high\" decoding=\"async\" width=\"683\" height=\"1024\" src=\"https:\/\/407artfoundation.org\/wp-content\/uploads\/2026\/02\/Post-na-Linkedin-dla-Partnerow_SztukaNaZlota44_2026-683x1024.png\" class=\"attachment-large size-large wp-image-3528\" alt=\"plakat The Colors of Color\" srcset=\"https:\/\/407artfoundation.org\/wp-content\/uploads\/2026\/02\/Post-na-Linkedin-dla-Partnerow_SztukaNaZlota44_2026-683x1024.png 683w, https:\/\/407artfoundation.org\/wp-content\/uploads\/2026\/02\/Post-na-Linkedin-dla-Partnerow_SztukaNaZlota44_2026-200x300.png 200w, https:\/\/407artfoundation.org\/wp-content\/uploads\/2026\/02\/Post-na-Linkedin-dla-Partnerow_SztukaNaZlota44_2026-8x12.png 8w, https:\/\/407artfoundation.org\/wp-content\/uploads\/2026\/02\/Post-na-Linkedin-dla-Partnerow_SztukaNaZlota44_2026-600x900.png 600w, https:\/\/407artfoundation.org\/wp-content\/uploads\/2026\/02\/Post-na-Linkedin-dla-Partnerow_SztukaNaZlota44_2026.png 720w\" sizes=\"(max-width: 683px) 100vw, 683px\" \/>\t\t\t\t\t\t\t\t\t\t\t\t\t\t\t<\/div>\n\t\t\t\t<\/div>\n\t\t\t\t\t<\/div>\n\t\t<\/div>\n\t\t\t\t<div class=\"elementor-column elementor-col-33 elementor-top-column elementor-element elementor-element-aa62467\" data-id=\"aa62467\" data-element_type=\"column\" data-e-type=\"column\">\n\t\t\t<div class=\"elementor-widget-wrap elementor-element-populated\">\n\t\t\t\t\t\t<div class=\"elementor-element elementor-element-6c7d7a2 elementor-widget elementor-widget-text-editor\" data-id=\"6c7d7a2\" data-element_type=\"widget\" data-e-type=\"widget\" data-widget_type=\"text-editor.default\">\n\t\t\t\t<div class=\"elementor-widget-container\">\n\t\t\t\t\t\t\t\t\t<h4>The official poster of The Colors of Color art exhibition.<\/h4><p>concept &amp; design: Grzegorz Jaworski<\/p>\t\t\t\t\t\t\t\t<\/div>\n\t\t\t\t<\/div>\n\t\t\t\t\t<\/div>\n\t\t<\/div>\n\t\t\t\t\t<\/div>\n\t\t<\/section>\n\t\t\t\t<\/div>\n\t\t","protected":false},"excerpt":{"rendered":"<p>Warsaw, March 12, 2026 The evening of Sztuka na Z\u0142otej 44 in 2026\u00a0began with the ART TALK Academy of Fine Arts &amp; 407 Art Foundation. The meeting gathered art collectors, business leaders, and contemporary art enthusiasts. The discussion was moderated by curator Aron Pude\u0142ko. He was joined by Professor Andrzej Zwierzchowski from the Akademia Sztuk [&hellip;]<\/p>\n","protected":false},"author":1,"featured_media":3638,"comment_status":"closed","ping_status":"open","sticky":false,"template":"","format":"standard","meta":{"give_campaign_id":0,"footnotes":""},"categories":[35],"tags":[159,237,118,162,113,59],"class_list":["post-3637","post","type-post","status-publish","format-standard","has-post-thumbnail","hentry","category-news","tag-klaudiakrzosek","tag-presskit","tag-sztukanazlotej44","tag-thecolorsofcolor","tag-wernisaz","tag-407artfoundation"],"yoast_head":"<!-- This site is optimized with the Yoast SEO plugin v27.5 - https:\/\/yoast.com\/product\/yoast-seo-wordpress\/ -->\n<title>ART TALK by ASP &amp; 407 Art Foundation - 407artfoundation.org<\/title>\n<meta name=\"description\" content=\"Art Talk prowadzony przez 407 Art Foundation z ASP i kolekcjonerami rozpocz\u0105\u0142 edycja 2026 &quot;Sztuka na Z\u0142otej 44&quot;\" \/>\n<meta name=\"robots\" content=\"index, follow, max-snippet:-1, max-image-preview:large, max-video-preview:-1\" \/>\n<link rel=\"canonical\" href=\"https:\/\/407artfoundation.org\/en_gb\/art-talk-by-asp-407-art-foundation\/\" \/>\n<meta property=\"og:locale\" content=\"en_GB\" \/>\n<meta property=\"og:type\" content=\"article\" \/>\n<meta property=\"og:title\" content=\"ART TALK by ASP &amp; 407 Art Foundation - 407artfoundation.org\" \/>\n<meta property=\"og:description\" content=\"Art Talk prowadzony przez 407 Art Foundation z ASP i kolekcjonerami rozpocz\u0105\u0142 edycja 2026 &quot;Sztuka na Z\u0142otej 44&quot;\" \/>\n<meta property=\"og:url\" content=\"https:\/\/407artfoundation.org\/en_gb\/art-talk-by-asp-407-art-foundation\/\" \/>\n<meta property=\"og:site_name\" content=\"407artfoundation.org\" \/>\n<meta property=\"article:published_time\" content=\"2026-03-13T09:39:50+00:00\" \/>\n<meta property=\"article:modified_time\" content=\"2026-03-18T17:25:55+00:00\" \/>\n<meta property=\"og:image\" content=\"http:\/\/407artfoundation.org\/wp-content\/uploads\/2026\/03\/407_Art_Foundation_Art_Talk_3-scaled.jpg\" \/>\n\t<meta property=\"og:image:width\" content=\"2560\" \/>\n\t<meta property=\"og:image:height\" content=\"1703\" \/>\n\t<meta property=\"og:image:type\" content=\"image\/jpeg\" \/>\n<meta name=\"author\" content=\"407artfoundation.org\" \/>\n<meta name=\"twitter:card\" content=\"summary_large_image\" \/>\n<meta name=\"twitter:label1\" content=\"Written by\" \/>\n\t<meta name=\"twitter:data1\" content=\"407artfoundation.org\" \/>\n\t<meta name=\"twitter:label2\" content=\"Estimated reading time\" \/>\n\t<meta name=\"twitter:data2\" content=\"3 minutes\" \/>\n<script type=\"application\/ld+json\" class=\"yoast-schema-graph\">{\"@context\":\"https:\\\/\\\/schema.org\",\"@graph\":[{\"@type\":\"Article\",\"@id\":\"https:\\\/\\\/407artfoundation.org\\\/art-talk-by-asp-407-art-foundation\\\/#article\",\"isPartOf\":{\"@id\":\"https:\\\/\\\/407artfoundation.org\\\/art-talk-by-asp-407-art-foundation\\\/\"},\"author\":{\"name\":\"407artfoundation.org\",\"@id\":\"https:\\\/\\\/407artfoundation.org\\\/#\\\/schema\\\/person\\\/0bd96a4ddc93509429646206afc91a94\"},\"headline\":\"ART TALK by ASP &#038; 407 Art Foundation\",\"datePublished\":\"2026-03-13T09:39:50+00:00\",\"dateModified\":\"2026-03-18T17:25:55+00:00\",\"mainEntityOfPage\":{\"@id\":\"https:\\\/\\\/407artfoundation.org\\\/art-talk-by-asp-407-art-foundation\\\/\"},\"wordCount\":666,\"image\":{\"@id\":\"https:\\\/\\\/407artfoundation.org\\\/art-talk-by-asp-407-art-foundation\\\/#primaryimage\"},\"thumbnailUrl\":\"https:\\\/\\\/407artfoundation.org\\\/wp-content\\\/uploads\\\/2026\\\/03\\\/407_Art_Foundation_Art_Talk_3-scaled.jpg\",\"keywords\":[\"#klaudiakrzosek\",\"#presskit\",\"#SztukaNaZ\u0142otej44\",\"#thecolorsofcolor\",\"#wernisaz\",\"407artfoundation\"],\"articleSection\":[\"News\"],\"inLanguage\":\"en-GB\"},{\"@type\":\"WebPage\",\"@id\":\"https:\\\/\\\/407artfoundation.org\\\/art-talk-by-asp-407-art-foundation\\\/\",\"url\":\"https:\\\/\\\/407artfoundation.org\\\/art-talk-by-asp-407-art-foundation\\\/\",\"name\":\"ART TALK by ASP & 407 Art Foundation - 407artfoundation.org\",\"isPartOf\":{\"@id\":\"https:\\\/\\\/407artfoundation.org\\\/#website\"},\"primaryImageOfPage\":{\"@id\":\"https:\\\/\\\/407artfoundation.org\\\/art-talk-by-asp-407-art-foundation\\\/#primaryimage\"},\"image\":{\"@id\":\"https:\\\/\\\/407artfoundation.org\\\/art-talk-by-asp-407-art-foundation\\\/#primaryimage\"},\"thumbnailUrl\":\"https:\\\/\\\/407artfoundation.org\\\/wp-content\\\/uploads\\\/2026\\\/03\\\/407_Art_Foundation_Art_Talk_3-scaled.jpg\",\"datePublished\":\"2026-03-13T09:39:50+00:00\",\"dateModified\":\"2026-03-18T17:25:55+00:00\",\"author\":{\"@id\":\"https:\\\/\\\/407artfoundation.org\\\/#\\\/schema\\\/person\\\/0bd96a4ddc93509429646206afc91a94\"},\"description\":\"Art Talk prowadzony przez 407 Art Foundation z ASP i kolekcjonerami rozpocz\u0105\u0142 edycja 2026 \\\"Sztuka na Z\u0142otej 44\\\"\",\"breadcrumb\":{\"@id\":\"https:\\\/\\\/407artfoundation.org\\\/art-talk-by-asp-407-art-foundation\\\/#breadcrumb\"},\"inLanguage\":\"en-GB\",\"potentialAction\":[{\"@type\":\"ReadAction\",\"target\":[\"https:\\\/\\\/407artfoundation.org\\\/art-talk-by-asp-407-art-foundation\\\/\"]}]},{\"@type\":\"ImageObject\",\"inLanguage\":\"en-GB\",\"@id\":\"https:\\\/\\\/407artfoundation.org\\\/art-talk-by-asp-407-art-foundation\\\/#primaryimage\",\"url\":\"https:\\\/\\\/407artfoundation.org\\\/wp-content\\\/uploads\\\/2026\\\/03\\\/407_Art_Foundation_Art_Talk_3-scaled.jpg\",\"contentUrl\":\"https:\\\/\\\/407artfoundation.org\\\/wp-content\\\/uploads\\\/2026\\\/03\\\/407_Art_Foundation_Art_Talk_3-scaled.jpg\",\"width\":2560,\"height\":1703,\"caption\":\"Art TALK ASP i 407 Art Foundation\"},{\"@type\":\"BreadcrumbList\",\"@id\":\"https:\\\/\\\/407artfoundation.org\\\/art-talk-by-asp-407-art-foundation\\\/#breadcrumb\",\"itemListElement\":[{\"@type\":\"ListItem\",\"position\":1,\"name\":\"Home\",\"item\":\"https:\\\/\\\/407artfoundation.org\\\/\"},{\"@type\":\"ListItem\",\"position\":2,\"name\":\"ART TALK by ASP &#038; 407 Art Foundation\"}]},{\"@type\":\"WebSite\",\"@id\":\"https:\\\/\\\/407artfoundation.org\\\/#website\",\"url\":\"https:\\\/\\\/407artfoundation.org\\\/\",\"name\":\"407artfoundation.org\",\"description\":\"Promujemy polsk\u0105 sztuk\u0119 i kultur\u0119. \u0141\u0105czymy artyst\u00f3w z kolekcjonerami. Pomagamy budowa\u0107 warto\u015bciowe kolekcje sztuki. Organizujemy wyj\u0105tkowe wystawy w ramach cyklu &quot;Sztuka na Z\u0142otej44&quot;. Wspieramy inne organizacje i instytucje dzia\u0142aj\u0105ce na rzecz szerzenia kultury.\",\"potentialAction\":[{\"@type\":\"SearchAction\",\"target\":{\"@type\":\"EntryPoint\",\"urlTemplate\":\"https:\\\/\\\/407artfoundation.org\\\/?s={search_term_string}\"},\"query-input\":{\"@type\":\"PropertyValueSpecification\",\"valueRequired\":true,\"valueName\":\"search_term_string\"}}],\"inLanguage\":\"en-GB\"},{\"@type\":\"Person\",\"@id\":\"https:\\\/\\\/407artfoundation.org\\\/#\\\/schema\\\/person\\\/0bd96a4ddc93509429646206afc91a94\",\"name\":\"407artfoundation.org\",\"image\":{\"@type\":\"ImageObject\",\"inLanguage\":\"en-GB\",\"@id\":\"https:\\\/\\\/secure.gravatar.com\\\/avatar\\\/cc7356495ca39b5c14333ad62ce002fb13a47cbba40296ee58327f68bc960ec5?s=96&d=mm&r=g\",\"url\":\"https:\\\/\\\/secure.gravatar.com\\\/avatar\\\/cc7356495ca39b5c14333ad62ce002fb13a47cbba40296ee58327f68bc960ec5?s=96&d=mm&r=g\",\"contentUrl\":\"https:\\\/\\\/secure.gravatar.com\\\/avatar\\\/cc7356495ca39b5c14333ad62ce002fb13a47cbba40296ee58327f68bc960ec5?s=96&d=mm&r=g\",\"caption\":\"407artfoundation.org\"},\"sameAs\":[\"https:\\\/\\\/407artfoundation.org\"],\"url\":\"https:\\\/\\\/407artfoundation.org\\\/en_gb\\\/author\\\/407artfoundation-org\\\/\"}]}<\/script>\n<!-- \/ Yoast SEO plugin. -->","yoast_head_json":{"title":"ART TALK by ASP & 407 Art Foundation - 407artfoundation.org","description":"Art Talk prowadzony przez 407 Art Foundation z ASP i kolekcjonerami rozpocz\u0105\u0142 edycja 2026 \"Sztuka na Z\u0142otej 44\"","robots":{"index":"index","follow":"follow","max-snippet":"max-snippet:-1","max-image-preview":"max-image-preview:large","max-video-preview":"max-video-preview:-1"},"canonical":"https:\/\/407artfoundation.org\/en_gb\/art-talk-by-asp-407-art-foundation\/","og_locale":"en_GB","og_type":"article","og_title":"ART TALK by ASP & 407 Art Foundation - 407artfoundation.org","og_description":"Art Talk prowadzony przez 407 Art Foundation z ASP i kolekcjonerami rozpocz\u0105\u0142 edycja 2026 \"Sztuka na Z\u0142otej 44\"","og_url":"https:\/\/407artfoundation.org\/en_gb\/art-talk-by-asp-407-art-foundation\/","og_site_name":"407artfoundation.org","article_published_time":"2026-03-13T09:39:50+00:00","article_modified_time":"2026-03-18T17:25:55+00:00","og_image":[{"width":2560,"height":1703,"url":"http:\/\/407artfoundation.org\/wp-content\/uploads\/2026\/03\/407_Art_Foundation_Art_Talk_3-scaled.jpg","type":"image\/jpeg"}],"author":"407artfoundation.org","twitter_card":"summary_large_image","twitter_misc":{"Written by":"407artfoundation.org","Estimated reading time":"3 minutes"},"schema":{"@context":"https:\/\/schema.org","@graph":[{"@type":"Article","@id":"https:\/\/407artfoundation.org\/art-talk-by-asp-407-art-foundation\/#article","isPartOf":{"@id":"https:\/\/407artfoundation.org\/art-talk-by-asp-407-art-foundation\/"},"author":{"name":"407artfoundation.org","@id":"https:\/\/407artfoundation.org\/#\/schema\/person\/0bd96a4ddc93509429646206afc91a94"},"headline":"ART TALK by ASP &#038; 407 Art Foundation","datePublished":"2026-03-13T09:39:50+00:00","dateModified":"2026-03-18T17:25:55+00:00","mainEntityOfPage":{"@id":"https:\/\/407artfoundation.org\/art-talk-by-asp-407-art-foundation\/"},"wordCount":666,"image":{"@id":"https:\/\/407artfoundation.org\/art-talk-by-asp-407-art-foundation\/#primaryimage"},"thumbnailUrl":"https:\/\/407artfoundation.org\/wp-content\/uploads\/2026\/03\/407_Art_Foundation_Art_Talk_3-scaled.jpg","keywords":["#klaudiakrzosek","#presskit","#SztukaNaZ\u0142otej44","#thecolorsofcolor","#wernisaz","407artfoundation"],"articleSection":["News"],"inLanguage":"en-GB"},{"@type":"WebPage","@id":"https:\/\/407artfoundation.org\/art-talk-by-asp-407-art-foundation\/","url":"https:\/\/407artfoundation.org\/art-talk-by-asp-407-art-foundation\/","name":"ART TALK by ASP & 407 Art Foundation - 407artfoundation.org","isPartOf":{"@id":"https:\/\/407artfoundation.org\/#website"},"primaryImageOfPage":{"@id":"https:\/\/407artfoundation.org\/art-talk-by-asp-407-art-foundation\/#primaryimage"},"image":{"@id":"https:\/\/407artfoundation.org\/art-talk-by-asp-407-art-foundation\/#primaryimage"},"thumbnailUrl":"https:\/\/407artfoundation.org\/wp-content\/uploads\/2026\/03\/407_Art_Foundation_Art_Talk_3-scaled.jpg","datePublished":"2026-03-13T09:39:50+00:00","dateModified":"2026-03-18T17:25:55+00:00","author":{"@id":"https:\/\/407artfoundation.org\/#\/schema\/person\/0bd96a4ddc93509429646206afc91a94"},"description":"Art Talk prowadzony przez 407 Art Foundation z ASP i kolekcjonerami rozpocz\u0105\u0142 edycja 2026 \"Sztuka na Z\u0142otej 44\"","breadcrumb":{"@id":"https:\/\/407artfoundation.org\/art-talk-by-asp-407-art-foundation\/#breadcrumb"},"inLanguage":"en-GB","potentialAction":[{"@type":"ReadAction","target":["https:\/\/407artfoundation.org\/art-talk-by-asp-407-art-foundation\/"]}]},{"@type":"ImageObject","inLanguage":"en-GB","@id":"https:\/\/407artfoundation.org\/art-talk-by-asp-407-art-foundation\/#primaryimage","url":"https:\/\/407artfoundation.org\/wp-content\/uploads\/2026\/03\/407_Art_Foundation_Art_Talk_3-scaled.jpg","contentUrl":"https:\/\/407artfoundation.org\/wp-content\/uploads\/2026\/03\/407_Art_Foundation_Art_Talk_3-scaled.jpg","width":2560,"height":1703,"caption":"Art TALK ASP i 407 Art Foundation"},{"@type":"BreadcrumbList","@id":"https:\/\/407artfoundation.org\/art-talk-by-asp-407-art-foundation\/#breadcrumb","itemListElement":[{"@type":"ListItem","position":1,"name":"Home","item":"https:\/\/407artfoundation.org\/"},{"@type":"ListItem","position":2,"name":"ART TALK by ASP &#038; 407 Art Foundation"}]},{"@type":"WebSite","@id":"https:\/\/407artfoundation.org\/#website","url":"https:\/\/407artfoundation.org\/","name":"407artfoundation.org","description":"Promujemy polsk\u0105 sztuk\u0119 i kultur\u0119. \u0141\u0105czymy artyst\u00f3w z kolekcjonerami. Pomagamy budowa\u0107 warto\u015bciowe kolekcje sztuki. Organizujemy wyj\u0105tkowe wystawy w ramach cyklu &quot;Sztuka na Z\u0142otej44&quot;. Wspieramy inne organizacje i instytucje dzia\u0142aj\u0105ce na rzecz szerzenia kultury.","potentialAction":[{"@type":"SearchAction","target":{"@type":"EntryPoint","urlTemplate":"https:\/\/407artfoundation.org\/?s={search_term_string}"},"query-input":{"@type":"PropertyValueSpecification","valueRequired":true,"valueName":"search_term_string"}}],"inLanguage":"en-GB"},{"@type":"Person","@id":"https:\/\/407artfoundation.org\/#\/schema\/person\/0bd96a4ddc93509429646206afc91a94","name":"407artfoundation.org","image":{"@type":"ImageObject","inLanguage":"en-GB","@id":"https:\/\/secure.gravatar.com\/avatar\/cc7356495ca39b5c14333ad62ce002fb13a47cbba40296ee58327f68bc960ec5?s=96&d=mm&r=g","url":"https:\/\/secure.gravatar.com\/avatar\/cc7356495ca39b5c14333ad62ce002fb13a47cbba40296ee58327f68bc960ec5?s=96&d=mm&r=g","contentUrl":"https:\/\/secure.gravatar.com\/avatar\/cc7356495ca39b5c14333ad62ce002fb13a47cbba40296ee58327f68bc960ec5?s=96&d=mm&r=g","caption":"407artfoundation.org"},"sameAs":["https:\/\/407artfoundation.org"],"url":"https:\/\/407artfoundation.org\/en_gb\/author\/407artfoundation-org\/"}]}},"_links":{"self":[{"href":"https:\/\/407artfoundation.org\/en_gb\/wp-json\/wp\/v2\/posts\/3637","targetHints":{"allow":["GET"]}}],"collection":[{"href":"https:\/\/407artfoundation.org\/en_gb\/wp-json\/wp\/v2\/posts"}],"about":[{"href":"https:\/\/407artfoundation.org\/en_gb\/wp-json\/wp\/v2\/types\/post"}],"author":[{"embeddable":true,"href":"https:\/\/407artfoundation.org\/en_gb\/wp-json\/wp\/v2\/users\/1"}],"replies":[{"embeddable":true,"href":"https:\/\/407artfoundation.org\/en_gb\/wp-json\/wp\/v2\/comments?post=3637"}],"version-history":[{"count":7,"href":"https:\/\/407artfoundation.org\/en_gb\/wp-json\/wp\/v2\/posts\/3637\/revisions"}],"predecessor-version":[{"id":3654,"href":"https:\/\/407artfoundation.org\/en_gb\/wp-json\/wp\/v2\/posts\/3637\/revisions\/3654"}],"wp:featuredmedia":[{"embeddable":true,"href":"https:\/\/407artfoundation.org\/en_gb\/wp-json\/wp\/v2\/media\/3638"}],"wp:attachment":[{"href":"https:\/\/407artfoundation.org\/en_gb\/wp-json\/wp\/v2\/media?parent=3637"}],"wp:term":[{"taxonomy":"category","embeddable":true,"href":"https:\/\/407artfoundation.org\/en_gb\/wp-json\/wp\/v2\/categories?post=3637"},{"taxonomy":"post_tag","embeddable":true,"href":"https:\/\/407artfoundation.org\/en_gb\/wp-json\/wp\/v2\/tags?post=3637"}],"curies":[{"name":"wp","href":"https:\/\/api.w.org\/{rel}","templated":true}]}}