{"id":3301,"date":"2025-09-29T22:23:06","date_gmt":"2025-09-29T20:23:06","guid":{"rendered":"https:\/\/407artfoundation.org\/?p=3301"},"modified":"2025-09-29T22:55:51","modified_gmt":"2025-09-29T20:55:51","slug":"wojciech-ciesniewski-at-desa-unicum","status":"publish","type":"post","link":"https:\/\/407artfoundation.org\/en_gb\/wojciech-ciesniewski-at-desa-unicum\/","title":{"rendered":"Wojciech Cie\u015bniewski at DESA UNICUM"},"content":{"rendered":"\t\t<div data-elementor-type=\"wp-post\" data-elementor-id=\"3301\" class=\"elementor elementor-3301\" data-elementor-post-type=\"post\">\n\t\t\t\t\t\t<section class=\"elementor-section elementor-top-section elementor-element elementor-element-1416f284 elementor-section-boxed elementor-section-height-default elementor-section-height-default\" data-id=\"1416f284\" data-element_type=\"section\" data-e-type=\"section\">\n\t\t\t\t\t\t<div class=\"elementor-container elementor-column-gap-default\">\n\t\t\t\t\t<div class=\"elementor-column elementor-col-100 elementor-top-column elementor-element elementor-element-6aa9d31e\" data-id=\"6aa9d31e\" data-element_type=\"column\" data-e-type=\"column\">\n\t\t\t<div class=\"elementor-widget-wrap elementor-element-populated\">\n\t\t\t\t\t\t<div class=\"elementor-element elementor-element-7c5591b6 elementor-widget elementor-widget-text-editor\" data-id=\"7c5591b6\" data-element_type=\"widget\" data-e-type=\"widget\" data-widget_type=\"text-editor.default\">\n\t\t\t\t<div class=\"elementor-widget-container\">\n\t\t\t\t\t\t\t\t\t<p>Warsaw, September 29, 2025<\/p><div class=\"flex-1 overflow-hidden masked-content\"><div class=\"h-full\"><div class=\"react-scroll-to-bottom--css-hwjsk-79elbk h-full\"><div class=\"react-scroll-to-bottom--css-hwjsk-1n7m0yu\"><div class=\"flex flex-col text-sm pb-[120px]\"><article class=\"w-full text-token-text-primary focus-visible:outline-2 focus-visible:outline-offset-[-4px]\" dir=\"auto\" data-testid=\"conversation-turn-93\" data-scroll-anchor=\"true\"><div class=\"text-base py-[18px] m-auto md:px-5 w-full px-3 lg:px-0\"><div class=\"mx-auto flex flex-1 gap-4 text-base md:gap-5 lg:gap-6 md:max-w-3xl lg:max-w-[40rem] xl:max-w-[48rem]\"><div class=\"group\/conversation-turn relative flex w-full min-w-0 flex-col agent-turn\"><div class=\"flex-col gap-1 md:gap-3\"><div class=\"flex max-w-full flex-col flex-grow\"><div class=\"min-h-[20px] text-message flex w-full flex-col items-end gap-2 break-words [.text-message+&amp;]:mt-5 overflow-x-auto whitespace-normal\" dir=\"auto\" data-message-author-role=\"assistant\" data-message-id=\"f5c8fe7e-3ad9-40f5-b10b-38064724874d\"><div class=\"flex w-full flex-col gap-1 empty:hidden first:pt-[3px]\"><div class=\"markdown prose w-full break-words dark:prose-invert light\"><div class=\"flex-1 overflow-hidden @container\/thread\"><div class=\"h-full\"><div class=\"react-scroll-to-bottom--css-kegfn-79elbk h-full\"><div class=\"react-scroll-to-bottom--css-kegfn-1n7m0yu\"><div class=\"flex flex-col text-sm md:pb-9\"><article class=\"w-full scroll-mb-[var(--thread-trailing-height,150px)] text-token-text-primary focus-visible:outline-2 focus-visible:outline-offset-[-4px]\" dir=\"auto\" data-testid=\"conversation-turn-17\" data-scroll-anchor=\"true\"><div class=\"m-auto text-base py-[18px] px-3 md:px-4 w-full md:px-5 lg:px-4 xl:px-5\"><div class=\"mx-auto flex flex-1 gap-4 text-base md:gap-5 lg:gap-6 md:max-w-3xl lg:max-w-[40rem] xl:max-w-[48rem]\"><div class=\"group\/conversation-turn relative flex w-full min-w-0 flex-col agent-turn\"><div class=\"flex-col gap-1 md:gap-3\"><div class=\"flex max-w-full flex-col flex-grow\"><div class=\"min-h-8 text-message flex w-full flex-col items-end gap-2 whitespace-normal break-words text-start [.text-message+&amp;]:mt-5\" dir=\"auto\" data-message-author-role=\"assistant\" data-message-id=\"41f5e8d5-6e96-4dbf-b5af-3de4ba5dfc56\" data-message-model-slug=\"gpt-4o\"><div class=\"flex w-full flex-col gap-1 empty:hidden first:pt-[3px]\"><div class=\"markdown prose w-full break-words dark:prose-invert light\"><p data-start=\"95\" data-end=\"377\">At the upcoming DESA UNICUM<a href=\"https:\/\/desa.pl\/pl\/aukcje-dziel-sztuki\/sztuka-wspolczesna-klasycy-awangardy-po-1945-y5hj\/wojciech-ciesniewski\/wokol-mistycyzmu-w-sztuce\/\"> auction<\/a>, collectors will have the rare opportunity to acquire a true gem &#8211; <em data-start=\"198\" data-end=\"221\">\u201cOn Mysticism in Art\u201d<\/em> (2007) by <a href=\"https:\/\/wm.asp.waw.pl\/zespol\/prof-wojciech-ciesniewski\/\">Wojciech Cie\u015bniewski<\/a>. This work belongs to his abstract cycle, a period of his practice that is almost never available on the secondary market.<\/p><p data-start=\"379\" data-end=\"670\">Cie\u015bniewski, a professor at the <a href=\"https:\/\/asp.waw.pl\/\">Academy of Fine Arts in Warsaw<\/a>, has long been recognized as one of the most distinctive figures in contemporary Polish art. His work oscillates between figuration and abstraction, always infused with deep reflections on spirituality and the human condition.<\/p><p data-start=\"672\" data-end=\"1024\">In March 2025, audiences experienced his most recent works during <a href=\"https:\/\/407artfoundation.org\/pl\/faces-of-the-soul\/\"><em data-start=\"738\" data-end=\"777\">\u201cFaces of the Soul: Virtues and Sins\u201d<\/em><\/a>, a project organized by the 407 Art Foundation and curated by <a href=\"https:\/\/www.grazynabastek.pl\/\">dr Gra\u017cyna Bastek<\/a> i Aron Pude\u0142ko. This exhibition as presented on <a href=\"https:\/\/www.youtube.com\/watch?v=TW9-DNe4bkc\">official video<\/a> revealed the full scope of Cie\u015bniewski\u2019s artistic maturity, where painting becomes not only an image but also a philosophical meditation on the complexity of the soul and the world.\u00a0<\/p><h2 data-start=\"1026\" data-end=\"1339\">DESA UNICIUM Auction<\/h2><p data-start=\"1026\" data-end=\"1339\">The piece offered at <a href=\"https:\/\/desa.pl\/pl\/aukcje-dziel-sztuki\/sztuka-wspolczesna-klasycy-awangardy-po-1945-y5hj\/\">DESA UNICUM<\/a> is an extraordinary opportunity for collectors: paintings of this scale and from this period hardly ever come to auction. The fact that the artist continues to create and expand his practice makes this work even more valuable &#8211; a meeting point of history and the present moment.<\/p><h2 data-start=\"1341\" data-end=\"1663\">Wojciech Cie\u015bniewski For Art Collectors<\/h2><p data-start=\"1341\" data-end=\"1663\"><br data-start=\"1359\" data-end=\"1362\" \/>Beyond the auction, works from Wojciech Cie\u015bniewski\u2019s latest cycle are also available in the <a href=\"https:\/\/407artfoundation.org\/pl\/obrazy-do-kupna\/\"><em data-start=\"1455\" data-end=\"1475\">Artworks For Sale<\/em><\/a>\u00a0section. This is a chance to engage directly with one of the most important living Polish painters and to enrich your collection with works of both artistic and investment significance.<\/p><h2 data-start=\"1665\" data-end=\"2059\">407 Art Foundation Supporting Polish Artists<\/h2><p data-start=\"1665\" data-end=\"2059\">407 Art Foundation&#8217;s <a href=\"https:\/\/407artfoundation.org\/pl\/about-407-art-foundation\/\">mission<\/a> is to promote Polish artists and creating a platform for them to communicate their work to a broader audience. Our curators highlight the uniqueness of each artist\u2019s language, offering collectors and viewers deeper insight into the creative process and the cultural context in which these works are born.<\/p><\/div><\/div><\/div><\/div><\/div><\/div><\/div><\/div><\/article><\/div><\/div><\/div><\/div><\/div><\/div><\/div><\/div><\/div><\/div><\/div><\/div><\/div><\/article><\/div><\/div><\/div><\/div><\/div>\t\t\t\t\t\t\t\t<\/div>\n\t\t\t\t<\/div>\n\t\t\t\t\t<\/div>\n\t\t<\/div>\n\t\t\t\t\t<\/div>\n\t\t<\/section>\n\t\t\t\t<section class=\"elementor-section elementor-top-section elementor-element elementor-element-113a388 elementor-section-boxed elementor-section-height-default elementor-section-height-default\" data-id=\"113a388\" data-element_type=\"section\" data-e-type=\"section\">\n\t\t\t\t\t\t<div class=\"elementor-container elementor-column-gap-default\">\n\t\t\t\t\t<div class=\"elementor-column elementor-col-50 elementor-top-column elementor-element elementor-element-587494e\" data-id=\"587494e\" data-element_type=\"column\" data-e-type=\"column\">\n\t\t\t<div class=\"elementor-widget-wrap elementor-element-populated\">\n\t\t\t\t\t\t<div class=\"elementor-element elementor-element-5945b3f elementor-widget elementor-widget-image\" data-id=\"5945b3f\" data-element_type=\"widget\" data-e-type=\"widget\" data-widget_type=\"image.default\">\n\t\t\t\t<div class=\"elementor-widget-container\">\n\t\t\t\t\t\t\t\t\t\t\t\t\t\t\t<img fetchpriority=\"high\" decoding=\"async\" width=\"800\" height=\"532\" src=\"https:\/\/407artfoundation.org\/wp-content\/uploads\/2025\/03\/30-1024x681.jpg\" class=\"attachment-large size-large wp-image-2372\" alt=\"Wojciech Cie\u015bniewski\" srcset=\"https:\/\/407artfoundation.org\/wp-content\/uploads\/2025\/03\/30-1024x681.jpg 1024w, https:\/\/407artfoundation.org\/wp-content\/uploads\/2025\/03\/30-300x200.jpg 300w, https:\/\/407artfoundation.org\/wp-content\/uploads\/2025\/03\/30-768x511.jpg 768w, https:\/\/407artfoundation.org\/wp-content\/uploads\/2025\/03\/30-1536x1022.jpg 1536w, https:\/\/407artfoundation.org\/wp-content\/uploads\/2025\/03\/30-2048x1363.jpg 2048w, https:\/\/407artfoundation.org\/wp-content\/uploads\/2025\/03\/30-18x12.jpg 18w, https:\/\/407artfoundation.org\/wp-content\/uploads\/2025\/03\/30-600x399.jpg 600w\" sizes=\"(max-width: 800px) 100vw, 800px\" \/>\t\t\t\t\t\t\t\t\t\t\t\t\t\t\t<\/div>\n\t\t\t\t<\/div>\n\t\t\t\t\t<\/div>\n\t\t<\/div>\n\t\t\t\t<div class=\"elementor-column elementor-col-50 elementor-top-column elementor-element elementor-element-676a2a3\" data-id=\"676a2a3\" data-element_type=\"column\" data-e-type=\"column\">\n\t\t\t<div class=\"elementor-widget-wrap elementor-element-populated\">\n\t\t\t\t\t\t<div class=\"elementor-element elementor-element-d0b9ff3 elementor-widget elementor-widget-text-editor\" data-id=\"d0b9ff3\" data-element_type=\"widget\" data-e-type=\"widget\" data-widget_type=\"text-editor.default\">\n\t\t\t\t<div class=\"elementor-widget-container\">\n\t\t\t\t\t\t\t\t\t<h2>Wojciech Cie\u015bniewski (1958)<\/h2><h3>About the Artist<\/h3><p>Wojciech Cie\u015bniewski is an artist of extraordinary sensitivity and a deep understanding of human nature. As a professor at the Academy of Fine Arts in Warsaw and a student of<a href=\"https:\/\/pl.wikipedia.org\/wiki\/Rajmund_Ziemski\"> Rajmund Ziemski<\/a>, he combines masterful painting techniques with philosophical reflection. His works capture the emotions and struggles of humanity, resonating with the daily experiences of each of us.<\/p><p>In his paintings, Cie\u015bniewski draws on classical motifs and reinterprets them within a contemporary context, redefining the notions of good and evil.\u00a0<\/p>\t\t\t\t\t\t\t\t<\/div>\n\t\t\t\t<\/div>\n\t\t\t\t\t<\/div>\n\t\t<\/div>\n\t\t\t\t\t<\/div>\n\t\t<\/section>\n\t\t\t\t<section class=\"elementor-section elementor-top-section elementor-element elementor-element-aed2b71 elementor-section-boxed elementor-section-height-default elementor-section-height-default\" data-id=\"aed2b71\" data-element_type=\"section\" data-e-type=\"section\">\n\t\t\t\t\t\t<div class=\"elementor-container elementor-column-gap-default\">\n\t\t\t\t\t<div class=\"elementor-column elementor-col-50 elementor-top-column elementor-element elementor-element-a6e5e82\" data-id=\"a6e5e82\" data-element_type=\"column\" data-e-type=\"column\">\n\t\t\t<div class=\"elementor-widget-wrap elementor-element-populated\">\n\t\t\t\t\t\t<div class=\"elementor-element elementor-element-7d72217 elementor-widget elementor-widget-image\" data-id=\"7d72217\" data-element_type=\"widget\" data-e-type=\"widget\" data-widget_type=\"image.default\">\n\t\t\t\t<div class=\"elementor-widget-container\">\n\t\t\t\t\t\t\t\t\t\t\t\t\t\t\t<img decoding=\"async\" width=\"800\" height=\"908\" src=\"https:\/\/407artfoundation.org\/wp-content\/uploads\/2025\/09\/Ciesniewski_abstrakcja-902x1024.jpg\" class=\"attachment-large size-large wp-image-3304\" alt=\"Wojciech Cie\u015bniewski\" srcset=\"https:\/\/407artfoundation.org\/wp-content\/uploads\/2025\/09\/Ciesniewski_abstrakcja-902x1024.jpg 902w, https:\/\/407artfoundation.org\/wp-content\/uploads\/2025\/09\/Ciesniewski_abstrakcja-264x300.jpg 264w, https:\/\/407artfoundation.org\/wp-content\/uploads\/2025\/09\/Ciesniewski_abstrakcja-768x872.jpg 768w, https:\/\/407artfoundation.org\/wp-content\/uploads\/2025\/09\/Ciesniewski_abstrakcja-1353x1536.jpg 1353w, https:\/\/407artfoundation.org\/wp-content\/uploads\/2025\/09\/Ciesniewski_abstrakcja-1804x2048.jpg 1804w, https:\/\/407artfoundation.org\/wp-content\/uploads\/2025\/09\/Ciesniewski_abstrakcja-11x12.jpg 11w, https:\/\/407artfoundation.org\/wp-content\/uploads\/2025\/09\/Ciesniewski_abstrakcja-600x681.jpg 600w\" sizes=\"(max-width: 800px) 100vw, 800px\" \/>\t\t\t\t\t\t\t\t\t\t\t\t\t\t\t<\/div>\n\t\t\t\t<\/div>\n\t\t\t\t\t<\/div>\n\t\t<\/div>\n\t\t\t\t<div class=\"elementor-column elementor-col-50 elementor-top-column elementor-element elementor-element-a503ede\" data-id=\"a503ede\" data-element_type=\"column\" data-e-type=\"column\">\n\t\t\t<div class=\"elementor-widget-wrap elementor-element-populated\">\n\t\t\t\t\t\t<div class=\"elementor-element elementor-element-582b488 elementor-widget elementor-widget-image\" data-id=\"582b488\" data-element_type=\"widget\" data-e-type=\"widget\" data-widget_type=\"image.default\">\n\t\t\t\t<div class=\"elementor-widget-container\">\n\t\t\t\t\t\t\t\t\t\t\t\t\t\t\t<img decoding=\"async\" width=\"800\" height=\"849\" src=\"https:\/\/407artfoundation.org\/wp-content\/uploads\/2025\/09\/Ciesniewski_abstrakcja-tyl-965x1024.jpg\" class=\"attachment-large size-large wp-image-3305\" alt=\"Rewers &quot;O mistycyzmie w sztuce&quot;\" srcset=\"https:\/\/407artfoundation.org\/wp-content\/uploads\/2025\/09\/Ciesniewski_abstrakcja-tyl-965x1024.jpg 965w, https:\/\/407artfoundation.org\/wp-content\/uploads\/2025\/09\/Ciesniewski_abstrakcja-tyl-283x300.jpg 283w, https:\/\/407artfoundation.org\/wp-content\/uploads\/2025\/09\/Ciesniewski_abstrakcja-tyl-768x815.jpg 768w, https:\/\/407artfoundation.org\/wp-content\/uploads\/2025\/09\/Ciesniewski_abstrakcja-tyl-1447x1536.jpg 1447w, https:\/\/407artfoundation.org\/wp-content\/uploads\/2025\/09\/Ciesniewski_abstrakcja-tyl-1930x2048.jpg 1930w, https:\/\/407artfoundation.org\/wp-content\/uploads\/2025\/09\/Ciesniewski_abstrakcja-tyl-11x12.jpg 11w, https:\/\/407artfoundation.org\/wp-content\/uploads\/2025\/09\/Ciesniewski_abstrakcja-tyl-600x637.jpg 600w\" sizes=\"(max-width: 800px) 100vw, 800px\" \/>\t\t\t\t\t\t\t\t\t\t\t\t\t\t\t<\/div>\n\t\t\t\t<\/div>\n\t\t\t\t\t<\/div>\n\t\t<\/div>\n\t\t\t\t\t<\/div>\n\t\t<\/section>\n\t\t\t\t<section class=\"elementor-section elementor-top-section elementor-element elementor-element-0257634 elementor-section-boxed elementor-section-height-default elementor-section-height-default\" data-id=\"0257634\" data-element_type=\"section\" data-e-type=\"section\">\n\t\t\t\t\t\t<div class=\"elementor-container elementor-column-gap-default\">\n\t\t\t\t\t<div class=\"elementor-column elementor-col-50 elementor-top-column elementor-element elementor-element-da63dd8\" data-id=\"da63dd8\" data-element_type=\"column\" data-e-type=\"column\">\n\t\t\t<div class=\"elementor-widget-wrap elementor-element-populated\">\n\t\t\t\t\t\t<div class=\"elementor-element elementor-element-91996ba elementor-widget elementor-widget-text-editor\" data-id=\"91996ba\" data-element_type=\"widget\" data-e-type=\"widget\" data-widget_type=\"text-editor.default\">\n\t\t\t\t<div class=\"elementor-widget-container\">\n\t\t\t\t\t\t\t\t\t<h3>Buy Artworks &#8211; Direct links for Art Collectors\u00a0<\/h3>\t\t\t\t\t\t\t\t<\/div>\n\t\t\t\t<\/div>\n\t\t\t\t\t<\/div>\n\t\t<\/div>\n\t\t\t\t<div class=\"elementor-column elementor-col-25 elementor-top-column elementor-element elementor-element-f4e72da\" data-id=\"f4e72da\" data-element_type=\"column\" data-e-type=\"column\">\n\t\t\t<div class=\"elementor-widget-wrap elementor-element-populated\">\n\t\t\t\t\t\t<div class=\"elementor-element elementor-element-a7279dc elementor-align-center elementor-widget elementor-widget-button\" data-id=\"a7279dc\" data-element_type=\"widget\" data-e-type=\"widget\" data-widget_type=\"button.default\">\n\t\t\t\t<div class=\"elementor-widget-container\">\n\t\t\t\t\t\t\t\t\t<div class=\"elementor-button-wrapper\">\n\t\t\t\t\t<a class=\"elementor-button elementor-button-link elementor-size-sm\" href=\"https:\/\/desa.pl\/pl\/aukcje-dziel-sztuki\/sztuka-wspolczesna-klasycy-awangardy-po-1945-y5hj\/wojciech-ciesniewski\/wokol-mistycyzmu-w-sztuce\/\">\n\t\t\t\t\t\t<span class=\"elementor-button-content-wrapper\">\n\t\t\t\t\t\t\t\t\t<span class=\"elementor-button-text\">Link to Auction<\/span>\n\t\t\t\t\t<\/span>\n\t\t\t\t\t<\/a>\n\t\t\t\t<\/div>\n\t\t\t\t\t\t\t\t<\/div>\n\t\t\t\t<\/div>\n\t\t\t\t<div class=\"elementor-element elementor-element-a315a35 elementor-widget elementor-widget-text-editor\" data-id=\"a315a35\" data-element_type=\"widget\" data-e-type=\"widget\" data-widget_type=\"text-editor.default\">\n\t\t\t\t<div class=\"elementor-widget-container\">\n\t\t\t\t\t\t\t\t\t<p>Here you will find more information about the auction. In order to Bid you must have active account with DESA UNICIUM. If you don&#8217;t have an account yet, please keep in mind that registration may take up to 2 working days.<\/p>\t\t\t\t\t\t\t\t<\/div>\n\t\t\t\t<\/div>\n\t\t\t\t\t<\/div>\n\t\t<\/div>\n\t\t\t\t<div class=\"elementor-column elementor-col-25 elementor-top-column elementor-element elementor-element-1ceed88\" data-id=\"1ceed88\" data-element_type=\"column\" data-e-type=\"column\">\n\t\t\t<div class=\"elementor-widget-wrap elementor-element-populated\">\n\t\t\t\t\t\t<div class=\"elementor-element elementor-element-79349dd elementor-align-center elementor-widget elementor-widget-button\" data-id=\"79349dd\" data-element_type=\"widget\" data-e-type=\"widget\" data-widget_type=\"button.default\">\n\t\t\t\t<div class=\"elementor-widget-container\">\n\t\t\t\t\t\t\t\t\t<div class=\"elementor-button-wrapper\">\n\t\t\t\t\t<a class=\"elementor-button elementor-button-link elementor-size-sm\" href=\"https:\/\/407artfoundation.org\/pl\/obrazy-do-kupna\/\">\n\t\t\t\t\t\t<span class=\"elementor-button-content-wrapper\">\n\t\t\t\t\t\t\t\t\t<span class=\"elementor-button-text\">Other artworks <\/span>\n\t\t\t\t\t<\/span>\n\t\t\t\t\t<\/a>\n\t\t\t\t<\/div>\n\t\t\t\t\t\t\t\t<\/div>\n\t\t\t\t<\/div>\n\t\t\t\t\t<\/div>\n\t\t<\/div>\n\t\t\t\t\t<\/div>\n\t\t<\/section>\n\t\t\t\t<\/div>\n\t\t","protected":false},"excerpt":{"rendered":"<p>Warsaw, September 29, 2025 At the upcoming DESA UNICUM auction, collectors will have the rare opportunity to acquire a true gem &#8211; \u201cOn Mysticism in Art\u201d (2007) by Wojciech Cie\u015bniewski. This work belongs to his abstract cycle, a period of his practice that is almost never available on the secondary market. Cie\u015bniewski, a professor at [&hellip;]<\/p>\n","protected":false},"author":1,"featured_media":3302,"comment_status":"closed","ping_status":"open","sticky":false,"template":"","format":"standard","meta":{"give_campaign_id":0,"footnotes":""},"categories":[35],"tags":[161,217,218,109,219,160,106,59,49],"class_list":["post-3301","post","type-post","status-publish","format-standard","has-post-thumbnail","hentry","category-news","tag-abstrakcja","tag-aukcja","tag-aukcjasztuki","tag-ciesniewski","tag-desaunicum","tag-sztukaabstrakcyjna","tag-wojciechciesniewski","tag-407artfoundation","tag-sztuka"],"yoast_head":"<!-- This site is optimized with the Yoast SEO plugin v27.5 - https:\/\/yoast.com\/product\/yoast-seo-wordpress\/ -->\n<title>Wojciech Cie\u015bniewski at DESA UNICUM - 407artfoundation.org<\/title>\n<meta name=\"description\" content=\"W DESA UNICUM prawdziwy rarytas \u2013 obraz \u201eO mistycyzmie w sztuce\u201d z 2007r Wojciecha Cie\u015bniewskiego. To wyj\u0105tkowa okazja dla kolekcjoner\u00f3w.\" \/>\n<meta name=\"robots\" content=\"index, follow, max-snippet:-1, max-image-preview:large, max-video-preview:-1\" \/>\n<link rel=\"canonical\" href=\"https:\/\/407artfoundation.org\/en_gb\/wojciech-ciesniewski-at-desa-unicum\/\" \/>\n<meta property=\"og:locale\" content=\"en_GB\" \/>\n<meta property=\"og:type\" content=\"article\" \/>\n<meta property=\"og:title\" content=\"Wojciech Cie\u015bniewski at DESA UNICUM - 407artfoundation.org\" \/>\n<meta property=\"og:description\" content=\"W DESA UNICUM prawdziwy rarytas \u2013 obraz \u201eO mistycyzmie w sztuce\u201d z 2007r Wojciecha Cie\u015bniewskiego. To wyj\u0105tkowa okazja dla kolekcjoner\u00f3w.\" \/>\n<meta property=\"og:url\" content=\"https:\/\/407artfoundation.org\/en_gb\/wojciech-ciesniewski-at-desa-unicum\/\" \/>\n<meta property=\"og:site_name\" content=\"407artfoundation.org\" \/>\n<meta property=\"article:published_time\" content=\"2025-09-29T20:23:06+00:00\" \/>\n<meta property=\"article:modified_time\" content=\"2025-09-29T20:55:51+00:00\" \/>\n<meta property=\"og:image\" content=\"http:\/\/407artfoundation.org\/wp-content\/uploads\/2025\/09\/desa_unicum_wejscie_do_galerii.jpg\" \/>\n\t<meta property=\"og:image:width\" content=\"1200\" \/>\n\t<meta property=\"og:image:height\" content=\"562\" \/>\n\t<meta property=\"og:image:type\" content=\"image\/jpeg\" \/>\n<meta name=\"author\" content=\"407artfoundation.org\" \/>\n<meta name=\"twitter:card\" content=\"summary_large_image\" \/>\n<meta name=\"twitter:label1\" content=\"Written by\" \/>\n\t<meta name=\"twitter:data1\" content=\"407artfoundation.org\" \/>\n\t<meta name=\"twitter:label2\" content=\"Estimated reading time\" \/>\n\t<meta name=\"twitter:data2\" content=\"3 minutes\" \/>\n<script type=\"application\/ld+json\" class=\"yoast-schema-graph\">{\"@context\":\"https:\\\/\\\/schema.org\",\"@graph\":[{\"@type\":\"Article\",\"@id\":\"https:\\\/\\\/407artfoundation.org\\\/wojciech-ciesniewski-at-desa-unicum\\\/#article\",\"isPartOf\":{\"@id\":\"https:\\\/\\\/407artfoundation.org\\\/wojciech-ciesniewski-at-desa-unicum\\\/\"},\"author\":{\"name\":\"407artfoundation.org\",\"@id\":\"https:\\\/\\\/407artfoundation.org\\\/#\\\/schema\\\/person\\\/0bd96a4ddc93509429646206afc91a94\"},\"headline\":\"Wojciech Cie\u015bniewski at DESA UNICUM\",\"datePublished\":\"2025-09-29T20:23:06+00:00\",\"dateModified\":\"2025-09-29T20:55:51+00:00\",\"mainEntityOfPage\":{\"@id\":\"https:\\\/\\\/407artfoundation.org\\\/wojciech-ciesniewski-at-desa-unicum\\\/\"},\"wordCount\":483,\"image\":{\"@id\":\"https:\\\/\\\/407artfoundation.org\\\/wojciech-ciesniewski-at-desa-unicum\\\/#primaryimage\"},\"thumbnailUrl\":\"https:\\\/\\\/407artfoundation.org\\\/wp-content\\\/uploads\\\/2025\\\/09\\\/desa_unicum_wejscie_do_galerii.jpg\",\"keywords\":[\"#abstrakcja\",\"#aukcja\",\"#aukcjasztuki\",\"#cie\u015bniewski\",\"#desaunicum\",\"#sztukaabstrakcyjna\",\"#wojciechciesniewski\",\"407artfoundation\",\"sztuka\"],\"articleSection\":[\"News\"],\"inLanguage\":\"en-GB\"},{\"@type\":\"WebPage\",\"@id\":\"https:\\\/\\\/407artfoundation.org\\\/wojciech-ciesniewski-at-desa-unicum\\\/\",\"url\":\"https:\\\/\\\/407artfoundation.org\\\/wojciech-ciesniewski-at-desa-unicum\\\/\",\"name\":\"Wojciech Cie\u015bniewski at DESA UNICUM - 407artfoundation.org\",\"isPartOf\":{\"@id\":\"https:\\\/\\\/407artfoundation.org\\\/#website\"},\"primaryImageOfPage\":{\"@id\":\"https:\\\/\\\/407artfoundation.org\\\/wojciech-ciesniewski-at-desa-unicum\\\/#primaryimage\"},\"image\":{\"@id\":\"https:\\\/\\\/407artfoundation.org\\\/wojciech-ciesniewski-at-desa-unicum\\\/#primaryimage\"},\"thumbnailUrl\":\"https:\\\/\\\/407artfoundation.org\\\/wp-content\\\/uploads\\\/2025\\\/09\\\/desa_unicum_wejscie_do_galerii.jpg\",\"datePublished\":\"2025-09-29T20:23:06+00:00\",\"dateModified\":\"2025-09-29T20:55:51+00:00\",\"author\":{\"@id\":\"https:\\\/\\\/407artfoundation.org\\\/#\\\/schema\\\/person\\\/0bd96a4ddc93509429646206afc91a94\"},\"description\":\"W DESA UNICUM prawdziwy rarytas \u2013 obraz \u201eO mistycyzmie w sztuce\u201d z 2007r Wojciecha Cie\u015bniewskiego. To wyj\u0105tkowa okazja dla kolekcjoner\u00f3w.\",\"breadcrumb\":{\"@id\":\"https:\\\/\\\/407artfoundation.org\\\/wojciech-ciesniewski-at-desa-unicum\\\/#breadcrumb\"},\"inLanguage\":\"en-GB\",\"potentialAction\":[{\"@type\":\"ReadAction\",\"target\":[\"https:\\\/\\\/407artfoundation.org\\\/wojciech-ciesniewski-at-desa-unicum\\\/\"]}]},{\"@type\":\"ImageObject\",\"inLanguage\":\"en-GB\",\"@id\":\"https:\\\/\\\/407artfoundation.org\\\/wojciech-ciesniewski-at-desa-unicum\\\/#primaryimage\",\"url\":\"https:\\\/\\\/407artfoundation.org\\\/wp-content\\\/uploads\\\/2025\\\/09\\\/desa_unicum_wejscie_do_galerii.jpg\",\"contentUrl\":\"https:\\\/\\\/407artfoundation.org\\\/wp-content\\\/uploads\\\/2025\\\/09\\\/desa_unicum_wejscie_do_galerii.jpg\",\"width\":1200,\"height\":562,\"caption\":\"Desa Unicium wejscie\"},{\"@type\":\"BreadcrumbList\",\"@id\":\"https:\\\/\\\/407artfoundation.org\\\/wojciech-ciesniewski-at-desa-unicum\\\/#breadcrumb\",\"itemListElement\":[{\"@type\":\"ListItem\",\"position\":1,\"name\":\"Home\",\"item\":\"https:\\\/\\\/407artfoundation.org\\\/\"},{\"@type\":\"ListItem\",\"position\":2,\"name\":\"Wojciech Cie\u015bniewski at DESA UNICUM\"}]},{\"@type\":\"WebSite\",\"@id\":\"https:\\\/\\\/407artfoundation.org\\\/#website\",\"url\":\"https:\\\/\\\/407artfoundation.org\\\/\",\"name\":\"407artfoundation.org\",\"description\":\"Promujemy polsk\u0105 sztuk\u0119 i kultur\u0119. \u0141\u0105czymy artyst\u00f3w z kolekcjonerami. Pomagamy budowa\u0107 warto\u015bciowe kolekcje sztuki. Organizujemy wyj\u0105tkowe wystawy w ramach cyklu &quot;Sztuka na Z\u0142otej44&quot;. Wspieramy inne organizacje i instytucje dzia\u0142aj\u0105ce na rzecz szerzenia kultury.\",\"potentialAction\":[{\"@type\":\"SearchAction\",\"target\":{\"@type\":\"EntryPoint\",\"urlTemplate\":\"https:\\\/\\\/407artfoundation.org\\\/?s={search_term_string}\"},\"query-input\":{\"@type\":\"PropertyValueSpecification\",\"valueRequired\":true,\"valueName\":\"search_term_string\"}}],\"inLanguage\":\"en-GB\"},{\"@type\":\"Person\",\"@id\":\"https:\\\/\\\/407artfoundation.org\\\/#\\\/schema\\\/person\\\/0bd96a4ddc93509429646206afc91a94\",\"name\":\"407artfoundation.org\",\"image\":{\"@type\":\"ImageObject\",\"inLanguage\":\"en-GB\",\"@id\":\"https:\\\/\\\/secure.gravatar.com\\\/avatar\\\/cc7356495ca39b5c14333ad62ce002fb13a47cbba40296ee58327f68bc960ec5?s=96&d=mm&r=g\",\"url\":\"https:\\\/\\\/secure.gravatar.com\\\/avatar\\\/cc7356495ca39b5c14333ad62ce002fb13a47cbba40296ee58327f68bc960ec5?s=96&d=mm&r=g\",\"contentUrl\":\"https:\\\/\\\/secure.gravatar.com\\\/avatar\\\/cc7356495ca39b5c14333ad62ce002fb13a47cbba40296ee58327f68bc960ec5?s=96&d=mm&r=g\",\"caption\":\"407artfoundation.org\"},\"sameAs\":[\"https:\\\/\\\/407artfoundation.org\"],\"url\":\"https:\\\/\\\/407artfoundation.org\\\/en_gb\\\/author\\\/407artfoundation-org\\\/\"}]}<\/script>\n<!-- \/ Yoast SEO plugin. -->","yoast_head_json":{"title":"Wojciech Cie\u015bniewski at DESA UNICUM - 407artfoundation.org","description":"W DESA UNICUM prawdziwy rarytas \u2013 obraz \u201eO mistycyzmie w sztuce\u201d z 2007r Wojciecha Cie\u015bniewskiego. To wyj\u0105tkowa okazja dla kolekcjoner\u00f3w.","robots":{"index":"index","follow":"follow","max-snippet":"max-snippet:-1","max-image-preview":"max-image-preview:large","max-video-preview":"max-video-preview:-1"},"canonical":"https:\/\/407artfoundation.org\/en_gb\/wojciech-ciesniewski-at-desa-unicum\/","og_locale":"en_GB","og_type":"article","og_title":"Wojciech Cie\u015bniewski at DESA UNICUM - 407artfoundation.org","og_description":"W DESA UNICUM prawdziwy rarytas \u2013 obraz \u201eO mistycyzmie w sztuce\u201d z 2007r Wojciecha Cie\u015bniewskiego. To wyj\u0105tkowa okazja dla kolekcjoner\u00f3w.","og_url":"https:\/\/407artfoundation.org\/en_gb\/wojciech-ciesniewski-at-desa-unicum\/","og_site_name":"407artfoundation.org","article_published_time":"2025-09-29T20:23:06+00:00","article_modified_time":"2025-09-29T20:55:51+00:00","og_image":[{"width":1200,"height":562,"url":"http:\/\/407artfoundation.org\/wp-content\/uploads\/2025\/09\/desa_unicum_wejscie_do_galerii.jpg","type":"image\/jpeg"}],"author":"407artfoundation.org","twitter_card":"summary_large_image","twitter_misc":{"Written by":"407artfoundation.org","Estimated reading time":"3 minutes"},"schema":{"@context":"https:\/\/schema.org","@graph":[{"@type":"Article","@id":"https:\/\/407artfoundation.org\/wojciech-ciesniewski-at-desa-unicum\/#article","isPartOf":{"@id":"https:\/\/407artfoundation.org\/wojciech-ciesniewski-at-desa-unicum\/"},"author":{"name":"407artfoundation.org","@id":"https:\/\/407artfoundation.org\/#\/schema\/person\/0bd96a4ddc93509429646206afc91a94"},"headline":"Wojciech Cie\u015bniewski at DESA UNICUM","datePublished":"2025-09-29T20:23:06+00:00","dateModified":"2025-09-29T20:55:51+00:00","mainEntityOfPage":{"@id":"https:\/\/407artfoundation.org\/wojciech-ciesniewski-at-desa-unicum\/"},"wordCount":483,"image":{"@id":"https:\/\/407artfoundation.org\/wojciech-ciesniewski-at-desa-unicum\/#primaryimage"},"thumbnailUrl":"https:\/\/407artfoundation.org\/wp-content\/uploads\/2025\/09\/desa_unicum_wejscie_do_galerii.jpg","keywords":["#abstrakcja","#aukcja","#aukcjasztuki","#cie\u015bniewski","#desaunicum","#sztukaabstrakcyjna","#wojciechciesniewski","407artfoundation","sztuka"],"articleSection":["News"],"inLanguage":"en-GB"},{"@type":"WebPage","@id":"https:\/\/407artfoundation.org\/wojciech-ciesniewski-at-desa-unicum\/","url":"https:\/\/407artfoundation.org\/wojciech-ciesniewski-at-desa-unicum\/","name":"Wojciech Cie\u015bniewski at DESA UNICUM - 407artfoundation.org","isPartOf":{"@id":"https:\/\/407artfoundation.org\/#website"},"primaryImageOfPage":{"@id":"https:\/\/407artfoundation.org\/wojciech-ciesniewski-at-desa-unicum\/#primaryimage"},"image":{"@id":"https:\/\/407artfoundation.org\/wojciech-ciesniewski-at-desa-unicum\/#primaryimage"},"thumbnailUrl":"https:\/\/407artfoundation.org\/wp-content\/uploads\/2025\/09\/desa_unicum_wejscie_do_galerii.jpg","datePublished":"2025-09-29T20:23:06+00:00","dateModified":"2025-09-29T20:55:51+00:00","author":{"@id":"https:\/\/407artfoundation.org\/#\/schema\/person\/0bd96a4ddc93509429646206afc91a94"},"description":"W DESA UNICUM prawdziwy rarytas \u2013 obraz \u201eO mistycyzmie w sztuce\u201d z 2007r Wojciecha Cie\u015bniewskiego. To wyj\u0105tkowa okazja dla kolekcjoner\u00f3w.","breadcrumb":{"@id":"https:\/\/407artfoundation.org\/wojciech-ciesniewski-at-desa-unicum\/#breadcrumb"},"inLanguage":"en-GB","potentialAction":[{"@type":"ReadAction","target":["https:\/\/407artfoundation.org\/wojciech-ciesniewski-at-desa-unicum\/"]}]},{"@type":"ImageObject","inLanguage":"en-GB","@id":"https:\/\/407artfoundation.org\/wojciech-ciesniewski-at-desa-unicum\/#primaryimage","url":"https:\/\/407artfoundation.org\/wp-content\/uploads\/2025\/09\/desa_unicum_wejscie_do_galerii.jpg","contentUrl":"https:\/\/407artfoundation.org\/wp-content\/uploads\/2025\/09\/desa_unicum_wejscie_do_galerii.jpg","width":1200,"height":562,"caption":"Desa Unicium wejscie"},{"@type":"BreadcrumbList","@id":"https:\/\/407artfoundation.org\/wojciech-ciesniewski-at-desa-unicum\/#breadcrumb","itemListElement":[{"@type":"ListItem","position":1,"name":"Home","item":"https:\/\/407artfoundation.org\/"},{"@type":"ListItem","position":2,"name":"Wojciech Cie\u015bniewski at DESA UNICUM"}]},{"@type":"WebSite","@id":"https:\/\/407artfoundation.org\/#website","url":"https:\/\/407artfoundation.org\/","name":"407artfoundation.org","description":"Promujemy polsk\u0105 sztuk\u0119 i kultur\u0119. \u0141\u0105czymy artyst\u00f3w z kolekcjonerami. Pomagamy budowa\u0107 warto\u015bciowe kolekcje sztuki. Organizujemy wyj\u0105tkowe wystawy w ramach cyklu &quot;Sztuka na Z\u0142otej44&quot;. Wspieramy inne organizacje i instytucje dzia\u0142aj\u0105ce na rzecz szerzenia kultury.","potentialAction":[{"@type":"SearchAction","target":{"@type":"EntryPoint","urlTemplate":"https:\/\/407artfoundation.org\/?s={search_term_string}"},"query-input":{"@type":"PropertyValueSpecification","valueRequired":true,"valueName":"search_term_string"}}],"inLanguage":"en-GB"},{"@type":"Person","@id":"https:\/\/407artfoundation.org\/#\/schema\/person\/0bd96a4ddc93509429646206afc91a94","name":"407artfoundation.org","image":{"@type":"ImageObject","inLanguage":"en-GB","@id":"https:\/\/secure.gravatar.com\/avatar\/cc7356495ca39b5c14333ad62ce002fb13a47cbba40296ee58327f68bc960ec5?s=96&d=mm&r=g","url":"https:\/\/secure.gravatar.com\/avatar\/cc7356495ca39b5c14333ad62ce002fb13a47cbba40296ee58327f68bc960ec5?s=96&d=mm&r=g","contentUrl":"https:\/\/secure.gravatar.com\/avatar\/cc7356495ca39b5c14333ad62ce002fb13a47cbba40296ee58327f68bc960ec5?s=96&d=mm&r=g","caption":"407artfoundation.org"},"sameAs":["https:\/\/407artfoundation.org"],"url":"https:\/\/407artfoundation.org\/en_gb\/author\/407artfoundation-org\/"}]}},"_links":{"self":[{"href":"https:\/\/407artfoundation.org\/en_gb\/wp-json\/wp\/v2\/posts\/3301","targetHints":{"allow":["GET"]}}],"collection":[{"href":"https:\/\/407artfoundation.org\/en_gb\/wp-json\/wp\/v2\/posts"}],"about":[{"href":"https:\/\/407artfoundation.org\/en_gb\/wp-json\/wp\/v2\/types\/post"}],"author":[{"embeddable":true,"href":"https:\/\/407artfoundation.org\/en_gb\/wp-json\/wp\/v2\/users\/1"}],"replies":[{"embeddable":true,"href":"https:\/\/407artfoundation.org\/en_gb\/wp-json\/wp\/v2\/comments?post=3301"}],"version-history":[{"count":7,"href":"https:\/\/407artfoundation.org\/en_gb\/wp-json\/wp\/v2\/posts\/3301\/revisions"}],"predecessor-version":[{"id":3311,"href":"https:\/\/407artfoundation.org\/en_gb\/wp-json\/wp\/v2\/posts\/3301\/revisions\/3311"}],"wp:featuredmedia":[{"embeddable":true,"href":"https:\/\/407artfoundation.org\/en_gb\/wp-json\/wp\/v2\/media\/3302"}],"wp:attachment":[{"href":"https:\/\/407artfoundation.org\/en_gb\/wp-json\/wp\/v2\/media?parent=3301"}],"wp:term":[{"taxonomy":"category","embeddable":true,"href":"https:\/\/407artfoundation.org\/en_gb\/wp-json\/wp\/v2\/categories?post=3301"},{"taxonomy":"post_tag","embeddable":true,"href":"https:\/\/407artfoundation.org\/en_gb\/wp-json\/wp\/v2\/tags?post=3301"}],"curies":[{"name":"wp","href":"https:\/\/api.w.org\/{rel}","templated":true}]}}