{"id":2566,"date":"2025-06-10T17:01:45","date_gmt":"2025-06-10T15:01:45","guid":{"rendered":"https:\/\/407artfoundation.org\/?p=2566"},"modified":"2025-10-12T20:43:49","modified_gmt":"2025-10-12T18:43:49","slug":"the-colors-of-color-new-project","status":"publish","type":"post","link":"https:\/\/407artfoundation.org\/en_gb\/the-colors-of-color-new-project\/","title":{"rendered":"A new immersive project: The Colors of Color"},"content":{"rendered":"\t\t<div data-elementor-type=\"wp-post\" data-elementor-id=\"2566\" class=\"elementor elementor-2566\" data-elementor-post-type=\"post\">\n\t\t\t\t\t\t<section class=\"elementor-section elementor-top-section elementor-element elementor-element-1416f284 elementor-section-boxed elementor-section-height-default elementor-section-height-default\" data-id=\"1416f284\" data-element_type=\"section\" data-e-type=\"section\">\n\t\t\t\t\t\t<div class=\"elementor-container elementor-column-gap-default\">\n\t\t\t\t\t<div class=\"elementor-column elementor-col-100 elementor-top-column elementor-element elementor-element-6aa9d31e\" data-id=\"6aa9d31e\" data-element_type=\"column\" data-e-type=\"column\">\n\t\t\t<div class=\"elementor-widget-wrap elementor-element-populated\">\n\t\t\t\t\t\t<div class=\"elementor-element elementor-element-7c5591b6 elementor-widget elementor-widget-text-editor\" data-id=\"7c5591b6\" data-element_type=\"widget\" data-e-type=\"widget\" data-widget_type=\"text-editor.default\">\n\t\t\t\t<div class=\"elementor-widget-container\">\n\t\t\t\t\t\t\t\t\t<p>Warsaw, June 10, 2025<\/p><div class=\"flex-1 overflow-hidden masked-content\"><div class=\"h-full\"><div class=\"react-scroll-to-bottom--css-hwjsk-79elbk h-full\"><div class=\"react-scroll-to-bottom--css-hwjsk-1n7m0yu\"><div class=\"flex flex-col text-sm pb-[120px]\"><article class=\"w-full text-token-text-primary focus-visible:outline-2 focus-visible:outline-offset-[-4px]\" dir=\"auto\" data-testid=\"conversation-turn-93\" data-scroll-anchor=\"true\"><div class=\"text-base py-[18px] m-auto md:px-5 w-full px-3 lg:px-0\"><div class=\"mx-auto flex flex-1 gap-4 text-base md:gap-5 lg:gap-6 md:max-w-3xl lg:max-w-[40rem] xl:max-w-[48rem]\"><div class=\"group\/conversation-turn relative flex w-full min-w-0 flex-col agent-turn\"><div class=\"flex-col gap-1 md:gap-3\"><div class=\"flex max-w-full flex-col flex-grow\"><div class=\"min-h-[20px] text-message flex w-full flex-col items-end gap-2 break-words [.text-message+&amp;]:mt-5 overflow-x-auto whitespace-normal\" dir=\"auto\" data-message-author-role=\"assistant\" data-message-id=\"f5c8fe7e-3ad9-40f5-b10b-38064724874d\"><div class=\"flex w-full flex-col gap-1 empty:hidden first:pt-[3px]\"><div class=\"markdown prose w-full break-words dark:prose-invert light\"><div class=\"flex-1 overflow-hidden @container\/thread\"><div class=\"h-full\"><div class=\"react-scroll-to-bottom--css-kegfn-79elbk h-full\"><div class=\"react-scroll-to-bottom--css-kegfn-1n7m0yu\"><div class=\"flex flex-col text-sm md:pb-9\"><article class=\"w-full scroll-mb-[var(--thread-trailing-height,150px)] text-token-text-primary focus-visible:outline-2 focus-visible:outline-offset-[-4px]\" dir=\"auto\" data-testid=\"conversation-turn-17\" data-scroll-anchor=\"true\"><div class=\"m-auto text-base py-[18px] px-3 md:px-4 w-full md:px-5 lg:px-4 xl:px-5\"><div class=\"mx-auto flex flex-1 gap-4 text-base md:gap-5 lg:gap-6 md:max-w-3xl lg:max-w-[40rem] xl:max-w-[48rem]\"><div class=\"group\/conversation-turn relative flex w-full min-w-0 flex-col agent-turn\"><div class=\"flex-col gap-1 md:gap-3\"><div class=\"flex max-w-full flex-col flex-grow\"><div class=\"min-h-8 text-message flex w-full flex-col items-end gap-2 whitespace-normal break-words text-start [.text-message+&amp;]:mt-5\" dir=\"auto\" data-message-author-role=\"assistant\" data-message-id=\"41f5e8d5-6e96-4dbf-b5af-3de4ba5dfc56\" data-message-model-slug=\"gpt-4o\"><div class=\"flex w-full flex-col gap-1 empty:hidden first:pt-[3px]\"><div class=\"markdown prose w-full break-words dark:prose-invert light\"><h2 data-start=\"326\" data-end=\"350\">The Colors of Color<\/h2><p data-start=\"423\" data-end=\"616\">The 407 Art Foundation proudly presents its latest collaboration: <em data-start=\"493\" data-end=\"514\">The Colors of Color<\/em> &#8211; an immersive abstract art experience created with the remarkable Polish artist of new generation <a href=\"https:\/\/online2020.asp.waw.pl\/autorzy\/krzosek-klaudia\/\"><strong data-start=\"596\" data-end=\"615\">Klaudia Krzosek<\/strong><\/a>.<\/p><p data-start=\"618\" data-end=\"877\">This new project explores the powerful relationship between <strong data-start=\"678\" data-end=\"707\">color, light, and emotion<\/strong>. It invites viewers to feel, not just observe. With <em data-start=\"760\" data-end=\"781\">The Colors of Color<\/em>, we open a bold conversation about the future of <a href=\"https:\/\/en.wikipedia.org\/wiki\/Abstract_art\"><strong data-start=\"831\" data-end=\"847\">abstract art<\/strong><\/a> and its impact on perception.<\/p><h3 data-start=\"879\" data-end=\"909\">The Power of Abstraction<\/h3><p data-start=\"910\" data-end=\"1206\">Abstract art has always pushed boundaries. From the illusions of <a href=\"https:\/\/artinfo.pl\/artinformacje\/najwieksi-mistrzowie-op-art-abstrakcji-geometrycznej-oraz-postmodernizmu-w-desa-unic\"><strong data-start=\"975\" data-end=\"985\">Op Art<\/strong><\/a> to today\u2019s sensory-driven experiences, it challenges how we see and feel the world. <em data-start=\"1070\" data-end=\"1091\">The Colors of Color<\/em> continues this tradition. But it also brings something new &#8211; energy, emotion, and a sense of joy we urgently need.<\/p><p data-start=\"1208\" data-end=\"1456\">In this collaboration, <a href=\"https:\/\/407artfoundation.org\/pl\/klaudia-krzosek-artist\/\"><strong data-start=\"1231\" data-end=\"1250\">Klaudia Krzosek<\/strong><\/a> transforms color into experience. Her work speaks to a generation that seeks meaning, connection, and visual intensity. Her large-scale paintings become spaces of emotion &#8211; vivid, immersive, unforgettable.<\/p><h3 data-start=\"1458\" data-end=\"1478\">What New to Expect in &#8220;The Colors of Color&#8221;<\/h3><ul data-start=\"1479\" data-end=\"1727\"><li data-start=\"1479\" data-end=\"1517\"><p data-start=\"1481\" data-end=\"1517\"><strong data-start=\"1481\" data-end=\"1515\">30 original abstract paintings<\/strong><\/p><\/li><li data-start=\"1518\" data-end=\"1586\"><p data-start=\"1520\" data-end=\"1586\">Bold formats: <strong data-start=\"1534\" data-end=\"1548\">130&#215;130 cm<\/strong>, <strong data-start=\"1550\" data-end=\"1564\">150&#215;150 cm<\/strong>, and <strong data-start=\"1570\" data-end=\"1584\">200&#215;200 cm<\/strong><\/p><\/li><li data-start=\"1587\" data-end=\"1665\"><p data-start=\"1589\" data-end=\"1665\">A premiere planned for <strong data-start=\"1612\" data-end=\"1626\">March 2026<\/strong> at the iconic <strong data-start=\"1641\" data-end=\"1663\"><a href=\"https:\/\/zlota44.net\/\">Z\u0142ota 44<\/a> in <a href=\"https:\/\/en.um.warszawa.pl\/\">Warsaw<\/a><\/strong><\/p><\/li><li data-start=\"1666\" data-end=\"1727\"><p data-start=\"1668\" data-end=\"1727\">A journey through color that awakens joy and sensory memory<\/p><\/li><\/ul><p data-start=\"1729\" data-end=\"1912\">Sixteen paintings are already complete. Several have been acquired by collectors through our <a href=\"https:\/\/407artfoundation.org\/en_gb\/nowe-pokolenie-kolekcjonerow\/\"><strong data-start=\"1822\" data-end=\"1854\">New Generation of Collectors<\/strong><\/a> program \u2014 a unique initiative supporting emerging buyers.<\/p><h3 data-start=\"1914\" data-end=\"1955\">Private Previews for Art Collectors<\/h3><p data-start=\"1956\" data-end=\"2194\">We invite collectors and galleries to exclusive <strong data-start=\"2004\" data-end=\"2024\">private previews<\/strong> of <em data-start=\"2028\" data-end=\"2049\">The Colors of Color<\/em>. Viewings will take place in <strong data-start=\"2079\" data-end=\"2110\">June, July, and August 2025<\/strong>. This is your opportunity to reserve and purchase works before the public premiere.<\/p><p data-start=\"2196\" data-end=\"2288\">To join the preview list, please <a href=\"https:\/\/407artfoundation.org\/en_gb\/contact\/\">contact us<\/a> directly. <a href=\"https:\/\/407artfoundation.org\/pl\/produkt\/klaudia-krzosek-untitled\/\">Early acquisition options<\/a> are limited.<\/p><h3 data-start=\"2295\" data-end=\"2336\">A Response to the World Through Art<\/h3><p data-start=\"2337\" data-end=\"2403\">As <a href=\"https:\/\/curatorsintl.org\/about\/collaborators\/5322-koyo-kouoh\"><strong data-start=\"2340\" data-end=\"2354\">Koyo Kouoh<\/strong><\/a>, curator of the <a href=\"https:\/\/www.labiennale.org\/en\/art\/2026\">61st Venice Biennale<\/a>, expressed:<\/p><blockquote data-start=\"2405\" data-end=\"2500\"><p data-start=\"2407\" data-end=\"2500\">\u201cWe\u2019re all tired\u2026 We need something else. We need to breathe. We need the radicality of joy.\u201d<\/p><\/blockquote><p data-start=\"2502\" data-end=\"2635\"><em data-start=\"2502\" data-end=\"2523\">The Colors of Color<\/em> is our answer. It\u2019s a celebration of energy, beauty, and emotion. It\u2019s a call to feel again &#8211; through painting.<\/p><h3 data-start=\"2642\" data-end=\"2662\">Stay Connected<\/h3><p data-start=\"2663\" data-end=\"2810\"><a href=\"https:\/\/www.instagram.com\/407_art_foundation\/\">Follow<\/a> the <strong data-start=\"2674\" data-end=\"2696\">407 Art Foundation<\/strong> for updates on the exhibition, collector previews, and behind-the-scenes content from Klaudia Krzosek\u2019s studio.<\/p><p data-start=\"2812\" data-end=\"2884\">Let color move you. Let art speak.<br data-start=\"2846\" data-end=\"2849\" \/><strong data-start=\"2849\" data-end=\"2884\">Discover <em data-start=\"2860\" data-end=\"2881\">The Colors of Color<\/em>.<\/strong><\/p><h6 data-start=\"1936\" data-end=\"2183\">Contact person:<br data-start=\"2495\" data-end=\"2498\" \/>Grzegorz Jaworski, 407 Art Foundation<br data-start=\"2535\" data-end=\"2538\" \/>tel. +48 736 407 704 | e-mail:\u00a0<a rel=\"noopener\" data-start=\"2569\" data-end=\"2594\">info@407artfoundation.org<\/a>\u00a0<\/h6><\/div><\/div><\/div><\/div><\/div><\/div><\/div><\/div><\/article><\/div><\/div><\/div><\/div><\/div><\/div><\/div><\/div><\/div><\/div><\/div><\/div><\/div><\/article><\/div><\/div><\/div><\/div><\/div>\t\t\t\t\t\t\t\t<\/div>\n\t\t\t\t<\/div>\n\t\t\t\t\t<\/div>\n\t\t<\/div>\n\t\t\t\t\t<\/div>\n\t\t<\/section>\n\t\t\t\t<section class=\"elementor-section elementor-top-section elementor-element elementor-element-8e84b79 elementor-section-boxed elementor-section-height-default elementor-section-height-default\" data-id=\"8e84b79\" data-element_type=\"section\" data-e-type=\"section\">\n\t\t\t\t\t\t<div class=\"elementor-container elementor-column-gap-default\">\n\t\t\t\t\t<div class=\"elementor-column elementor-col-50 elementor-top-column elementor-element elementor-element-7b87405\" data-id=\"7b87405\" data-element_type=\"column\" data-e-type=\"column\">\n\t\t\t<div class=\"elementor-widget-wrap elementor-element-populated\">\n\t\t\t\t\t\t<div class=\"elementor-element elementor-element-9173c53 elementor-widget elementor-widget-heading\" data-id=\"9173c53\" data-element_type=\"widget\" data-e-type=\"widget\" data-widget_type=\"heading.default\">\n\t\t\t\t<div class=\"elementor-widget-container\">\n\t\t\t\t\t<h2 class=\"elementor-heading-title elementor-size-default\">Excerpt from the review: <\/h2>\t\t\t\t<\/div>\n\t\t\t\t<\/div>\n\t\t\t\t\t<\/div>\n\t\t<\/div>\n\t\t\t\t<div class=\"elementor-column elementor-col-50 elementor-top-column elementor-element elementor-element-199efdf\" data-id=\"199efdf\" data-element_type=\"column\" data-e-type=\"column\">\n\t\t\t<div class=\"elementor-widget-wrap elementor-element-populated\">\n\t\t\t\t\t\t<div class=\"elementor-element elementor-element-ec1e2db elementor-widget elementor-widget-text-editor\" data-id=\"ec1e2db\" data-element_type=\"widget\" data-e-type=\"widget\" data-widget_type=\"text-editor.default\">\n\t\t\t\t<div class=\"elementor-widget-container\">\n\t\t\t\t\t\t\t\t\t<pre id=\"tw-target-text\" class=\"tw-data-text tw-text-large tw-ta\" dir=\"ltr\" data-placeholder=\"Translation\" data-ved=\"2ahUKEwic0JrcleeNAxVAR_EDHXS2LJUQ3ewLegQICRAV\" aria-label=\"Translated text: Excerpt from the review: &quot;When you stare at Klaudia Krzosek's paintings, you feel as if you were crossing the border of light. You literally immerse yourself in color. Each line is a fiber of energy, each layer is a frequency of mood, and the center... the center draws you in like a vortex, like a portal to your own imagination. These are not paintings to &quot;watch&quot;. These are paintings that breathe with you. You change the angle of view - they change. Depth appears. Space. Movement. When the light falls differently, the paintings start to live, showing you a different layer, different emotions and a different color. It is art like a pulse - it reacts to the light, to you, for a moment. Once you see a space of blue peace. Another time - pulsating green, or deep red. As if the color told you who you are today. And how you feel. Klaudia does not paint colors - she constructs them. Technical precision goes hand in hand with absolute emotionality. Her paintings are intricately woven structures - thousands of lines, each in a different shades of color that together create something more than a picture. They create an experience.&quot;\"><span class=\"Y2IQFc\" lang=\"en\">\"When you look at Klaudia Krzosek's paintings, you feel as if you were crossing the border of light. You literally immerse yourself in color. Each line is a fiber of energy, each layer is a frequency of mood, and the center... the center draws you in like a vortex, like a portal to your own imagination. \nThese are not paintings to \"watch\". These are paintings that breathe with you. You change the angle of view - they change. Depth appears. Space. Movement. When the light falls differently, the paintings start to live, showing you a different layer, different emotions and a different color. \nIt is art like a pulse - it reacts to the light, to you, for a moment. \nOnce you see a space of blue peace. Another time - pulsating green, or deep red. As if the color told you who you are today. And how you feel. \nKlaudia Krzosek does not paint colors - she constructs them. Technical precision goes hand in hand with absolute emotionality. Her paintings are intricately woven structures - thousands of lines, each in a different shades of color that together create something more than a picture. They create an experience.\"<br \/><\/span>Aron Pude\u0142ko <\/pre>\t\t\t\t\t\t\t\t<\/div>\n\t\t\t\t<\/div>\n\t\t\t\t\t<\/div>\n\t\t<\/div>\n\t\t\t\t\t<\/div>\n\t\t<\/section>\n\t\t\t\t<section class=\"elementor-section elementor-top-section elementor-element elementor-element-754d2a4 elementor-section-boxed elementor-section-height-default elementor-section-height-default\" data-id=\"754d2a4\" data-element_type=\"section\" data-e-type=\"section\">\n\t\t\t\t\t\t<div class=\"elementor-container elementor-column-gap-default\">\n\t\t\t\t\t<div class=\"elementor-column elementor-col-33 elementor-top-column elementor-element elementor-element-7093a10\" data-id=\"7093a10\" data-element_type=\"column\" data-e-type=\"column\">\n\t\t\t<div class=\"elementor-widget-wrap elementor-element-populated\">\n\t\t\t\t\t\t<div class=\"elementor-element elementor-element-f8f642c elementor-widget elementor-widget-text-editor\" data-id=\"f8f642c\" data-element_type=\"widget\" data-e-type=\"widget\" data-widget_type=\"text-editor.default\">\n\t\t\t\t<div class=\"elementor-widget-container\">\n\t\t\t\t\t\t\t\t\t<h2><strong>Official Exhibition Trailer<\/strong><\/h2>\t\t\t\t\t\t\t\t<\/div>\n\t\t\t\t<\/div>\n\t\t\t\t\t<\/div>\n\t\t<\/div>\n\t\t\t\t<div class=\"elementor-column elementor-col-66 elementor-top-column elementor-element elementor-element-d06dc56\" data-id=\"d06dc56\" data-element_type=\"column\" data-e-type=\"column\">\n\t\t\t<div class=\"elementor-widget-wrap elementor-element-populated\">\n\t\t\t\t\t\t<div class=\"elementor-element elementor-element-0ae4a4b elementor-widget elementor-widget-video\" data-id=\"0ae4a4b\" data-element_type=\"widget\" data-e-type=\"widget\" data-settings=\"{&quot;youtube_url&quot;:&quot;https:\\\/\\\/youtu.be\\\/B7tqkmUHq1E?si=Wj1DtR7N6ATTQLIh&quot;,&quot;video_type&quot;:&quot;youtube&quot;,&quot;controls&quot;:&quot;yes&quot;}\" data-widget_type=\"video.default\">\n\t\t\t\t<div class=\"elementor-widget-container\">\n\t\t\t\t\t\t\t<div class=\"elementor-wrapper elementor-open-inline\">\n\t\t\t<div class=\"elementor-video\"><\/div>\t\t<\/div>\n\t\t\t\t\t\t<\/div>\n\t\t\t\t<\/div>\n\t\t\t\t\t<\/div>\n\t\t<\/div>\n\t\t\t\t\t<\/div>\n\t\t<\/section>\n\t\t\t\t<section class=\"elementor-section elementor-top-section elementor-element elementor-element-113a388 elementor-section-boxed elementor-section-height-default elementor-section-height-default\" data-id=\"113a388\" data-element_type=\"section\" data-e-type=\"section\">\n\t\t\t\t\t\t<div class=\"elementor-container elementor-column-gap-default\">\n\t\t\t\t\t<div class=\"elementor-column elementor-col-50 elementor-top-column elementor-element elementor-element-587494e\" data-id=\"587494e\" data-element_type=\"column\" data-e-type=\"column\">\n\t\t\t<div class=\"elementor-widget-wrap elementor-element-populated\">\n\t\t\t\t\t\t<div class=\"elementor-element elementor-element-5945b3f elementor-widget elementor-widget-image\" data-id=\"5945b3f\" data-element_type=\"widget\" data-e-type=\"widget\" data-widget_type=\"image.default\">\n\t\t\t\t<div class=\"elementor-widget-container\">\n\t\t\t\t\t\t\t\t\t\t\t\t\t\t\t<img fetchpriority=\"high\" decoding=\"async\" width=\"800\" height=\"791\" src=\"https:\/\/407artfoundation.org\/wp-content\/uploads\/2025\/06\/IMG_0261-1024x1012.jpg\" class=\"attachment-large size-large wp-image-2575\" alt=\"\" srcset=\"https:\/\/407artfoundation.org\/wp-content\/uploads\/2025\/06\/IMG_0261-1024x1012.jpg 1024w, https:\/\/407artfoundation.org\/wp-content\/uploads\/2025\/06\/IMG_0261-300x297.jpg 300w, https:\/\/407artfoundation.org\/wp-content\/uploads\/2025\/06\/IMG_0261-768x759.jpg 768w, https:\/\/407artfoundation.org\/wp-content\/uploads\/2025\/06\/IMG_0261-12x12.jpg 12w, https:\/\/407artfoundation.org\/wp-content\/uploads\/2025\/06\/IMG_0261-600x593.jpg 600w, https:\/\/407artfoundation.org\/wp-content\/uploads\/2025\/06\/IMG_0261-100x100.jpg 100w, https:\/\/407artfoundation.org\/wp-content\/uploads\/2025\/06\/IMG_0261.jpg 1290w\" sizes=\"(max-width: 800px) 100vw, 800px\" \/>\t\t\t\t\t\t\t\t\t\t\t\t\t\t\t<\/div>\n\t\t\t\t<\/div>\n\t\t\t\t\t<\/div>\n\t\t<\/div>\n\t\t\t\t<div class=\"elementor-column elementor-col-50 elementor-top-column elementor-element elementor-element-676a2a3\" data-id=\"676a2a3\" data-element_type=\"column\" data-e-type=\"column\">\n\t\t\t<div class=\"elementor-widget-wrap elementor-element-populated\">\n\t\t\t\t\t\t<div class=\"elementor-element elementor-element-d0b9ff3 elementor-widget elementor-widget-text-editor\" data-id=\"d0b9ff3\" data-element_type=\"widget\" data-e-type=\"widget\" data-widget_type=\"text-editor.default\">\n\t\t\t\t<div class=\"elementor-widget-container\">\n\t\t\t\t\t\t\t\t\t<h3><strong>Klaudia Krzosek (2000) <\/strong><\/h3><h6>A graduate of the <a href=\"https:\/\/asp.waw.pl\/\">Academy of Fine Arts<\/a> in Warsaw, where in 2024 she completed her diploma annex in the painting studio led by Professor <a href=\"https:\/\/asp.waw.pl\/zespol\/prof-zw-andrzej-zwierzchowski\/\">Andrzej Zwierzchowski<\/a>. While still a student, she took part in many group exhibitions. Her individual exhibition &#8220;Break on through&#8221; (2023) showed that she can combine technical precision with emotional depth in a unique way. Klaudia Krzosek&#8217;s works are distinguished by their unique style &#8211; building mood through subtle plays of light and shadow and the intensity of color accents.<\/h6><h6>\u00a0<\/h6><h6>\u00a0<\/h6><p>foto: Szymon Barczak<\/p>\t\t\t\t\t\t\t\t<\/div>\n\t\t\t\t<\/div>\n\t\t\t\t\t<\/div>\n\t\t<\/div>\n\t\t\t\t\t<\/div>\n\t\t<\/section>\n\t\t\t\t<\/div>\n\t\t","protected":false},"excerpt":{"rendered":"<p>Warsaw, June 10, 2025 The Colors of Color The 407 Art Foundation proudly presents its latest collaboration: The Colors of Color &#8211; an immersive abstract art experience created with the remarkable Polish artist of new generation Klaudia Krzosek. This new project explores the powerful relationship between color, light, and emotion. It invites viewers to feel, [&hellip;]<\/p>\n","protected":false},"author":1,"featured_media":2569,"comment_status":"closed","ping_status":"open","sticky":false,"template":"","format":"standard","meta":{"give_campaign_id":0,"footnotes":""},"categories":[35],"tags":[161,159,158,160,162,108,59,49],"class_list":["post-2566","post","type-post","status-publish","format-standard","has-post-thumbnail","hentry","category-news","tag-abstrakcja","tag-klaudiakrzosek","tag-projectsztuki","tag-sztukaabstrakcyjna","tag-thecolorsofcolor","tag-wystawa","tag-407artfoundation","tag-sztuka"],"yoast_head":"<!-- This site is optimized with the Yoast SEO plugin v27.5 - https:\/\/yoast.com\/product\/yoast-seo-wordpress\/ -->\n<title>A new immersive project: The Colors of Color - 407artfoundation.org<\/title>\n<meta name=\"description\" content=\"Klaudia Krzosek i jej nowy cykl &quot;The Colors of Color&quot;. Odkryj artystk\u0119 nowego pokolenia Op-Art. Jej obrazy pulsuj\u0105 przy \u015bwietle i d\u017awi\u0119ku.\" \/>\n<meta name=\"robots\" content=\"index, follow, max-snippet:-1, max-image-preview:large, max-video-preview:-1\" \/>\n<link rel=\"canonical\" href=\"https:\/\/407artfoundation.org\/en_gb\/the-colors-of-color-new-project\/\" \/>\n<meta property=\"og:locale\" content=\"en_GB\" \/>\n<meta property=\"og:type\" content=\"article\" \/>\n<meta property=\"og:title\" content=\"A new immersive project: The Colors of Color - 407artfoundation.org\" \/>\n<meta property=\"og:description\" content=\"Klaudia Krzosek i jej nowy cykl &quot;The Colors of Color&quot;. Odkryj artystk\u0119 nowego pokolenia Op-Art. Jej obrazy pulsuj\u0105 przy \u015bwietle i d\u017awi\u0119ku.\" \/>\n<meta property=\"og:url\" content=\"https:\/\/407artfoundation.org\/en_gb\/the-colors-of-color-new-project\/\" \/>\n<meta property=\"og:site_name\" content=\"407artfoundation.org\" \/>\n<meta property=\"article:published_time\" content=\"2025-06-10T15:01:45+00:00\" \/>\n<meta property=\"article:modified_time\" content=\"2025-10-12T18:43:49+00:00\" \/>\n<meta property=\"og:image\" content=\"http:\/\/407artfoundation.org\/wp-content\/uploads\/2025\/06\/www-okladka-zapowiedzi-1024x617.png\" \/>\n\t<meta property=\"og:image:width\" content=\"1024\" \/>\n\t<meta property=\"og:image:height\" content=\"617\" \/>\n\t<meta property=\"og:image:type\" content=\"image\/png\" \/>\n<meta name=\"author\" content=\"407artfoundation.org\" \/>\n<meta name=\"twitter:card\" content=\"summary_large_image\" \/>\n<meta name=\"twitter:label1\" content=\"Written by\" \/>\n\t<meta name=\"twitter:data1\" content=\"407artfoundation.org\" \/>\n\t<meta name=\"twitter:label2\" content=\"Estimated reading time\" \/>\n\t<meta name=\"twitter:data2\" content=\"3 minutes\" \/>\n<script type=\"application\/ld+json\" class=\"yoast-schema-graph\">{\"@context\":\"https:\\\/\\\/schema.org\",\"@graph\":[{\"@type\":\"Article\",\"@id\":\"https:\\\/\\\/407artfoundation.org\\\/en_gb\\\/the-colors-of-color-new-project\\\/#article\",\"isPartOf\":{\"@id\":\"https:\\\/\\\/407artfoundation.org\\\/en_gb\\\/the-colors-of-color-new-project\\\/\"},\"author\":{\"name\":\"407artfoundation.org\",\"@id\":\"https:\\\/\\\/407artfoundation.org\\\/#\\\/schema\\\/person\\\/0bd96a4ddc93509429646206afc91a94\"},\"headline\":\"A new immersive project: The Colors of Color\",\"datePublished\":\"2025-06-10T15:01:45+00:00\",\"dateModified\":\"2025-10-12T18:43:49+00:00\",\"mainEntityOfPage\":{\"@id\":\"https:\\\/\\\/407artfoundation.org\\\/en_gb\\\/the-colors-of-color-new-project\\\/\"},\"wordCount\":503,\"image\":{\"@id\":\"https:\\\/\\\/407artfoundation.org\\\/en_gb\\\/the-colors-of-color-new-project\\\/#primaryimage\"},\"thumbnailUrl\":\"https:\\\/\\\/407artfoundation.org\\\/wp-content\\\/uploads\\\/2025\\\/06\\\/www-okladka-zapowiedzi.png\",\"keywords\":[\"#abstrakcja\",\"#klaudiakrzosek\",\"#projectsztuki\",\"#sztukaabstrakcyjna\",\"#thecolorsofcolor\",\"#wystawa\",\"407artfoundation\",\"sztuka\"],\"articleSection\":[\"News\"],\"inLanguage\":\"en-GB\"},{\"@type\":\"WebPage\",\"@id\":\"https:\\\/\\\/407artfoundation.org\\\/en_gb\\\/the-colors-of-color-new-project\\\/\",\"url\":\"https:\\\/\\\/407artfoundation.org\\\/en_gb\\\/the-colors-of-color-new-project\\\/\",\"name\":\"A new immersive project: The Colors of Color - 407artfoundation.org\",\"isPartOf\":{\"@id\":\"https:\\\/\\\/407artfoundation.org\\\/#website\"},\"primaryImageOfPage\":{\"@id\":\"https:\\\/\\\/407artfoundation.org\\\/en_gb\\\/the-colors-of-color-new-project\\\/#primaryimage\"},\"image\":{\"@id\":\"https:\\\/\\\/407artfoundation.org\\\/en_gb\\\/the-colors-of-color-new-project\\\/#primaryimage\"},\"thumbnailUrl\":\"https:\\\/\\\/407artfoundation.org\\\/wp-content\\\/uploads\\\/2025\\\/06\\\/www-okladka-zapowiedzi.png\",\"datePublished\":\"2025-06-10T15:01:45+00:00\",\"dateModified\":\"2025-10-12T18:43:49+00:00\",\"author\":{\"@id\":\"https:\\\/\\\/407artfoundation.org\\\/#\\\/schema\\\/person\\\/0bd96a4ddc93509429646206afc91a94\"},\"description\":\"Klaudia Krzosek i jej nowy cykl \\\"The Colors of Color\\\". Odkryj artystk\u0119 nowego pokolenia Op-Art. Jej obrazy pulsuj\u0105 przy \u015bwietle i d\u017awi\u0119ku.\",\"breadcrumb\":{\"@id\":\"https:\\\/\\\/407artfoundation.org\\\/en_gb\\\/the-colors-of-color-new-project\\\/#breadcrumb\"},\"inLanguage\":\"en-GB\",\"potentialAction\":[{\"@type\":\"ReadAction\",\"target\":[\"https:\\\/\\\/407artfoundation.org\\\/en_gb\\\/the-colors-of-color-new-project\\\/\"]}]},{\"@type\":\"ImageObject\",\"inLanguage\":\"en-GB\",\"@id\":\"https:\\\/\\\/407artfoundation.org\\\/en_gb\\\/the-colors-of-color-new-project\\\/#primaryimage\",\"url\":\"https:\\\/\\\/407artfoundation.org\\\/wp-content\\\/uploads\\\/2025\\\/06\\\/www-okladka-zapowiedzi.png\",\"contentUrl\":\"https:\\\/\\\/407artfoundation.org\\\/wp-content\\\/uploads\\\/2025\\\/06\\\/www-okladka-zapowiedzi.png\",\"width\":1744,\"height\":1050,\"caption\":\"The Colors of Color\"},{\"@type\":\"BreadcrumbList\",\"@id\":\"https:\\\/\\\/407artfoundation.org\\\/en_gb\\\/the-colors-of-color-new-project\\\/#breadcrumb\",\"itemListElement\":[{\"@type\":\"ListItem\",\"position\":1,\"name\":\"Home\",\"item\":\"https:\\\/\\\/407artfoundation.org\\\/\"},{\"@type\":\"ListItem\",\"position\":2,\"name\":\"A new immersive project: The Colors of Color\"}]},{\"@type\":\"WebSite\",\"@id\":\"https:\\\/\\\/407artfoundation.org\\\/#website\",\"url\":\"https:\\\/\\\/407artfoundation.org\\\/\",\"name\":\"407artfoundation.org\",\"description\":\"Promujemy polsk\u0105 sztuk\u0119 i kultur\u0119. \u0141\u0105czymy artyst\u00f3w z kolekcjonerami. Pomagamy budowa\u0107 warto\u015bciowe kolekcje sztuki. Organizujemy wyj\u0105tkowe wystawy w ramach cyklu &quot;Sztuka na Z\u0142otej44&quot;. Wspieramy inne organizacje i instytucje dzia\u0142aj\u0105ce na rzecz szerzenia kultury.\",\"potentialAction\":[{\"@type\":\"SearchAction\",\"target\":{\"@type\":\"EntryPoint\",\"urlTemplate\":\"https:\\\/\\\/407artfoundation.org\\\/?s={search_term_string}\"},\"query-input\":{\"@type\":\"PropertyValueSpecification\",\"valueRequired\":true,\"valueName\":\"search_term_string\"}}],\"inLanguage\":\"en-GB\"},{\"@type\":\"Person\",\"@id\":\"https:\\\/\\\/407artfoundation.org\\\/#\\\/schema\\\/person\\\/0bd96a4ddc93509429646206afc91a94\",\"name\":\"407artfoundation.org\",\"image\":{\"@type\":\"ImageObject\",\"inLanguage\":\"en-GB\",\"@id\":\"https:\\\/\\\/secure.gravatar.com\\\/avatar\\\/cc7356495ca39b5c14333ad62ce002fb13a47cbba40296ee58327f68bc960ec5?s=96&d=mm&r=g\",\"url\":\"https:\\\/\\\/secure.gravatar.com\\\/avatar\\\/cc7356495ca39b5c14333ad62ce002fb13a47cbba40296ee58327f68bc960ec5?s=96&d=mm&r=g\",\"contentUrl\":\"https:\\\/\\\/secure.gravatar.com\\\/avatar\\\/cc7356495ca39b5c14333ad62ce002fb13a47cbba40296ee58327f68bc960ec5?s=96&d=mm&r=g\",\"caption\":\"407artfoundation.org\"},\"sameAs\":[\"https:\\\/\\\/407artfoundation.org\"],\"url\":\"https:\\\/\\\/407artfoundation.org\\\/en_gb\\\/author\\\/407artfoundation-org\\\/\"}]}<\/script>\n<!-- \/ Yoast SEO plugin. -->","yoast_head_json":{"title":"A new immersive project: The Colors of Color - 407artfoundation.org","description":"Klaudia Krzosek i jej nowy cykl \"The Colors of Color\". Odkryj artystk\u0119 nowego pokolenia Op-Art. Jej obrazy pulsuj\u0105 przy \u015bwietle i d\u017awi\u0119ku.","robots":{"index":"index","follow":"follow","max-snippet":"max-snippet:-1","max-image-preview":"max-image-preview:large","max-video-preview":"max-video-preview:-1"},"canonical":"https:\/\/407artfoundation.org\/en_gb\/the-colors-of-color-new-project\/","og_locale":"en_GB","og_type":"article","og_title":"A new immersive project: The Colors of Color - 407artfoundation.org","og_description":"Klaudia Krzosek i jej nowy cykl \"The Colors of Color\". Odkryj artystk\u0119 nowego pokolenia Op-Art. Jej obrazy pulsuj\u0105 przy \u015bwietle i d\u017awi\u0119ku.","og_url":"https:\/\/407artfoundation.org\/en_gb\/the-colors-of-color-new-project\/","og_site_name":"407artfoundation.org","article_published_time":"2025-06-10T15:01:45+00:00","article_modified_time":"2025-10-12T18:43:49+00:00","og_image":[{"width":1024,"height":617,"url":"http:\/\/407artfoundation.org\/wp-content\/uploads\/2025\/06\/www-okladka-zapowiedzi-1024x617.png","type":"image\/png"}],"author":"407artfoundation.org","twitter_card":"summary_large_image","twitter_misc":{"Written by":"407artfoundation.org","Estimated reading time":"3 minutes"},"schema":{"@context":"https:\/\/schema.org","@graph":[{"@type":"Article","@id":"https:\/\/407artfoundation.org\/en_gb\/the-colors-of-color-new-project\/#article","isPartOf":{"@id":"https:\/\/407artfoundation.org\/en_gb\/the-colors-of-color-new-project\/"},"author":{"name":"407artfoundation.org","@id":"https:\/\/407artfoundation.org\/#\/schema\/person\/0bd96a4ddc93509429646206afc91a94"},"headline":"A new immersive project: The Colors of Color","datePublished":"2025-06-10T15:01:45+00:00","dateModified":"2025-10-12T18:43:49+00:00","mainEntityOfPage":{"@id":"https:\/\/407artfoundation.org\/en_gb\/the-colors-of-color-new-project\/"},"wordCount":503,"image":{"@id":"https:\/\/407artfoundation.org\/en_gb\/the-colors-of-color-new-project\/#primaryimage"},"thumbnailUrl":"https:\/\/407artfoundation.org\/wp-content\/uploads\/2025\/06\/www-okladka-zapowiedzi.png","keywords":["#abstrakcja","#klaudiakrzosek","#projectsztuki","#sztukaabstrakcyjna","#thecolorsofcolor","#wystawa","407artfoundation","sztuka"],"articleSection":["News"],"inLanguage":"en-GB"},{"@type":"WebPage","@id":"https:\/\/407artfoundation.org\/en_gb\/the-colors-of-color-new-project\/","url":"https:\/\/407artfoundation.org\/en_gb\/the-colors-of-color-new-project\/","name":"A new immersive project: The Colors of Color - 407artfoundation.org","isPartOf":{"@id":"https:\/\/407artfoundation.org\/#website"},"primaryImageOfPage":{"@id":"https:\/\/407artfoundation.org\/en_gb\/the-colors-of-color-new-project\/#primaryimage"},"image":{"@id":"https:\/\/407artfoundation.org\/en_gb\/the-colors-of-color-new-project\/#primaryimage"},"thumbnailUrl":"https:\/\/407artfoundation.org\/wp-content\/uploads\/2025\/06\/www-okladka-zapowiedzi.png","datePublished":"2025-06-10T15:01:45+00:00","dateModified":"2025-10-12T18:43:49+00:00","author":{"@id":"https:\/\/407artfoundation.org\/#\/schema\/person\/0bd96a4ddc93509429646206afc91a94"},"description":"Klaudia Krzosek i jej nowy cykl \"The Colors of Color\". Odkryj artystk\u0119 nowego pokolenia Op-Art. Jej obrazy pulsuj\u0105 przy \u015bwietle i d\u017awi\u0119ku.","breadcrumb":{"@id":"https:\/\/407artfoundation.org\/en_gb\/the-colors-of-color-new-project\/#breadcrumb"},"inLanguage":"en-GB","potentialAction":[{"@type":"ReadAction","target":["https:\/\/407artfoundation.org\/en_gb\/the-colors-of-color-new-project\/"]}]},{"@type":"ImageObject","inLanguage":"en-GB","@id":"https:\/\/407artfoundation.org\/en_gb\/the-colors-of-color-new-project\/#primaryimage","url":"https:\/\/407artfoundation.org\/wp-content\/uploads\/2025\/06\/www-okladka-zapowiedzi.png","contentUrl":"https:\/\/407artfoundation.org\/wp-content\/uploads\/2025\/06\/www-okladka-zapowiedzi.png","width":1744,"height":1050,"caption":"The Colors of Color"},{"@type":"BreadcrumbList","@id":"https:\/\/407artfoundation.org\/en_gb\/the-colors-of-color-new-project\/#breadcrumb","itemListElement":[{"@type":"ListItem","position":1,"name":"Home","item":"https:\/\/407artfoundation.org\/"},{"@type":"ListItem","position":2,"name":"A new immersive project: The Colors of Color"}]},{"@type":"WebSite","@id":"https:\/\/407artfoundation.org\/#website","url":"https:\/\/407artfoundation.org\/","name":"407artfoundation.org","description":"Promujemy polsk\u0105 sztuk\u0119 i kultur\u0119. \u0141\u0105czymy artyst\u00f3w z kolekcjonerami. Pomagamy budowa\u0107 warto\u015bciowe kolekcje sztuki. Organizujemy wyj\u0105tkowe wystawy w ramach cyklu &quot;Sztuka na Z\u0142otej44&quot;. Wspieramy inne organizacje i instytucje dzia\u0142aj\u0105ce na rzecz szerzenia kultury.","potentialAction":[{"@type":"SearchAction","target":{"@type":"EntryPoint","urlTemplate":"https:\/\/407artfoundation.org\/?s={search_term_string}"},"query-input":{"@type":"PropertyValueSpecification","valueRequired":true,"valueName":"search_term_string"}}],"inLanguage":"en-GB"},{"@type":"Person","@id":"https:\/\/407artfoundation.org\/#\/schema\/person\/0bd96a4ddc93509429646206afc91a94","name":"407artfoundation.org","image":{"@type":"ImageObject","inLanguage":"en-GB","@id":"https:\/\/secure.gravatar.com\/avatar\/cc7356495ca39b5c14333ad62ce002fb13a47cbba40296ee58327f68bc960ec5?s=96&d=mm&r=g","url":"https:\/\/secure.gravatar.com\/avatar\/cc7356495ca39b5c14333ad62ce002fb13a47cbba40296ee58327f68bc960ec5?s=96&d=mm&r=g","contentUrl":"https:\/\/secure.gravatar.com\/avatar\/cc7356495ca39b5c14333ad62ce002fb13a47cbba40296ee58327f68bc960ec5?s=96&d=mm&r=g","caption":"407artfoundation.org"},"sameAs":["https:\/\/407artfoundation.org"],"url":"https:\/\/407artfoundation.org\/en_gb\/author\/407artfoundation-org\/"}]}},"_links":{"self":[{"href":"https:\/\/407artfoundation.org\/en_gb\/wp-json\/wp\/v2\/posts\/2566","targetHints":{"allow":["GET"]}}],"collection":[{"href":"https:\/\/407artfoundation.org\/en_gb\/wp-json\/wp\/v2\/posts"}],"about":[{"href":"https:\/\/407artfoundation.org\/en_gb\/wp-json\/wp\/v2\/types\/post"}],"author":[{"embeddable":true,"href":"https:\/\/407artfoundation.org\/en_gb\/wp-json\/wp\/v2\/users\/1"}],"replies":[{"embeddable":true,"href":"https:\/\/407artfoundation.org\/en_gb\/wp-json\/wp\/v2\/comments?post=2566"}],"version-history":[{"count":31,"href":"https:\/\/407artfoundation.org\/en_gb\/wp-json\/wp\/v2\/posts\/2566\/revisions"}],"predecessor-version":[{"id":3327,"href":"https:\/\/407artfoundation.org\/en_gb\/wp-json\/wp\/v2\/posts\/2566\/revisions\/3327"}],"wp:featuredmedia":[{"embeddable":true,"href":"https:\/\/407artfoundation.org\/en_gb\/wp-json\/wp\/v2\/media\/2569"}],"wp:attachment":[{"href":"https:\/\/407artfoundation.org\/en_gb\/wp-json\/wp\/v2\/media?parent=2566"}],"wp:term":[{"taxonomy":"category","embeddable":true,"href":"https:\/\/407artfoundation.org\/en_gb\/wp-json\/wp\/v2\/categories?post=2566"},{"taxonomy":"post_tag","embeddable":true,"href":"https:\/\/407artfoundation.org\/en_gb\/wp-json\/wp\/v2\/tags?post=2566"}],"curies":[{"name":"wp","href":"https:\/\/api.w.org\/{rel}","templated":true}]}}