{"id":2514,"date":"2025-05-15T15:46:27","date_gmt":"2025-05-15T13:46:27","guid":{"rendered":"https:\/\/407artfoundation.org\/?p=2514"},"modified":"2025-07-10T23:14:50","modified_gmt":"2025-07-10T21:14:50","slug":"aron-pudelko-noc-muzow-2025","status":"publish","type":"post","link":"https:\/\/407artfoundation.org\/en_gb\/aron-pudelko-noc-muzow-2025\/","title":{"rendered":"Aron Pude\u0142ko w Noc Muze\u00f3w 2025"},"content":{"rendered":"\t\t<div data-elementor-type=\"wp-post\" data-elementor-id=\"2514\" class=\"elementor elementor-2514\" data-elementor-post-type=\"post\">\n\t\t\t\t\t\t<section class=\"elementor-section elementor-top-section elementor-element elementor-element-1416f284 elementor-section-boxed elementor-section-height-default elementor-section-height-default\" data-id=\"1416f284\" data-element_type=\"section\" data-e-type=\"section\">\n\t\t\t\t\t\t<div class=\"elementor-container elementor-column-gap-default\">\n\t\t\t\t\t<div class=\"elementor-column elementor-col-100 elementor-top-column elementor-element elementor-element-6aa9d31e\" data-id=\"6aa9d31e\" data-element_type=\"column\" data-e-type=\"column\">\n\t\t\t<div class=\"elementor-widget-wrap elementor-element-populated\">\n\t\t\t\t\t\t<div class=\"elementor-element elementor-element-7c5591b6 elementor-widget elementor-widget-text-editor\" data-id=\"7c5591b6\" data-element_type=\"widget\" data-e-type=\"widget\" data-widget_type=\"text-editor.default\">\n\t\t\t\t<div class=\"elementor-widget-container\">\n\t\t\t\t\t\t\t\t\t<p>Warsaw, May 15, 2025<\/p><div class=\"flex-1 overflow-hidden masked-content\"><div class=\"h-full\"><div class=\"react-scroll-to-bottom--css-hwjsk-79elbk h-full\"><div class=\"react-scroll-to-bottom--css-hwjsk-1n7m0yu\"><div class=\"flex flex-col text-sm pb-[120px]\"><article class=\"w-full text-token-text-primary focus-visible:outline-2 focus-visible:outline-offset-[-4px]\" dir=\"auto\" data-testid=\"conversation-turn-93\" data-scroll-anchor=\"true\"><div class=\"text-base py-[18px] m-auto md:px-5 w-full px-3 lg:px-0\"><div class=\"mx-auto flex flex-1 gap-4 text-base md:gap-5 lg:gap-6 md:max-w-3xl lg:max-w-[40rem] xl:max-w-[48rem]\"><div class=\"group\/conversation-turn relative flex w-full min-w-0 flex-col agent-turn\"><div class=\"flex-col gap-1 md:gap-3\"><div class=\"flex max-w-full flex-col flex-grow\"><div class=\"min-h-[20px] text-message flex w-full flex-col items-end gap-2 break-words [.text-message+&amp;]:mt-5 overflow-x-auto whitespace-normal\" dir=\"auto\" data-message-author-role=\"assistant\" data-message-id=\"f5c8fe7e-3ad9-40f5-b10b-38064724874d\"><div class=\"flex w-full flex-col gap-1 empty:hidden first:pt-[3px]\"><div class=\"markdown prose w-full break-words dark:prose-invert light\"><div class=\"flex-1 overflow-hidden @container\/thread\"><div class=\"h-full\"><div class=\"react-scroll-to-bottom--css-kegfn-79elbk h-full\"><div class=\"react-scroll-to-bottom--css-kegfn-1n7m0yu\"><div class=\"flex flex-col text-sm md:pb-9\"><article class=\"w-full scroll-mb-[var(--thread-trailing-height,150px)] text-token-text-primary focus-visible:outline-2 focus-visible:outline-offset-[-4px]\" dir=\"auto\" data-testid=\"conversation-turn-17\" data-scroll-anchor=\"true\"><div class=\"m-auto text-base py-[18px] px-3 md:px-4 w-full md:px-5 lg:px-4 xl:px-5\"><div class=\"mx-auto flex flex-1 gap-4 text-base md:gap-5 lg:gap-6 md:max-w-3xl lg:max-w-[40rem] xl:max-w-[48rem]\"><div class=\"group\/conversation-turn relative flex w-full min-w-0 flex-col agent-turn\"><div class=\"flex-col gap-1 md:gap-3\"><div class=\"flex max-w-full flex-col flex-grow\"><div class=\"min-h-8 text-message flex w-full flex-col items-end gap-2 whitespace-normal break-words text-start [.text-message+&amp;]:mt-5\" dir=\"auto\" data-message-author-role=\"assistant\" data-message-id=\"41f5e8d5-6e96-4dbf-b5af-3de4ba5dfc56\" data-message-model-slug=\"gpt-4o\"><div class=\"flex w-full flex-col gap-1 empty:hidden first:pt-[3px]\"><div class=\"markdown prose w-full break-words dark:prose-invert light\"><h3 data-start=\"178\" data-end=\"270\">Aron Pude\u0142ko led 24 guided tours of \u201cFaces of the Soul\u201d during Night of Museums 2025<\/h3><p data-start=\"272\" data-end=\"668\">During <a href=\"https:\/\/nocmuzeow.um.warszawa.pl\/\"><strong data-start=\"279\" data-end=\"304\">Night of Museums 2025<\/strong><\/a>, the 407 Art Foundation, in collaboration with the <a href=\"https:\/\/www.ciesniewski.art\/\">Wojciech Cie\u015bniewski Foundation<\/a>, opened the doors to the exhibition <a href=\"https:\/\/407artfoundation.org\/en_gb\/faces-of-the-soul\/\"><em data-start=\"424\" data-end=\"463\">\u201cFaces of the Soul: Virtues and Sins\u201d<\/em><\/a>. Nearly 300 visitors came to explore the space at Ho\u017ca 27\/10 in Warsaw. The audience experienced a powerful cycle of paintings by <a href=\"https:\/\/pl.wikipedia.org\/wiki\/Wojciech_Cie%C5%9Bniewski\">Wojciech Cie\u015bniewski<\/a>, one of Poland\u2019s most acclaimed contemporary artists.<\/p><h3 data-start=\"670\" data-end=\"742\">Night of Museums \u2013 a celebration of culture and closeness to art<\/h3><p data-start=\"744\" data-end=\"1152\"><strong data-start=\"744\" data-end=\"764\">Night of Museums<\/strong> is not just about long lines and crowds. It\u2019s a unique opportunity to connect with art, reflect, and engage with works in a new light. This atmosphere was brought to life by <strong data-start=\"939\" data-end=\"955\">Aron Pude\u0142ko<\/strong>, who led <strong data-start=\"965\" data-end=\"1010\">24 passionate and insightful guided tours<\/strong> as the co-curator of the exhibition. Each tour was tailored to its audience \u2014 from students to collectors, art lovers to first-time visitors.<\/p><h3 data-start=\"1154\" data-end=\"1215\">Aron Pude\u0142ko Interpretations that opened eyes and stirred emotions<\/h3><p data-start=\"1217\" data-end=\"1640\">With deep knowledge and dedication, <strong data-start=\"1253\" data-end=\"1269\">Aron Pude\u0142ko<\/strong> shared insights into the symbolism and narrative structure of the paintings. He emphasized the connections between spirituality and psychology, and highlighted the role of the human figure as a being full of contradictions, emotions, and moral struggles. The tours became an essential part of the evening \u2014 giving visitors a deeper understanding of the artist\u2019s message.<\/p><h3 data-start=\"1642\" data-end=\"1697\">A new painting series as part of \u201cArt at Z\u0142ota\u201d<\/h3><p data-start=\"1699\" data-end=\"2070\"><a href=\"https:\/\/407artfoundation.org\/en_gb\/oblicza-duszy-wernisaz\/\"><em data-start=\"1699\" data-end=\"1738\">\u201cFaces of the Soul: Virtues and Sins\u201d<\/em><\/a> is the latest painting series by Wojciech Cie\u015bniewski. The exhibition premiered in March 2025 at the prestigious Z\u0142ota 44 residential tower as part of the <strong data-start=\"1894\" data-end=\"1912\">\u201cArt at Z\u0142ota\u201d<\/strong> project, initiated by the 407 Art Foundation. The series touches on timeless themes \u2014 good and evil, beauty, temptation, and the spiritual state of humanity.<\/p><h3 data-start=\"2072\" data-end=\"2122\">The last chance to see the full collection<\/h3><p data-start=\"2124\" data-end=\"2395\">Night of Museums offered the <strong data-start=\"2153\" data-end=\"2174\">final opportunity<\/strong> to see the entire collection in one space. Several paintings had already been acquired by collectors during previous private previews. This made the event especially meaningful \u2014 both for the visitors and the organizers.<\/p><h3 data-start=\"2397\" data-end=\"2451\">Exhibition supported by partnerships and trust<\/h3><p data-start=\"2453\" data-end=\"2868\">The exhibition was made possible with the support of <a href=\"https:\/\/sadkowskiiwspolnicy.pl\/\"><strong data-start=\"2506\" data-end=\"2540\">Sadkowski i Wsp\u00f3lnicy law firm<\/strong><\/a>, the strategic partner of the project. It was also held under the honorary patronage of the <a href=\"https:\/\/asp.waw.pl\/\"><strong data-start=\"2633\" data-end=\"2667\">Academy of Fine Arts in Warsaw<\/strong><\/a> and the <a href=\"https:\/\/srodmiescie.um.warszawa.pl\/\"><strong data-start=\"2676\" data-end=\"2713\">Mayor of the \u015ar\u00f3dmie\u015bcie District<\/strong><\/a> of Warsaw. This collaboration demonstrates how essential partnerships between the arts, business, and public institutions are in sustaining cultural life.<\/p><h3 data-start=\"2870\" data-end=\"2917\">Thanks to Aron Pude\u0142ko and our audience<\/h3><p data-start=\"2919\" data-end=\"3254\">We thank everyone who joined us for this remarkable night. Special thanks go to <strong data-start=\"2999\" data-end=\"3015\">Aron Pude\u0142ko<\/strong> for his outstanding commitment, curatorial insight, and ability to create space for reflection and dialogue. Thanks to individuals like him, art continues to inspire, challenge, and remain vivid in the memory long after the lights go out.<\/p><\/div><\/div><\/div><\/div><\/div><\/div><\/div><\/div><\/article><\/div><\/div><\/div><\/div><\/div><\/div><\/div><\/div><\/div><\/div><\/div><\/div><\/div><\/article><\/div><\/div><\/div><\/div><\/div>\t\t\t\t\t\t\t\t<\/div>\n\t\t\t\t<\/div>\n\t\t\t\t\t<\/div>\n\t\t<\/div>\n\t\t\t\t\t<\/div>\n\t\t<\/section>\n\t\t\t\t<section class=\"elementor-section elementor-top-section elementor-element elementor-element-d95c91b elementor-section-boxed elementor-section-height-default elementor-section-height-default\" data-id=\"d95c91b\" data-element_type=\"section\" data-e-type=\"section\">\n\t\t\t\t\t\t<div class=\"elementor-container elementor-column-gap-default\">\n\t\t\t\t\t<div class=\"elementor-column elementor-col-100 elementor-top-column elementor-element elementor-element-b579ac3\" data-id=\"b579ac3\" data-element_type=\"column\" data-e-type=\"column\">\n\t\t\t<div class=\"elementor-widget-wrap elementor-element-populated\">\n\t\t\t\t\t\t<div class=\"elementor-element elementor-element-5cacf23 elementor-align-center elementor-widget elementor-widget-button\" data-id=\"5cacf23\" data-element_type=\"widget\" data-e-type=\"widget\" data-widget_type=\"button.default\">\n\t\t\t\t<div class=\"elementor-widget-container\">\n\t\t\t\t\t\t\t\t\t<div class=\"elementor-button-wrapper\">\n\t\t\t\t\t<a class=\"elementor-button elementor-button-link elementor-size-sm\" href=\"https:\/\/407artfoundation.org\/pl\/faces-of-the-soul-virtues-and-sins\/\">\n\t\t\t\t\t\t<span class=\"elementor-button-content-wrapper\">\n\t\t\t\t\t\t\t\t\t<span class=\"elementor-button-text\">more information about the exhibition<\/span>\n\t\t\t\t\t<\/span>\n\t\t\t\t\t<\/a>\n\t\t\t\t<\/div>\n\t\t\t\t\t\t\t\t<\/div>\n\t\t\t\t<\/div>\n\t\t\t\t\t<\/div>\n\t\t<\/div>\n\t\t\t\t\t<\/div>\n\t\t<\/section>\n\t\t\t\t<section class=\"elementor-section elementor-top-section elementor-element elementor-element-dd11bd4 elementor-section-boxed elementor-section-height-default elementor-section-height-default\" data-id=\"dd11bd4\" data-element_type=\"section\" data-e-type=\"section\">\n\t\t\t\t\t\t<div class=\"elementor-container elementor-column-gap-default\">\n\t\t\t\t\t<div class=\"elementor-column elementor-col-100 elementor-top-column elementor-element elementor-element-765ec32\" data-id=\"765ec32\" data-element_type=\"column\" data-e-type=\"column\">\n\t\t\t<div class=\"elementor-widget-wrap elementor-element-populated\">\n\t\t\t\t\t\t<div class=\"elementor-element elementor-element-d92b5bd elementor-widget elementor-widget-image\" data-id=\"d92b5bd\" data-element_type=\"widget\" data-e-type=\"widget\" data-widget_type=\"image.default\">\n\t\t\t\t<div class=\"elementor-widget-container\">\n\t\t\t\t\t\t\t\t\t\t\t\t\t\t\t<img fetchpriority=\"high\" decoding=\"async\" width=\"800\" height=\"800\" src=\"https:\/\/407artfoundation.org\/wp-content\/uploads\/2025\/05\/OBLICZA-DUSZY-POST-IG-1024x1024.png\" class=\"attachment-large size-large wp-image-2519\" alt=\"\" srcset=\"https:\/\/407artfoundation.org\/wp-content\/uploads\/2025\/05\/OBLICZA-DUSZY-POST-IG-1024x1024.png 1024w, https:\/\/407artfoundation.org\/wp-content\/uploads\/2025\/05\/OBLICZA-DUSZY-POST-IG-300x300.png 300w, https:\/\/407artfoundation.org\/wp-content\/uploads\/2025\/05\/OBLICZA-DUSZY-POST-IG-150x150.png 150w, https:\/\/407artfoundation.org\/wp-content\/uploads\/2025\/05\/OBLICZA-DUSZY-POST-IG-768x768.png 768w, https:\/\/407artfoundation.org\/wp-content\/uploads\/2025\/05\/OBLICZA-DUSZY-POST-IG-12x12.png 12w, https:\/\/407artfoundation.org\/wp-content\/uploads\/2025\/05\/OBLICZA-DUSZY-POST-IG-600x600.png 600w, https:\/\/407artfoundation.org\/wp-content\/uploads\/2025\/05\/OBLICZA-DUSZY-POST-IG-100x100.png 100w, https:\/\/407artfoundation.org\/wp-content\/uploads\/2025\/05\/OBLICZA-DUSZY-POST-IG.png 1080w\" sizes=\"(max-width: 800px) 100vw, 800px\" \/>\t\t\t\t\t\t\t\t\t\t\t\t\t\t\t<\/div>\n\t\t\t\t<\/div>\n\t\t\t\t\t<\/div>\n\t\t<\/div>\n\t\t\t\t\t<\/div>\n\t\t<\/section>\n\t\t\t\t<section class=\"elementor-section elementor-top-section elementor-element elementor-element-2b2f9af elementor-section-boxed elementor-section-height-default elementor-section-height-default\" data-id=\"2b2f9af\" data-element_type=\"section\" data-e-type=\"section\">\n\t\t\t\t\t\t<div class=\"elementor-container elementor-column-gap-default\">\n\t\t\t\t\t<div class=\"elementor-column elementor-col-100 elementor-top-column elementor-element elementor-element-ceb7e10\" data-id=\"ceb7e10\" data-element_type=\"column\" data-e-type=\"column\">\n\t\t\t<div class=\"elementor-widget-wrap elementor-element-populated\">\n\t\t\t\t\t\t<div class=\"elementor-element elementor-element-39a1144 elementor-align-center elementor-widget elementor-widget-button\" data-id=\"39a1144\" data-element_type=\"widget\" data-e-type=\"widget\" data-widget_type=\"button.default\">\n\t\t\t\t<div class=\"elementor-widget-container\">\n\t\t\t\t\t\t\t\t\t<div class=\"elementor-button-wrapper\">\n\t\t\t\t\t<a class=\"elementor-button elementor-button-link elementor-size-sm\" href=\"https:\/\/407artfoundation.org\/pl\/works-for-sale\/\">\n\t\t\t\t\t\t<span class=\"elementor-button-content-wrapper\">\n\t\t\t\t\t\t\t\t\t<span class=\"elementor-button-text\">KUP OBRAZ BEZ PROWIZJI - CA\u0141Y DOCH\u00d3D TRAFIA DO ARTYSTY<\/span>\n\t\t\t\t\t<\/span>\n\t\t\t\t\t<\/a>\n\t\t\t\t<\/div>\n\t\t\t\t\t\t\t\t<\/div>\n\t\t\t\t<\/div>\n\t\t\t\t\t<\/div>\n\t\t<\/div>\n\t\t\t\t\t<\/div>\n\t\t<\/section>\n\t\t\t\t<section class=\"elementor-section elementor-top-section elementor-element elementor-element-b0ac550 elementor-section-boxed elementor-section-height-default elementor-section-height-default\" data-id=\"b0ac550\" data-element_type=\"section\" data-e-type=\"section\">\n\t\t\t\t\t\t<div class=\"elementor-container elementor-column-gap-default\">\n\t\t\t\t\t<div class=\"elementor-column elementor-col-100 elementor-top-column elementor-element elementor-element-530cce2\" data-id=\"530cce2\" data-element_type=\"column\" data-e-type=\"column\">\n\t\t\t<div class=\"elementor-widget-wrap elementor-element-populated\">\n\t\t\t\t\t\t<div class=\"elementor-element elementor-element-e6ac6a5 elementor-widget elementor-widget-video\" data-id=\"e6ac6a5\" data-element_type=\"widget\" data-e-type=\"widget\" data-settings=\"{&quot;youtube_url&quot;:&quot;https:\\\/\\\/youtu.be\\\/1JXB3f6kL0Y?si=ZRQ0kyqbLUpU8N6p&quot;,&quot;video_type&quot;:&quot;youtube&quot;,&quot;controls&quot;:&quot;yes&quot;}\" data-widget_type=\"video.default\">\n\t\t\t\t<div class=\"elementor-widget-container\">\n\t\t\t\t\t\t\t<div class=\"elementor-wrapper elementor-open-inline\">\n\t\t\t<div class=\"elementor-video\"><\/div>\t\t<\/div>\n\t\t\t\t\t\t<\/div>\n\t\t\t\t<\/div>\n\t\t\t\t\t<\/div>\n\t\t<\/div>\n\t\t\t\t\t<\/div>\n\t\t<\/section>\n\t\t\t\t<\/div>\n\t\t","protected":false},"excerpt":{"rendered":"<p>Warsaw, May 15, 2025 Aron Pude\u0142ko led 24 guided tours of \u201cFaces of the Soul\u201d during Night of Museums 2025 During Night of Museums 2025, the 407 Art Foundation, in collaboration with the Wojciech Cie\u015bniewski Foundation, opened the doors to the exhibition \u201cFaces of the Soul: Virtues and Sins\u201d. Nearly 300 visitors came to explore [&hellip;]<\/p>\n","protected":false},"author":1,"featured_media":2526,"comment_status":"closed","ping_status":"open","sticky":false,"template":"","format":"standard","meta":{"give_campaign_id":0,"footnotes":""},"categories":[35],"tags":[197,132,133,130,131,106,49],"class_list":["post-2514","post","type-post","status-publish","format-standard","has-post-thumbnail","hentry","category-news","tag-aronpudelko","tag-kultura","tag-nocmuzeow","tag-nocmuzeow2025","tag-warszawa","tag-wojciechciesniewski","tag-sztuka"],"yoast_head":"<!-- This site is optimized with the Yoast SEO plugin v27.5 - https:\/\/yoast.com\/product\/yoast-seo-wordpress\/ -->\n<title>Aron Pude\u0142ko w Noc Muze\u00f3w 2025 - 407artfoundation.org<\/title>\n<meta name=\"description\" content=\"Podczas Nocy Muze\u00f3w 2025 kurator Aron Pudelko przeprowadzi\u0142 24 autorskie oprowadzania po wystawie \u201eOblicza Duszy\u201d Wojciecha Cie\u015bniewskiego.\" \/>\n<meta name=\"robots\" content=\"index, follow, max-snippet:-1, max-image-preview:large, max-video-preview:-1\" \/>\n<link rel=\"canonical\" href=\"https:\/\/407artfoundation.org\/en_gb\/aron-pudelko-noc-muzow-2025\/\" \/>\n<meta property=\"og:locale\" content=\"en_GB\" \/>\n<meta property=\"og:type\" content=\"article\" \/>\n<meta property=\"og:title\" content=\"Aron Pude\u0142ko w Noc Muze\u00f3w 2025 - 407artfoundation.org\" \/>\n<meta property=\"og:description\" content=\"Podczas Nocy Muze\u00f3w 2025 kurator Aron Pudelko przeprowadzi\u0142 24 autorskie oprowadzania po wystawie \u201eOblicza Duszy\u201d Wojciecha Cie\u015bniewskiego.\" \/>\n<meta property=\"og:url\" content=\"https:\/\/407artfoundation.org\/en_gb\/aron-pudelko-noc-muzow-2025\/\" \/>\n<meta property=\"og:site_name\" content=\"407artfoundation.org\" \/>\n<meta property=\"article:published_time\" content=\"2025-05-15T13:46:27+00:00\" \/>\n<meta property=\"article:modified_time\" content=\"2025-07-10T21:14:50+00:00\" \/>\n<meta property=\"og:image\" content=\"http:\/\/407artfoundation.org\/wp-content\/uploads\/2025\/05\/czerwone-male.png\" \/>\n\t<meta property=\"og:image:width\" content=\"1737\" \/>\n\t<meta property=\"og:image:height\" content=\"1053\" \/>\n\t<meta property=\"og:image:type\" content=\"image\/png\" \/>\n<meta name=\"author\" content=\"407artfoundation.org\" \/>\n<meta name=\"twitter:card\" content=\"summary_large_image\" \/>\n<meta name=\"twitter:label1\" content=\"Written by\" \/>\n\t<meta name=\"twitter:data1\" content=\"407artfoundation.org\" \/>\n\t<meta name=\"twitter:label2\" content=\"Estimated reading time\" \/>\n\t<meta name=\"twitter:data2\" content=\"3 minutes\" \/>\n<script type=\"application\/ld+json\" class=\"yoast-schema-graph\">{\"@context\":\"https:\\\/\\\/schema.org\",\"@graph\":[{\"@type\":\"Article\",\"@id\":\"https:\\\/\\\/407artfoundation.org\\\/en_gb\\\/aron-pudelko-noc-muzow-2025\\\/#article\",\"isPartOf\":{\"@id\":\"https:\\\/\\\/407artfoundation.org\\\/en_gb\\\/aron-pudelko-noc-muzow-2025\\\/\"},\"author\":{\"name\":\"407artfoundation.org\",\"@id\":\"https:\\\/\\\/407artfoundation.org\\\/#\\\/schema\\\/person\\\/0bd96a4ddc93509429646206afc91a94\"},\"headline\":\"Aron Pude\u0142ko w Noc Muze\u00f3w 2025\",\"datePublished\":\"2025-05-15T13:46:27+00:00\",\"dateModified\":\"2025-07-10T21:14:50+00:00\",\"mainEntityOfPage\":{\"@id\":\"https:\\\/\\\/407artfoundation.org\\\/en_gb\\\/aron-pudelko-noc-muzow-2025\\\/\"},\"wordCount\":518,\"image\":{\"@id\":\"https:\\\/\\\/407artfoundation.org\\\/en_gb\\\/aron-pudelko-noc-muzow-2025\\\/#primaryimage\"},\"thumbnailUrl\":\"https:\\\/\\\/407artfoundation.org\\\/wp-content\\\/uploads\\\/2025\\\/05\\\/czerwone-male.png\",\"keywords\":[\"#aronpudelko\",\"#kultura\",\"#nocmuzeow\",\"#nocmuze\u00f3w2025\",\"#warszawa\",\"#wojciechciesniewski\",\"sztuka\"],\"articleSection\":[\"News\"],\"inLanguage\":\"en-GB\"},{\"@type\":\"WebPage\",\"@id\":\"https:\\\/\\\/407artfoundation.org\\\/en_gb\\\/aron-pudelko-noc-muzow-2025\\\/\",\"url\":\"https:\\\/\\\/407artfoundation.org\\\/en_gb\\\/aron-pudelko-noc-muzow-2025\\\/\",\"name\":\"Aron Pude\u0142ko w Noc Muze\u00f3w 2025 - 407artfoundation.org\",\"isPartOf\":{\"@id\":\"https:\\\/\\\/407artfoundation.org\\\/#website\"},\"primaryImageOfPage\":{\"@id\":\"https:\\\/\\\/407artfoundation.org\\\/en_gb\\\/aron-pudelko-noc-muzow-2025\\\/#primaryimage\"},\"image\":{\"@id\":\"https:\\\/\\\/407artfoundation.org\\\/en_gb\\\/aron-pudelko-noc-muzow-2025\\\/#primaryimage\"},\"thumbnailUrl\":\"https:\\\/\\\/407artfoundation.org\\\/wp-content\\\/uploads\\\/2025\\\/05\\\/czerwone-male.png\",\"datePublished\":\"2025-05-15T13:46:27+00:00\",\"dateModified\":\"2025-07-10T21:14:50+00:00\",\"author\":{\"@id\":\"https:\\\/\\\/407artfoundation.org\\\/#\\\/schema\\\/person\\\/0bd96a4ddc93509429646206afc91a94\"},\"description\":\"Podczas Nocy Muze\u00f3w 2025 kurator Aron Pudelko przeprowadzi\u0142 24 autorskie oprowadzania po wystawie \u201eOblicza Duszy\u201d Wojciecha Cie\u015bniewskiego.\",\"breadcrumb\":{\"@id\":\"https:\\\/\\\/407artfoundation.org\\\/en_gb\\\/aron-pudelko-noc-muzow-2025\\\/#breadcrumb\"},\"inLanguage\":\"en-GB\",\"potentialAction\":[{\"@type\":\"ReadAction\",\"target\":[\"https:\\\/\\\/407artfoundation.org\\\/en_gb\\\/aron-pudelko-noc-muzow-2025\\\/\"]}]},{\"@type\":\"ImageObject\",\"inLanguage\":\"en-GB\",\"@id\":\"https:\\\/\\\/407artfoundation.org\\\/en_gb\\\/aron-pudelko-noc-muzow-2025\\\/#primaryimage\",\"url\":\"https:\\\/\\\/407artfoundation.org\\\/wp-content\\\/uploads\\\/2025\\\/05\\\/czerwone-male.png\",\"contentUrl\":\"https:\\\/\\\/407artfoundation.org\\\/wp-content\\\/uploads\\\/2025\\\/05\\\/czerwone-male.png\",\"width\":1737,\"height\":1053,\"caption\":\"Aron Pude\u0142ko w Noc Muzeow 2025\"},{\"@type\":\"BreadcrumbList\",\"@id\":\"https:\\\/\\\/407artfoundation.org\\\/en_gb\\\/aron-pudelko-noc-muzow-2025\\\/#breadcrumb\",\"itemListElement\":[{\"@type\":\"ListItem\",\"position\":1,\"name\":\"Home\",\"item\":\"https:\\\/\\\/407artfoundation.org\\\/\"},{\"@type\":\"ListItem\",\"position\":2,\"name\":\"Aron Pude\u0142ko w Noc Muze\u00f3w 2025\"}]},{\"@type\":\"WebSite\",\"@id\":\"https:\\\/\\\/407artfoundation.org\\\/#website\",\"url\":\"https:\\\/\\\/407artfoundation.org\\\/\",\"name\":\"407artfoundation.org\",\"description\":\"Promujemy polsk\u0105 sztuk\u0119 i kultur\u0119. \u0141\u0105czymy artyst\u00f3w z kolekcjonerami. Pomagamy budowa\u0107 warto\u015bciowe kolekcje sztuki. Organizujemy wyj\u0105tkowe wystawy w ramach cyklu &quot;Sztuka na Z\u0142otej44&quot;. Wspieramy inne organizacje i instytucje dzia\u0142aj\u0105ce na rzecz szerzenia kultury.\",\"potentialAction\":[{\"@type\":\"SearchAction\",\"target\":{\"@type\":\"EntryPoint\",\"urlTemplate\":\"https:\\\/\\\/407artfoundation.org\\\/?s={search_term_string}\"},\"query-input\":{\"@type\":\"PropertyValueSpecification\",\"valueRequired\":true,\"valueName\":\"search_term_string\"}}],\"inLanguage\":\"en-GB\"},{\"@type\":\"Person\",\"@id\":\"https:\\\/\\\/407artfoundation.org\\\/#\\\/schema\\\/person\\\/0bd96a4ddc93509429646206afc91a94\",\"name\":\"407artfoundation.org\",\"image\":{\"@type\":\"ImageObject\",\"inLanguage\":\"en-GB\",\"@id\":\"https:\\\/\\\/secure.gravatar.com\\\/avatar\\\/cc7356495ca39b5c14333ad62ce002fb13a47cbba40296ee58327f68bc960ec5?s=96&d=mm&r=g\",\"url\":\"https:\\\/\\\/secure.gravatar.com\\\/avatar\\\/cc7356495ca39b5c14333ad62ce002fb13a47cbba40296ee58327f68bc960ec5?s=96&d=mm&r=g\",\"contentUrl\":\"https:\\\/\\\/secure.gravatar.com\\\/avatar\\\/cc7356495ca39b5c14333ad62ce002fb13a47cbba40296ee58327f68bc960ec5?s=96&d=mm&r=g\",\"caption\":\"407artfoundation.org\"},\"sameAs\":[\"https:\\\/\\\/407artfoundation.org\"],\"url\":\"https:\\\/\\\/407artfoundation.org\\\/en_gb\\\/author\\\/407artfoundation-org\\\/\"}]}<\/script>\n<!-- \/ Yoast SEO plugin. -->","yoast_head_json":{"title":"Aron Pude\u0142ko w Noc Muze\u00f3w 2025 - 407artfoundation.org","description":"Podczas Nocy Muze\u00f3w 2025 kurator Aron Pudelko przeprowadzi\u0142 24 autorskie oprowadzania po wystawie \u201eOblicza Duszy\u201d Wojciecha Cie\u015bniewskiego.","robots":{"index":"index","follow":"follow","max-snippet":"max-snippet:-1","max-image-preview":"max-image-preview:large","max-video-preview":"max-video-preview:-1"},"canonical":"https:\/\/407artfoundation.org\/en_gb\/aron-pudelko-noc-muzow-2025\/","og_locale":"en_GB","og_type":"article","og_title":"Aron Pude\u0142ko w Noc Muze\u00f3w 2025 - 407artfoundation.org","og_description":"Podczas Nocy Muze\u00f3w 2025 kurator Aron Pudelko przeprowadzi\u0142 24 autorskie oprowadzania po wystawie \u201eOblicza Duszy\u201d Wojciecha Cie\u015bniewskiego.","og_url":"https:\/\/407artfoundation.org\/en_gb\/aron-pudelko-noc-muzow-2025\/","og_site_name":"407artfoundation.org","article_published_time":"2025-05-15T13:46:27+00:00","article_modified_time":"2025-07-10T21:14:50+00:00","og_image":[{"width":1737,"height":1053,"url":"http:\/\/407artfoundation.org\/wp-content\/uploads\/2025\/05\/czerwone-male.png","type":"image\/png"}],"author":"407artfoundation.org","twitter_card":"summary_large_image","twitter_misc":{"Written by":"407artfoundation.org","Estimated reading time":"3 minutes"},"schema":{"@context":"https:\/\/schema.org","@graph":[{"@type":"Article","@id":"https:\/\/407artfoundation.org\/en_gb\/aron-pudelko-noc-muzow-2025\/#article","isPartOf":{"@id":"https:\/\/407artfoundation.org\/en_gb\/aron-pudelko-noc-muzow-2025\/"},"author":{"name":"407artfoundation.org","@id":"https:\/\/407artfoundation.org\/#\/schema\/person\/0bd96a4ddc93509429646206afc91a94"},"headline":"Aron Pude\u0142ko w Noc Muze\u00f3w 2025","datePublished":"2025-05-15T13:46:27+00:00","dateModified":"2025-07-10T21:14:50+00:00","mainEntityOfPage":{"@id":"https:\/\/407artfoundation.org\/en_gb\/aron-pudelko-noc-muzow-2025\/"},"wordCount":518,"image":{"@id":"https:\/\/407artfoundation.org\/en_gb\/aron-pudelko-noc-muzow-2025\/#primaryimage"},"thumbnailUrl":"https:\/\/407artfoundation.org\/wp-content\/uploads\/2025\/05\/czerwone-male.png","keywords":["#aronpudelko","#kultura","#nocmuzeow","#nocmuze\u00f3w2025","#warszawa","#wojciechciesniewski","sztuka"],"articleSection":["News"],"inLanguage":"en-GB"},{"@type":"WebPage","@id":"https:\/\/407artfoundation.org\/en_gb\/aron-pudelko-noc-muzow-2025\/","url":"https:\/\/407artfoundation.org\/en_gb\/aron-pudelko-noc-muzow-2025\/","name":"Aron Pude\u0142ko w Noc Muze\u00f3w 2025 - 407artfoundation.org","isPartOf":{"@id":"https:\/\/407artfoundation.org\/#website"},"primaryImageOfPage":{"@id":"https:\/\/407artfoundation.org\/en_gb\/aron-pudelko-noc-muzow-2025\/#primaryimage"},"image":{"@id":"https:\/\/407artfoundation.org\/en_gb\/aron-pudelko-noc-muzow-2025\/#primaryimage"},"thumbnailUrl":"https:\/\/407artfoundation.org\/wp-content\/uploads\/2025\/05\/czerwone-male.png","datePublished":"2025-05-15T13:46:27+00:00","dateModified":"2025-07-10T21:14:50+00:00","author":{"@id":"https:\/\/407artfoundation.org\/#\/schema\/person\/0bd96a4ddc93509429646206afc91a94"},"description":"Podczas Nocy Muze\u00f3w 2025 kurator Aron Pudelko przeprowadzi\u0142 24 autorskie oprowadzania po wystawie \u201eOblicza Duszy\u201d Wojciecha Cie\u015bniewskiego.","breadcrumb":{"@id":"https:\/\/407artfoundation.org\/en_gb\/aron-pudelko-noc-muzow-2025\/#breadcrumb"},"inLanguage":"en-GB","potentialAction":[{"@type":"ReadAction","target":["https:\/\/407artfoundation.org\/en_gb\/aron-pudelko-noc-muzow-2025\/"]}]},{"@type":"ImageObject","inLanguage":"en-GB","@id":"https:\/\/407artfoundation.org\/en_gb\/aron-pudelko-noc-muzow-2025\/#primaryimage","url":"https:\/\/407artfoundation.org\/wp-content\/uploads\/2025\/05\/czerwone-male.png","contentUrl":"https:\/\/407artfoundation.org\/wp-content\/uploads\/2025\/05\/czerwone-male.png","width":1737,"height":1053,"caption":"Aron Pude\u0142ko w Noc Muzeow 2025"},{"@type":"BreadcrumbList","@id":"https:\/\/407artfoundation.org\/en_gb\/aron-pudelko-noc-muzow-2025\/#breadcrumb","itemListElement":[{"@type":"ListItem","position":1,"name":"Home","item":"https:\/\/407artfoundation.org\/"},{"@type":"ListItem","position":2,"name":"Aron Pude\u0142ko w Noc Muze\u00f3w 2025"}]},{"@type":"WebSite","@id":"https:\/\/407artfoundation.org\/#website","url":"https:\/\/407artfoundation.org\/","name":"407artfoundation.org","description":"Promujemy polsk\u0105 sztuk\u0119 i kultur\u0119. \u0141\u0105czymy artyst\u00f3w z kolekcjonerami. Pomagamy budowa\u0107 warto\u015bciowe kolekcje sztuki. Organizujemy wyj\u0105tkowe wystawy w ramach cyklu &quot;Sztuka na Z\u0142otej44&quot;. Wspieramy inne organizacje i instytucje dzia\u0142aj\u0105ce na rzecz szerzenia kultury.","potentialAction":[{"@type":"SearchAction","target":{"@type":"EntryPoint","urlTemplate":"https:\/\/407artfoundation.org\/?s={search_term_string}"},"query-input":{"@type":"PropertyValueSpecification","valueRequired":true,"valueName":"search_term_string"}}],"inLanguage":"en-GB"},{"@type":"Person","@id":"https:\/\/407artfoundation.org\/#\/schema\/person\/0bd96a4ddc93509429646206afc91a94","name":"407artfoundation.org","image":{"@type":"ImageObject","inLanguage":"en-GB","@id":"https:\/\/secure.gravatar.com\/avatar\/cc7356495ca39b5c14333ad62ce002fb13a47cbba40296ee58327f68bc960ec5?s=96&d=mm&r=g","url":"https:\/\/secure.gravatar.com\/avatar\/cc7356495ca39b5c14333ad62ce002fb13a47cbba40296ee58327f68bc960ec5?s=96&d=mm&r=g","contentUrl":"https:\/\/secure.gravatar.com\/avatar\/cc7356495ca39b5c14333ad62ce002fb13a47cbba40296ee58327f68bc960ec5?s=96&d=mm&r=g","caption":"407artfoundation.org"},"sameAs":["https:\/\/407artfoundation.org"],"url":"https:\/\/407artfoundation.org\/en_gb\/author\/407artfoundation-org\/"}]}},"_links":{"self":[{"href":"https:\/\/407artfoundation.org\/en_gb\/wp-json\/wp\/v2\/posts\/2514","targetHints":{"allow":["GET"]}}],"collection":[{"href":"https:\/\/407artfoundation.org\/en_gb\/wp-json\/wp\/v2\/posts"}],"about":[{"href":"https:\/\/407artfoundation.org\/en_gb\/wp-json\/wp\/v2\/types\/post"}],"author":[{"embeddable":true,"href":"https:\/\/407artfoundation.org\/en_gb\/wp-json\/wp\/v2\/users\/1"}],"replies":[{"embeddable":true,"href":"https:\/\/407artfoundation.org\/en_gb\/wp-json\/wp\/v2\/comments?post=2514"}],"version-history":[{"count":34,"href":"https:\/\/407artfoundation.org\/en_gb\/wp-json\/wp\/v2\/posts\/2514\/revisions"}],"predecessor-version":[{"id":3077,"href":"https:\/\/407artfoundation.org\/en_gb\/wp-json\/wp\/v2\/posts\/2514\/revisions\/3077"}],"wp:featuredmedia":[{"embeddable":true,"href":"https:\/\/407artfoundation.org\/en_gb\/wp-json\/wp\/v2\/media\/2526"}],"wp:attachment":[{"href":"https:\/\/407artfoundation.org\/en_gb\/wp-json\/wp\/v2\/media?parent=2514"}],"wp:term":[{"taxonomy":"category","embeddable":true,"href":"https:\/\/407artfoundation.org\/en_gb\/wp-json\/wp\/v2\/categories?post=2514"},{"taxonomy":"post_tag","embeddable":true,"href":"https:\/\/407artfoundation.org\/en_gb\/wp-json\/wp\/v2\/tags?post=2514"}],"curies":[{"name":"wp","href":"https:\/\/api.w.org\/{rel}","templated":true}]}}