{"id":2264,"date":"2025-01-16T16:12:20","date_gmt":"2025-01-16T15:12:20","guid":{"rendered":"https:\/\/407artfoundation.org\/?p=2264"},"modified":"2025-07-10T23:12:17","modified_gmt":"2025-07-10T21:12:17","slug":"patronage-of-the-mayor","status":"publish","type":"post","link":"https:\/\/407artfoundation.org\/en_gb\/patronage-of-the-mayor\/","title":{"rendered":"Honorary Patronage of the Mayor"},"content":{"rendered":"\t\t<div data-elementor-type=\"wp-post\" data-elementor-id=\"2264\" class=\"elementor elementor-2264\" data-elementor-post-type=\"post\">\n\t\t\t\t\t\t<section class=\"elementor-section elementor-top-section elementor-element elementor-element-1416f284 elementor-section-boxed elementor-section-height-default elementor-section-height-default\" data-id=\"1416f284\" data-element_type=\"section\" data-e-type=\"section\">\n\t\t\t\t\t\t<div class=\"elementor-container elementor-column-gap-default\">\n\t\t\t\t\t<div class=\"elementor-column elementor-col-100 elementor-top-column elementor-element elementor-element-6aa9d31e\" data-id=\"6aa9d31e\" data-element_type=\"column\" data-e-type=\"column\">\n\t\t\t<div class=\"elementor-widget-wrap elementor-element-populated\">\n\t\t\t\t\t\t<div class=\"elementor-element elementor-element-7c5591b6 elementor-widget elementor-widget-text-editor\" data-id=\"7c5591b6\" data-element_type=\"widget\" data-e-type=\"widget\" data-widget_type=\"text-editor.default\">\n\t\t\t\t<div class=\"elementor-widget-container\">\n\t\t\t\t\t\t\t\t\t<p>Warsaw, January 16, 2025<\/p><div class=\"flex-1 overflow-hidden masked-content\"><div class=\"h-full\"><div class=\"react-scroll-to-bottom--css-hwjsk-79elbk h-full\"><div class=\"react-scroll-to-bottom--css-hwjsk-1n7m0yu\"><div class=\"flex flex-col text-sm pb-[120px]\"><article class=\"w-full text-token-text-primary focus-visible:outline-2 focus-visible:outline-offset-[-4px]\" dir=\"auto\" data-testid=\"conversation-turn-93\" data-scroll-anchor=\"true\"><div class=\"text-base py-[18px] m-auto md:px-5 w-full px-3 lg:px-0\"><div class=\"mx-auto flex flex-1 gap-4 text-base md:gap-5 lg:gap-6 md:max-w-3xl lg:max-w-[40rem] xl:max-w-[48rem]\"><div class=\"group\/conversation-turn relative flex w-full min-w-0 flex-col agent-turn\"><div class=\"flex-col gap-1 md:gap-3\"><div class=\"flex max-w-full flex-col flex-grow\"><div class=\"min-h-[20px] text-message flex w-full flex-col items-end gap-2 break-words [.text-message+&amp;]:mt-5 overflow-x-auto whitespace-normal\" dir=\"auto\" data-message-author-role=\"assistant\" data-message-id=\"f5c8fe7e-3ad9-40f5-b10b-38064724874d\"><div class=\"flex w-full flex-col gap-1 empty:hidden first:pt-[3px]\"><div class=\"markdown prose w-full break-words dark:prose-invert light\"><div class=\"flex-1 overflow-hidden @container\/thread\"><div class=\"h-full\"><div class=\"react-scroll-to-bottom--css-kegfn-79elbk h-full\"><div class=\"react-scroll-to-bottom--css-kegfn-1n7m0yu\"><div class=\"flex flex-col text-sm md:pb-9\"><article class=\"w-full scroll-mb-[var(--thread-trailing-height,150px)] text-token-text-primary focus-visible:outline-2 focus-visible:outline-offset-[-4px]\" dir=\"auto\" data-testid=\"conversation-turn-17\" data-scroll-anchor=\"true\"><div class=\"m-auto text-base py-[18px] px-3 md:px-4 w-full md:px-5 lg:px-4 xl:px-5\"><div class=\"mx-auto flex flex-1 gap-4 text-base md:gap-5 lg:gap-6 md:max-w-3xl lg:max-w-[40rem] xl:max-w-[48rem]\"><div class=\"group\/conversation-turn relative flex w-full min-w-0 flex-col agent-turn\"><div class=\"flex-col gap-1 md:gap-3\"><div class=\"flex max-w-full flex-col flex-grow\"><div class=\"min-h-8 text-message flex w-full flex-col items-end gap-2 whitespace-normal break-words text-start [.text-message+&amp;]:mt-5\" dir=\"auto\" data-message-author-role=\"assistant\" data-message-id=\"41f5e8d5-6e96-4dbf-b5af-3de4ba5dfc56\" data-message-model-slug=\"gpt-4o\"><div class=\"flex w-full flex-col gap-1 empty:hidden first:pt-[3px]\"><div class=\"markdown prose w-full break-words dark:prose-invert light\"><h2 data-start=\"337\" data-end=\"443\">Patronage of the Mayor for the Exhibition \u201cFaces of the Soul: Virtues and Sins\u201d by Wojciech Cie\u015bniewski<\/h2><p data-start=\"445\" data-end=\"776\">The Mayor of the <a href=\"https:\/\/srodmiescie.um.warszawa.pl\/\">\u015ar\u00f3dmie\u015bcie District<\/a> has granted Honorary Patronage to <a href=\"https:\/\/wm.asp.waw.pl\/zespol\/prof-wojciech-ciesniewski\/\">Wojciech Cie\u015bniewski<\/a>\u2019s exhibition <strong>\u201cFaces of the Soul: Virtues and Sins.\u201d<\/strong>.<br data-start=\"653\" data-end=\"656\" \/>This recognition shows the importance of the exhibition, hosted in central Warsaw.<\/p><p data-start=\"778\" data-end=\"1090\">The <strong>Mayor\u2019s Patronage<\/strong> adds strength to the exhibition\u2019s message about morality and emotion today.<br data-start=\"928\" data-end=\"931\" \/>Cie\u015bniewski\u2019s works explore timeless values like courage, guilt, and pride. He encourages reflection in today\u2019s fast-changing world.<\/p><p data-start=\"1092\" data-end=\"1141\">The Mayor of the \u015ar\u00f3dmie\u015bcie District emphasized:<\/p><blockquote data-start=\"1143\" data-end=\"1450\"><p data-start=\"1145\" data-end=\"1450\"><em data-start=\"1145\" data-end=\"1450\">\u201c\u015ar\u00f3dmie\u015bcie is not only the administrative center of the city but also a space where culture and art find their natural place. Wojciech Cie\u015bniewski&#8217;s exhibition is a perfect example of this \u2013 an event that inspires reflection and encourages dialogue about universal values in a rapidly changing world.\u201d<\/em><\/p><\/blockquote><p data-start=\"1452\" data-end=\"1695\">The <strong>407 Art Foundation<\/strong> proudly sees its curatorial work supported by city authorities.<br data-start=\"1579\" data-end=\"1582\" \/>Partnerships with city leaders help us build a sustainable art ecosystem.<\/p><p data-start=\"1697\" data-end=\"2029\">The exhibition opening will take place at Z\u0142ota 44 in Warsaw in March 2025.\u00a0<br data-start=\"1794\" data-end=\"1797\" \/>Read more about the artist here: <a class=\"cursor-pointer\" href=\"https:\/\/pl.wikipedia.org\/wiki\/Wojciech_Cie%C5%9Bniewski\" target=\"_new\" rel=\"noopener\" data-start=\"1830\" data-end=\"1909\">Wojciech Cie\u015bniewski \u2013 Artist Profile<\/a><br data-start=\"1909\" data-end=\"1912\" \/>Discover the exhibition concept: <a class=\"cursor-pointer\" href=\"https:\/\/407artfoundation.org\/en_gb\/faces-of-the-soul\/\" target=\"_new\" rel=\"noopener\" data-start=\"1945\" data-end=\"2029\">Faces of the Soul \u2013 Project Page<\/a><\/p><h3 data-start=\"2031\" data-end=\"2049\">Stay connected<\/h3><p data-start=\"2051\" data-end=\"2278\">Follow us on Instagram: <a class=\"\" href=\"https:\/\/instagram.com\/407artfoundation\" target=\"_new\" rel=\"noopener\" data-start=\"2075\" data-end=\"2134\">@407artfoundation<\/a><br data-start=\"2134\" data-end=\"2137\" \/><br data-start=\"2206\" data-end=\"2209\" \/>Explore our mission: <a class=\"cursor-pointer\" href=\"https:\/\/407artfoundation.org\/en_gb\/about-407-art-foundation\/\" target=\"_new\" rel=\"noopener\" data-start=\"2230\" data-end=\"2278\">About the Foundation<\/a><\/p><p data-start=\"2280\" data-end=\"2474\">We thank the Mayor and the <a href=\"https:\/\/407artfoundation.org\/en_gb\/about-407-art-foundation\/\">City of Warsaw<\/a> for their trust and support.<br data-start=\"2350\" data-end=\"2353\" \/>The <strong>Mayor\u2019s Patronage<\/strong> motivates us to create bold projects that connect art with society.<\/p><\/div><\/div><\/div><\/div><\/div><\/div><\/div><\/div><\/article><\/div><\/div><\/div><\/div><\/div><\/div><\/div><\/div><\/div><\/div><\/div><\/div><\/div><\/article><\/div><\/div><\/div><\/div><\/div>\t\t\t\t\t\t\t\t<\/div>\n\t\t\t\t<\/div>\n\t\t\t\t\t<\/div>\n\t\t<\/div>\n\t\t\t\t\t<\/div>\n\t\t<\/section>\n\t\t\t\t<section class=\"elementor-section elementor-top-section elementor-element elementor-element-22363d4 elementor-section-boxed elementor-section-height-default elementor-section-height-default\" data-id=\"22363d4\" data-element_type=\"section\" data-e-type=\"section\">\n\t\t\t\t\t\t<div class=\"elementor-container elementor-column-gap-default\">\n\t\t\t\t\t<div class=\"elementor-column elementor-col-100 elementor-top-column elementor-element elementor-element-1017029\" data-id=\"1017029\" data-element_type=\"column\" data-e-type=\"column\">\n\t\t\t<div class=\"elementor-widget-wrap elementor-element-populated\">\n\t\t\t\t\t\t<div class=\"elementor-element elementor-element-069354b elementor-widget elementor-widget-image\" data-id=\"069354b\" data-element_type=\"widget\" data-e-type=\"widget\" data-widget_type=\"image.default\">\n\t\t\t\t<div class=\"elementor-widget-container\">\n\t\t\t\t\t\t\t\t\t\t\t\t\t\t\t<img fetchpriority=\"high\" decoding=\"async\" width=\"800\" height=\"800\" src=\"https:\/\/407artfoundation.org\/wp-content\/uploads\/2025\/01\/PL_IG_Post_square-1024x1024.jpg\" class=\"attachment-large size-large wp-image-2245\" alt=\"Wojciech Cie\u015bniewski\" srcset=\"https:\/\/407artfoundation.org\/wp-content\/uploads\/2025\/01\/PL_IG_Post_square-1024x1024.jpg 1024w, https:\/\/407artfoundation.org\/wp-content\/uploads\/2025\/01\/PL_IG_Post_square-300x300.jpg 300w, https:\/\/407artfoundation.org\/wp-content\/uploads\/2025\/01\/PL_IG_Post_square-150x150.jpg 150w, https:\/\/407artfoundation.org\/wp-content\/uploads\/2025\/01\/PL_IG_Post_square-768x768.jpg 768w, https:\/\/407artfoundation.org\/wp-content\/uploads\/2025\/01\/PL_IG_Post_square-12x12.jpg 12w, https:\/\/407artfoundation.org\/wp-content\/uploads\/2025\/01\/PL_IG_Post_square-600x600.jpg 600w, https:\/\/407artfoundation.org\/wp-content\/uploads\/2025\/01\/PL_IG_Post_square-100x100.jpg 100w, https:\/\/407artfoundation.org\/wp-content\/uploads\/2025\/01\/PL_IG_Post_square.jpg 1080w\" sizes=\"(max-width: 800px) 100vw, 800px\" \/>\t\t\t\t\t\t\t\t\t\t\t\t\t\t\t<\/div>\n\t\t\t\t<\/div>\n\t\t\t\t\t<\/div>\n\t\t<\/div>\n\t\t\t\t\t<\/div>\n\t\t<\/section>\n\t\t\t\t<section class=\"elementor-section elementor-top-section elementor-element elementor-element-5b9886c elementor-section-boxed elementor-section-height-default elementor-section-height-default\" data-id=\"5b9886c\" data-element_type=\"section\" data-e-type=\"section\">\n\t\t\t\t\t\t<div class=\"elementor-container elementor-column-gap-default\">\n\t\t\t\t\t<div class=\"elementor-column elementor-col-100 elementor-top-column elementor-element elementor-element-6970adf\" data-id=\"6970adf\" data-element_type=\"column\" data-e-type=\"column\">\n\t\t\t<div class=\"elementor-widget-wrap elementor-element-populated\">\n\t\t\t\t\t\t<div class=\"elementor-element elementor-element-bc5aeb9 elementor-widget elementor-widget-image\" data-id=\"bc5aeb9\" data-element_type=\"widget\" data-e-type=\"widget\" data-widget_type=\"image.default\">\n\t\t\t\t<div class=\"elementor-widget-container\">\n\t\t\t\t\t\t\t\t\t\t\t\t\t\t\t<img decoding=\"async\" width=\"800\" height=\"527\" src=\"https:\/\/407artfoundation.org\/wp-content\/uploads\/2025\/01\/Warszawa1080-1024x675.png\" class=\"attachment-large size-large wp-image-2265\" alt=\"Patronage of the Mayor\" srcset=\"https:\/\/407artfoundation.org\/wp-content\/uploads\/2025\/01\/Warszawa1080-1024x675.png 1024w, https:\/\/407artfoundation.org\/wp-content\/uploads\/2025\/01\/Warszawa1080-300x198.png 300w, https:\/\/407artfoundation.org\/wp-content\/uploads\/2025\/01\/Warszawa1080-768x506.png 768w, https:\/\/407artfoundation.org\/wp-content\/uploads\/2025\/01\/Warszawa1080-18x12.png 18w, https:\/\/407artfoundation.org\/wp-content\/uploads\/2025\/01\/Warszawa1080-600x396.png 600w, https:\/\/407artfoundation.org\/wp-content\/uploads\/2025\/01\/Warszawa1080.png 1080w\" sizes=\"(max-width: 800px) 100vw, 800px\" \/>\t\t\t\t\t\t\t\t\t\t\t\t\t\t\t<\/div>\n\t\t\t\t<\/div>\n\t\t\t\t\t<\/div>\n\t\t<\/div>\n\t\t\t\t\t<\/div>\n\t\t<\/section>\n\t\t\t\t<\/div>\n\t\t","protected":false},"excerpt":{"rendered":"<p>Warsaw, January 16, 2025 The Exhibition &#8220;Faces of the Soul: Virtues and Sins&#8221; by Wojciech Cie\u015bniewski under the Honorary Patronage of the Mayor of the \u015ar\u00f3dmie\u015bcie District of Warsaw We are pleased to announce that the painting exhibition &#8220;Faces of the Soul: Virtues and Sins&#8221; by Wojciech Cie\u015bniewski has been granted the honorary patronage of [&hellip;]<\/p>\n","protected":false},"author":1,"featured_media":2265,"comment_status":"closed","ping_status":"open","sticky":false,"template":"","format":"standard","meta":{"give_campaign_id":0,"footnotes":""},"categories":[35],"tags":[121,107,118,106,108,59],"class_list":["post-2264","post","type-post","status-publish","format-standard","has-post-thumbnail","hentry","category-news","tag-fundacja407artfoundation","tag-obliczaduszy","tag-sztukanazlotej44","tag-wojciechciesniewski","tag-wystawa","tag-407artfoundation"],"yoast_head":"<!-- This site is optimized with the Yoast SEO plugin v27.5 - https:\/\/yoast.com\/product\/yoast-seo-wordpress\/ -->\n<title>Honorary Patronage of the Mayor - 407artfoundation.org<\/title>\n<meta name=\"description\" content=\"Wystawa &quot;Oblicza Duszy: Cnoty i Grzechy&quot; obj\u0119ta zosta\u0142a honorowym Patronatem Burmistrza Dzielnicy \u015ar\u00f3dmie\u015bcie m.st. Warszawy.\" \/>\n<meta name=\"robots\" content=\"index, follow, max-snippet:-1, max-image-preview:large, max-video-preview:-1\" \/>\n<link rel=\"canonical\" href=\"https:\/\/407artfoundation.org\/en_gb\/patronage-of-the-mayor\/\" \/>\n<meta property=\"og:locale\" content=\"en_GB\" \/>\n<meta property=\"og:type\" content=\"article\" \/>\n<meta property=\"og:title\" content=\"Honorary Patronage of the Mayor - 407artfoundation.org\" \/>\n<meta property=\"og:description\" content=\"Wystawa &quot;Oblicza Duszy: Cnoty i Grzechy&quot; obj\u0119ta zosta\u0142a honorowym Patronatem Burmistrza Dzielnicy \u015ar\u00f3dmie\u015bcie m.st. Warszawy.\" \/>\n<meta property=\"og:url\" content=\"https:\/\/407artfoundation.org\/en_gb\/patronage-of-the-mayor\/\" \/>\n<meta property=\"og:site_name\" content=\"407artfoundation.org\" \/>\n<meta property=\"article:published_time\" content=\"2025-01-16T15:12:20+00:00\" \/>\n<meta property=\"article:modified_time\" content=\"2025-07-10T21:12:17+00:00\" \/>\n<meta property=\"og:image\" content=\"http:\/\/407artfoundation.org\/wp-content\/uploads\/2025\/01\/Warszawa1080.png\" \/>\n\t<meta property=\"og:image:width\" content=\"1080\" \/>\n\t<meta property=\"og:image:height\" content=\"712\" \/>\n\t<meta property=\"og:image:type\" content=\"image\/png\" \/>\n<meta name=\"author\" content=\"407artfoundation.org\" \/>\n<meta name=\"twitter:card\" content=\"summary_large_image\" \/>\n<meta name=\"twitter:label1\" content=\"Written by\" \/>\n\t<meta name=\"twitter:data1\" content=\"407artfoundation.org\" \/>\n\t<meta name=\"twitter:label2\" content=\"Estimated reading time\" \/>\n\t<meta name=\"twitter:data2\" content=\"2 minutes\" \/>\n<script type=\"application\/ld+json\" class=\"yoast-schema-graph\">{\"@context\":\"https:\\\/\\\/schema.org\",\"@graph\":[{\"@type\":\"Article\",\"@id\":\"https:\\\/\\\/407artfoundation.org\\\/patronage-of-the-mayor\\\/#article\",\"isPartOf\":{\"@id\":\"https:\\\/\\\/407artfoundation.org\\\/patronage-of-the-mayor\\\/\"},\"author\":{\"name\":\"407artfoundation.org\",\"@id\":\"https:\\\/\\\/407artfoundation.org\\\/#\\\/schema\\\/person\\\/0bd96a4ddc93509429646206afc91a94\"},\"headline\":\"Honorary Patronage of the Mayor\",\"datePublished\":\"2025-01-16T15:12:20+00:00\",\"dateModified\":\"2025-07-10T21:12:17+00:00\",\"mainEntityOfPage\":{\"@id\":\"https:\\\/\\\/407artfoundation.org\\\/patronage-of-the-mayor\\\/\"},\"wordCount\":229,\"image\":{\"@id\":\"https:\\\/\\\/407artfoundation.org\\\/patronage-of-the-mayor\\\/#primaryimage\"},\"thumbnailUrl\":\"https:\\\/\\\/407artfoundation.org\\\/wp-content\\\/uploads\\\/2025\\\/01\\\/Warszawa1080.png\",\"keywords\":[\"#Fundacja407ArtFoundation\",\"#obliczaduszy\",\"#SztukaNaZ\u0142otej44\",\"#wojciechciesniewski\",\"#wystawa\",\"407artfoundation\"],\"articleSection\":[\"News\"],\"inLanguage\":\"en-GB\"},{\"@type\":\"WebPage\",\"@id\":\"https:\\\/\\\/407artfoundation.org\\\/patronage-of-the-mayor\\\/\",\"url\":\"https:\\\/\\\/407artfoundation.org\\\/patronage-of-the-mayor\\\/\",\"name\":\"Honorary Patronage of the Mayor - 407artfoundation.org\",\"isPartOf\":{\"@id\":\"https:\\\/\\\/407artfoundation.org\\\/#website\"},\"primaryImageOfPage\":{\"@id\":\"https:\\\/\\\/407artfoundation.org\\\/patronage-of-the-mayor\\\/#primaryimage\"},\"image\":{\"@id\":\"https:\\\/\\\/407artfoundation.org\\\/patronage-of-the-mayor\\\/#primaryimage\"},\"thumbnailUrl\":\"https:\\\/\\\/407artfoundation.org\\\/wp-content\\\/uploads\\\/2025\\\/01\\\/Warszawa1080.png\",\"datePublished\":\"2025-01-16T15:12:20+00:00\",\"dateModified\":\"2025-07-10T21:12:17+00:00\",\"author\":{\"@id\":\"https:\\\/\\\/407artfoundation.org\\\/#\\\/schema\\\/person\\\/0bd96a4ddc93509429646206afc91a94\"},\"description\":\"Wystawa \\\"Oblicza Duszy: Cnoty i Grzechy\\\" obj\u0119ta zosta\u0142a honorowym Patronatem Burmistrza Dzielnicy \u015ar\u00f3dmie\u015bcie m.st. Warszawy.\",\"breadcrumb\":{\"@id\":\"https:\\\/\\\/407artfoundation.org\\\/patronage-of-the-mayor\\\/#breadcrumb\"},\"inLanguage\":\"en-GB\",\"potentialAction\":[{\"@type\":\"ReadAction\",\"target\":[\"https:\\\/\\\/407artfoundation.org\\\/patronage-of-the-mayor\\\/\"]}]},{\"@type\":\"ImageObject\",\"inLanguage\":\"en-GB\",\"@id\":\"https:\\\/\\\/407artfoundation.org\\\/patronage-of-the-mayor\\\/#primaryimage\",\"url\":\"https:\\\/\\\/407artfoundation.org\\\/wp-content\\\/uploads\\\/2025\\\/01\\\/Warszawa1080.png\",\"contentUrl\":\"https:\\\/\\\/407artfoundation.org\\\/wp-content\\\/uploads\\\/2025\\\/01\\\/Warszawa1080.png\",\"width\":1080,\"height\":712,\"caption\":\"Patronage of the Mayor\"},{\"@type\":\"BreadcrumbList\",\"@id\":\"https:\\\/\\\/407artfoundation.org\\\/patronage-of-the-mayor\\\/#breadcrumb\",\"itemListElement\":[{\"@type\":\"ListItem\",\"position\":1,\"name\":\"Home\",\"item\":\"https:\\\/\\\/407artfoundation.org\\\/\"},{\"@type\":\"ListItem\",\"position\":2,\"name\":\"Honorary Patronage of the Mayor\"}]},{\"@type\":\"WebSite\",\"@id\":\"https:\\\/\\\/407artfoundation.org\\\/#website\",\"url\":\"https:\\\/\\\/407artfoundation.org\\\/\",\"name\":\"407artfoundation.org\",\"description\":\"Promujemy polsk\u0105 sztuk\u0119 i kultur\u0119. \u0141\u0105czymy artyst\u00f3w z kolekcjonerami. Pomagamy budowa\u0107 warto\u015bciowe kolekcje sztuki. Organizujemy wyj\u0105tkowe wystawy w ramach cyklu &quot;Sztuka na Z\u0142otej44&quot;. Wspieramy inne organizacje i instytucje dzia\u0142aj\u0105ce na rzecz szerzenia kultury.\",\"potentialAction\":[{\"@type\":\"SearchAction\",\"target\":{\"@type\":\"EntryPoint\",\"urlTemplate\":\"https:\\\/\\\/407artfoundation.org\\\/?s={search_term_string}\"},\"query-input\":{\"@type\":\"PropertyValueSpecification\",\"valueRequired\":true,\"valueName\":\"search_term_string\"}}],\"inLanguage\":\"en-GB\"},{\"@type\":\"Person\",\"@id\":\"https:\\\/\\\/407artfoundation.org\\\/#\\\/schema\\\/person\\\/0bd96a4ddc93509429646206afc91a94\",\"name\":\"407artfoundation.org\",\"image\":{\"@type\":\"ImageObject\",\"inLanguage\":\"en-GB\",\"@id\":\"https:\\\/\\\/secure.gravatar.com\\\/avatar\\\/cc7356495ca39b5c14333ad62ce002fb13a47cbba40296ee58327f68bc960ec5?s=96&d=mm&r=g\",\"url\":\"https:\\\/\\\/secure.gravatar.com\\\/avatar\\\/cc7356495ca39b5c14333ad62ce002fb13a47cbba40296ee58327f68bc960ec5?s=96&d=mm&r=g\",\"contentUrl\":\"https:\\\/\\\/secure.gravatar.com\\\/avatar\\\/cc7356495ca39b5c14333ad62ce002fb13a47cbba40296ee58327f68bc960ec5?s=96&d=mm&r=g\",\"caption\":\"407artfoundation.org\"},\"sameAs\":[\"https:\\\/\\\/407artfoundation.org\"],\"url\":\"https:\\\/\\\/407artfoundation.org\\\/en_gb\\\/author\\\/407artfoundation-org\\\/\"}]}<\/script>\n<!-- \/ Yoast SEO plugin. -->","yoast_head_json":{"title":"Honorary Patronage of the Mayor - 407artfoundation.org","description":"Wystawa \"Oblicza Duszy: Cnoty i Grzechy\" obj\u0119ta zosta\u0142a honorowym Patronatem Burmistrza Dzielnicy \u015ar\u00f3dmie\u015bcie m.st. Warszawy.","robots":{"index":"index","follow":"follow","max-snippet":"max-snippet:-1","max-image-preview":"max-image-preview:large","max-video-preview":"max-video-preview:-1"},"canonical":"https:\/\/407artfoundation.org\/en_gb\/patronage-of-the-mayor\/","og_locale":"en_GB","og_type":"article","og_title":"Honorary Patronage of the Mayor - 407artfoundation.org","og_description":"Wystawa \"Oblicza Duszy: Cnoty i Grzechy\" obj\u0119ta zosta\u0142a honorowym Patronatem Burmistrza Dzielnicy \u015ar\u00f3dmie\u015bcie m.st. Warszawy.","og_url":"https:\/\/407artfoundation.org\/en_gb\/patronage-of-the-mayor\/","og_site_name":"407artfoundation.org","article_published_time":"2025-01-16T15:12:20+00:00","article_modified_time":"2025-07-10T21:12:17+00:00","og_image":[{"width":1080,"height":712,"url":"http:\/\/407artfoundation.org\/wp-content\/uploads\/2025\/01\/Warszawa1080.png","type":"image\/png"}],"author":"407artfoundation.org","twitter_card":"summary_large_image","twitter_misc":{"Written by":"407artfoundation.org","Estimated reading time":"2 minutes"},"schema":{"@context":"https:\/\/schema.org","@graph":[{"@type":"Article","@id":"https:\/\/407artfoundation.org\/patronage-of-the-mayor\/#article","isPartOf":{"@id":"https:\/\/407artfoundation.org\/patronage-of-the-mayor\/"},"author":{"name":"407artfoundation.org","@id":"https:\/\/407artfoundation.org\/#\/schema\/person\/0bd96a4ddc93509429646206afc91a94"},"headline":"Honorary Patronage of the Mayor","datePublished":"2025-01-16T15:12:20+00:00","dateModified":"2025-07-10T21:12:17+00:00","mainEntityOfPage":{"@id":"https:\/\/407artfoundation.org\/patronage-of-the-mayor\/"},"wordCount":229,"image":{"@id":"https:\/\/407artfoundation.org\/patronage-of-the-mayor\/#primaryimage"},"thumbnailUrl":"https:\/\/407artfoundation.org\/wp-content\/uploads\/2025\/01\/Warszawa1080.png","keywords":["#Fundacja407ArtFoundation","#obliczaduszy","#SztukaNaZ\u0142otej44","#wojciechciesniewski","#wystawa","407artfoundation"],"articleSection":["News"],"inLanguage":"en-GB"},{"@type":"WebPage","@id":"https:\/\/407artfoundation.org\/patronage-of-the-mayor\/","url":"https:\/\/407artfoundation.org\/patronage-of-the-mayor\/","name":"Honorary Patronage of the Mayor - 407artfoundation.org","isPartOf":{"@id":"https:\/\/407artfoundation.org\/#website"},"primaryImageOfPage":{"@id":"https:\/\/407artfoundation.org\/patronage-of-the-mayor\/#primaryimage"},"image":{"@id":"https:\/\/407artfoundation.org\/patronage-of-the-mayor\/#primaryimage"},"thumbnailUrl":"https:\/\/407artfoundation.org\/wp-content\/uploads\/2025\/01\/Warszawa1080.png","datePublished":"2025-01-16T15:12:20+00:00","dateModified":"2025-07-10T21:12:17+00:00","author":{"@id":"https:\/\/407artfoundation.org\/#\/schema\/person\/0bd96a4ddc93509429646206afc91a94"},"description":"Wystawa \"Oblicza Duszy: Cnoty i Grzechy\" obj\u0119ta zosta\u0142a honorowym Patronatem Burmistrza Dzielnicy \u015ar\u00f3dmie\u015bcie m.st. Warszawy.","breadcrumb":{"@id":"https:\/\/407artfoundation.org\/patronage-of-the-mayor\/#breadcrumb"},"inLanguage":"en-GB","potentialAction":[{"@type":"ReadAction","target":["https:\/\/407artfoundation.org\/patronage-of-the-mayor\/"]}]},{"@type":"ImageObject","inLanguage":"en-GB","@id":"https:\/\/407artfoundation.org\/patronage-of-the-mayor\/#primaryimage","url":"https:\/\/407artfoundation.org\/wp-content\/uploads\/2025\/01\/Warszawa1080.png","contentUrl":"https:\/\/407artfoundation.org\/wp-content\/uploads\/2025\/01\/Warszawa1080.png","width":1080,"height":712,"caption":"Patronage of the Mayor"},{"@type":"BreadcrumbList","@id":"https:\/\/407artfoundation.org\/patronage-of-the-mayor\/#breadcrumb","itemListElement":[{"@type":"ListItem","position":1,"name":"Home","item":"https:\/\/407artfoundation.org\/"},{"@type":"ListItem","position":2,"name":"Honorary Patronage of the Mayor"}]},{"@type":"WebSite","@id":"https:\/\/407artfoundation.org\/#website","url":"https:\/\/407artfoundation.org\/","name":"407artfoundation.org","description":"Promujemy polsk\u0105 sztuk\u0119 i kultur\u0119. \u0141\u0105czymy artyst\u00f3w z kolekcjonerami. Pomagamy budowa\u0107 warto\u015bciowe kolekcje sztuki. Organizujemy wyj\u0105tkowe wystawy w ramach cyklu &quot;Sztuka na Z\u0142otej44&quot;. Wspieramy inne organizacje i instytucje dzia\u0142aj\u0105ce na rzecz szerzenia kultury.","potentialAction":[{"@type":"SearchAction","target":{"@type":"EntryPoint","urlTemplate":"https:\/\/407artfoundation.org\/?s={search_term_string}"},"query-input":{"@type":"PropertyValueSpecification","valueRequired":true,"valueName":"search_term_string"}}],"inLanguage":"en-GB"},{"@type":"Person","@id":"https:\/\/407artfoundation.org\/#\/schema\/person\/0bd96a4ddc93509429646206afc91a94","name":"407artfoundation.org","image":{"@type":"ImageObject","inLanguage":"en-GB","@id":"https:\/\/secure.gravatar.com\/avatar\/cc7356495ca39b5c14333ad62ce002fb13a47cbba40296ee58327f68bc960ec5?s=96&d=mm&r=g","url":"https:\/\/secure.gravatar.com\/avatar\/cc7356495ca39b5c14333ad62ce002fb13a47cbba40296ee58327f68bc960ec5?s=96&d=mm&r=g","contentUrl":"https:\/\/secure.gravatar.com\/avatar\/cc7356495ca39b5c14333ad62ce002fb13a47cbba40296ee58327f68bc960ec5?s=96&d=mm&r=g","caption":"407artfoundation.org"},"sameAs":["https:\/\/407artfoundation.org"],"url":"https:\/\/407artfoundation.org\/en_gb\/author\/407artfoundation-org\/"}]}},"_links":{"self":[{"href":"https:\/\/407artfoundation.org\/en_gb\/wp-json\/wp\/v2\/posts\/2264","targetHints":{"allow":["GET"]}}],"collection":[{"href":"https:\/\/407artfoundation.org\/en_gb\/wp-json\/wp\/v2\/posts"}],"about":[{"href":"https:\/\/407artfoundation.org\/en_gb\/wp-json\/wp\/v2\/types\/post"}],"author":[{"embeddable":true,"href":"https:\/\/407artfoundation.org\/en_gb\/wp-json\/wp\/v2\/users\/1"}],"replies":[{"embeddable":true,"href":"https:\/\/407artfoundation.org\/en_gb\/wp-json\/wp\/v2\/comments?post=2264"}],"version-history":[{"count":15,"href":"https:\/\/407artfoundation.org\/en_gb\/wp-json\/wp\/v2\/posts\/2264\/revisions"}],"predecessor-version":[{"id":3071,"href":"https:\/\/407artfoundation.org\/en_gb\/wp-json\/wp\/v2\/posts\/2264\/revisions\/3071"}],"wp:featuredmedia":[{"embeddable":true,"href":"https:\/\/407artfoundation.org\/en_gb\/wp-json\/wp\/v2\/media\/2265"}],"wp:attachment":[{"href":"https:\/\/407artfoundation.org\/en_gb\/wp-json\/wp\/v2\/media?parent=2264"}],"wp:term":[{"taxonomy":"category","embeddable":true,"href":"https:\/\/407artfoundation.org\/en_gb\/wp-json\/wp\/v2\/categories?post=2264"},{"taxonomy":"post_tag","embeddable":true,"href":"https:\/\/407artfoundation.org\/en_gb\/wp-json\/wp\/v2\/tags?post=2264"}],"curies":[{"name":"wp","href":"https:\/\/api.w.org\/{rel}","templated":true}]}}