{"id":2244,"date":"2025-01-08T11:00:59","date_gmt":"2025-01-08T10:00:59","guid":{"rendered":"https:\/\/407artfoundation.org\/?p=2244"},"modified":"2025-07-07T19:02:46","modified_gmt":"2025-07-07T17:02:46","slug":"wojciech-ciesniewski-exhibition","status":"publish","type":"post","link":"https:\/\/407artfoundation.org\/en_gb\/wojciech-ciesniewski-exhibition\/","title":{"rendered":"Wojciech Cie\u015bniewski Exhibition"},"content":{"rendered":"\t\t<div data-elementor-type=\"wp-post\" data-elementor-id=\"2244\" class=\"elementor elementor-2244\" data-elementor-post-type=\"post\">\n\t\t\t\t\t\t<section class=\"elementor-section elementor-top-section elementor-element elementor-element-1416f284 elementor-section-boxed elementor-section-height-default elementor-section-height-default\" data-id=\"1416f284\" data-element_type=\"section\" data-e-type=\"section\">\n\t\t\t\t\t\t<div class=\"elementor-container elementor-column-gap-default\">\n\t\t\t\t\t<div class=\"elementor-column elementor-col-100 elementor-top-column elementor-element elementor-element-6aa9d31e\" data-id=\"6aa9d31e\" data-element_type=\"column\" data-e-type=\"column\">\n\t\t\t<div class=\"elementor-widget-wrap elementor-element-populated\">\n\t\t\t\t\t\t<div class=\"elementor-element elementor-element-7c5591b6 elementor-widget elementor-widget-text-editor\" data-id=\"7c5591b6\" data-element_type=\"widget\" data-e-type=\"widget\" data-widget_type=\"text-editor.default\">\n\t\t\t\t<div class=\"elementor-widget-container\">\n\t\t\t\t\t\t\t\t\t<p>Warsaw, January 8, 2025<\/p><div class=\"flex-1 overflow-hidden masked-content\"><div class=\"h-full\"><div class=\"react-scroll-to-bottom--css-hwjsk-79elbk h-full\"><div class=\"react-scroll-to-bottom--css-hwjsk-1n7m0yu\"><div class=\"flex flex-col text-sm pb-[120px]\"><article class=\"w-full text-token-text-primary focus-visible:outline-2 focus-visible:outline-offset-[-4px]\" dir=\"auto\" data-testid=\"conversation-turn-93\" data-scroll-anchor=\"true\"><div class=\"text-base py-[18px] m-auto md:px-5 w-full px-3 lg:px-0\"><div class=\"mx-auto flex flex-1 gap-4 text-base md:gap-5 lg:gap-6 md:max-w-3xl lg:max-w-[40rem] xl:max-w-[48rem]\"><div class=\"group\/conversation-turn relative flex w-full min-w-0 flex-col agent-turn\"><div class=\"flex-col gap-1 md:gap-3\"><div class=\"flex max-w-full flex-col flex-grow\"><div class=\"min-h-[20px] text-message flex w-full flex-col items-end gap-2 break-words [.text-message+&amp;]:mt-5 overflow-x-auto whitespace-normal\" dir=\"auto\" data-message-author-role=\"assistant\" data-message-id=\"f5c8fe7e-3ad9-40f5-b10b-38064724874d\"><div class=\"flex w-full flex-col gap-1 empty:hidden first:pt-[3px]\"><div class=\"markdown prose w-full break-words dark:prose-invert light\"><div class=\"flex-1 overflow-hidden @container\/thread\"><div class=\"h-full\"><div class=\"react-scroll-to-bottom--css-kegfn-79elbk h-full\"><div class=\"react-scroll-to-bottom--css-kegfn-1n7m0yu\"><div class=\"flex flex-col text-sm md:pb-9\"><article class=\"w-full scroll-mb-[var(--thread-trailing-height,150px)] text-token-text-primary focus-visible:outline-2 focus-visible:outline-offset-[-4px]\" dir=\"auto\" data-testid=\"conversation-turn-17\" data-scroll-anchor=\"true\"><div class=\"m-auto text-base py-[18px] px-3 md:px-4 w-full md:px-5 lg:px-4 xl:px-5\"><div class=\"mx-auto flex flex-1 gap-4 text-base md:gap-5 lg:gap-6 md:max-w-3xl lg:max-w-[40rem] xl:max-w-[48rem]\"><div class=\"group\/conversation-turn relative flex w-full min-w-0 flex-col agent-turn\"><div class=\"flex-col gap-1 md:gap-3\"><div class=\"flex max-w-full flex-col flex-grow\"><div class=\"min-h-8 text-message flex w-full flex-col items-end gap-2 whitespace-normal break-words text-start [.text-message+&amp;]:mt-5\" dir=\"auto\" data-message-author-role=\"assistant\" data-message-id=\"41f5e8d5-6e96-4dbf-b5af-3de4ba5dfc56\" data-message-model-slug=\"gpt-4o\"><div class=\"flex w-full flex-col gap-1 empty:hidden first:pt-[3px]\"><div class=\"markdown prose w-full break-words dark:prose-invert light\"><h3>Wojciech Cie\u015bniewski and his extraordinary journey into the depths of human nature<\/h3><p><a href=\"https:\/\/wm.asp.waw.pl\/zespol\/prof-wojciech-ciesniewski\/\">Wojciech Cie\u015bniewski<\/a>, one of Poland&#8217;s most prominent contemporary painters, invites us to reflect on the condition of the human spirit amidst shifting values. The exhibition <a href=\"https:\/\/407artfoundation.org\/en_gb\/faces-of-the-soul\/\"><em>&#8220;Faces of the Soul: Virtues and Sins&#8221;<\/em><\/a> seeks to redefine the concepts that have shaped humanity&#8217;s moral compass for centuries. The exhibition premieres in <strong>March\u00a0 2025<\/strong>, as part of the prestigious &#8220;Art on Z\u0142ota 44&#8221; series organized by the <strong>407 Art Foundation<\/strong>.<\/p><h3>About the Exhibition<\/h3><p>The exhibition features <a href=\"https:\/\/407artfoundation.org\/en_gb\/obrazy-do-kupna\/\">12 exceptional paintings<\/a> depicting the four cardinal virtues and the seven deadly sins, complemented by the titular work <em>&#8220;<a href=\"https:\/\/407artfoundation.org\/en_gb\/product\/gniew-wrath-wojciech-ciesniewski\/\">Wrath<\/a>&#8220;<\/em>, an allegorical portrayal of <a href=\"https:\/\/pl.wikipedia.org\/wiki\/Girolamo_Savonarola\">Girolamo Savonarola<\/a>. Cie\u015bniewski\u2019s works balance traditional symbolism with contemporary reflections, provoking viewers to introspect and reevaluate their values.<\/p><p>Drawing from the tradition of allegorical art, the artist brings these timeless themes into the modern era, offering new perspectives. For instance, Pride becomes a rebellion born of fear, while Courage is depicted as the tenderness and bravery of a solitary mother. Cie\u015bniewski\u2019s art compels us to ask: Have virtues and sins swapped roles in the modern world?<\/p><h3>Wojciech Cie\u015bniewski \u2013 About the Artist<\/h3><p>Wojciech Cie\u015bniewski is a professor and former lecturer at the <a href=\"https:\/\/asp.waw.pl\/\">Academy of Fine Arts in Warsaw<\/a> and a prot\u00e9g\u00e9 of <a href=\"https:\/\/culture.pl\/pl\/tworca\/rajmund-ziemski\">Rajmund Ziemski<\/a>. His art combines masterful painting techniques with profound philosophical analysis. Each of his works is an emotional and intellectual testament to human struggles, where viewers find echoes of their own experiences.<\/p><h3>The Exhibition\u2019s Distinctiveness<\/h3><p>The exhibition not only celebrates Wojciech Cie\u015bniewski\u2019s artistry but also sparks a dialogue with viewers about human values and existence in today\u2019s world. Each piece is a dissection of human nature that transcends simple moral lessons. It\u2019s a journey that opens new interpretive possibilities. Experience an unforgettable encounter with Cie\u015bniewski\u2019s art. Pause, look deeper \u2013 perhaps this exhibition will help you better understand yourself and the world around you.<\/p><h3>Dates and Locations<\/h3><p><em>&#8220;Faces of the Soul: Virtues and Sins&#8221;<\/em> will be on display starting <strong>March 2025<\/strong> in select galleries across Poland and abroad, as well as at the Academy of Fine Arts in Warsaw. Exact dates and locations will be announced soon.<\/p><h3>Organization and Curatorship<\/h3><p>The exhibition is conceptualized and organized by the <strong>407 Art Foundation<\/strong>.<\/p><ul><li><strong>Lead Curator<\/strong>: Dr. <a href=\"https:\/\/www.grazynabastek.pl\/\">Gra\u017cyna Bastek<\/a>, a distinguished art historian and long-time collaborator of the <a href=\"https:\/\/www.mnw.art.pl\/en\/\">National Museum in Warsaw<\/a>.<\/li><li><strong>Co-Curator<\/strong>: Aron Pude\u0142ko, President of the 407 Art Foundation.<\/li><\/ul><\/div><\/div><\/div><\/div><div class=\"mb-2 flex gap-3 empty:hidden -ml-2\">\u00a0<\/div><\/div><\/div><\/div><\/div><\/article><\/div><\/div><\/div><\/div><\/div><\/div><\/div><\/div><\/div><\/div><\/div><\/div><\/div><\/article><\/div><\/div><\/div><\/div><\/div>\t\t\t\t\t\t\t\t<\/div>\n\t\t\t\t<\/div>\n\t\t\t\t\t<\/div>\n\t\t<\/div>\n\t\t\t\t\t<\/div>\n\t\t<\/section>\n\t\t\t\t<section class=\"elementor-section elementor-top-section elementor-element elementor-element-21adb57 elementor-section-boxed elementor-section-height-default elementor-section-height-default\" data-id=\"21adb57\" data-element_type=\"section\" data-e-type=\"section\">\n\t\t\t\t\t\t<div class=\"elementor-container elementor-column-gap-default\">\n\t\t\t\t\t<div class=\"elementor-column elementor-col-100 elementor-top-column elementor-element elementor-element-39573ff\" data-id=\"39573ff\" data-element_type=\"column\" data-e-type=\"column\">\n\t\t\t<div class=\"elementor-widget-wrap elementor-element-populated\">\n\t\t\t\t\t\t<div class=\"elementor-element elementor-element-cf14380 elementor-widget elementor-widget-image\" data-id=\"cf14380\" data-element_type=\"widget\" data-e-type=\"widget\" data-widget_type=\"image.default\">\n\t\t\t\t<div class=\"elementor-widget-container\">\n\t\t\t\t\t\t\t\t\t\t\t\t\t\t\t<img fetchpriority=\"high\" decoding=\"async\" width=\"800\" height=\"800\" src=\"https:\/\/407artfoundation.org\/wp-content\/uploads\/2025\/01\/PL_IG_Post_square-1024x1024.jpg\" class=\"attachment-large size-large wp-image-2245\" alt=\"Wojciech Cie\u015bniewski\" srcset=\"https:\/\/407artfoundation.org\/wp-content\/uploads\/2025\/01\/PL_IG_Post_square-1024x1024.jpg 1024w, https:\/\/407artfoundation.org\/wp-content\/uploads\/2025\/01\/PL_IG_Post_square-300x300.jpg 300w, https:\/\/407artfoundation.org\/wp-content\/uploads\/2025\/01\/PL_IG_Post_square-150x150.jpg 150w, https:\/\/407artfoundation.org\/wp-content\/uploads\/2025\/01\/PL_IG_Post_square-768x768.jpg 768w, https:\/\/407artfoundation.org\/wp-content\/uploads\/2025\/01\/PL_IG_Post_square-12x12.jpg 12w, https:\/\/407artfoundation.org\/wp-content\/uploads\/2025\/01\/PL_IG_Post_square-600x600.jpg 600w, https:\/\/407artfoundation.org\/wp-content\/uploads\/2025\/01\/PL_IG_Post_square-100x100.jpg 100w, https:\/\/407artfoundation.org\/wp-content\/uploads\/2025\/01\/PL_IG_Post_square.jpg 1080w\" sizes=\"(max-width: 800px) 100vw, 800px\" \/>\t\t\t\t\t\t\t\t\t\t\t\t\t\t\t<\/div>\n\t\t\t\t<\/div>\n\t\t\t\t\t<\/div>\n\t\t<\/div>\n\t\t\t\t\t<\/div>\n\t\t<\/section>\n\t\t\t\t<\/div>\n\t\t","protected":false},"excerpt":{"rendered":"<p>Warsaw, January 8, 2025 Join us on an extraordinary journey into the depths of human nature! Wojciech Cie\u015bniewski, one of Poland&#8217;s most prominent contemporary painters, invites us to reflect on the condition of the human spirit amidst shifting values. The exhibition &#8220;Faces of the Soul: Virtues and Sins&#8221; seeks to redefine the concepts that have [&hellip;]<\/p>\n","protected":false},"author":1,"featured_media":2285,"comment_status":"closed","ping_status":"open","sticky":false,"template":"","format":"standard","meta":{"give_campaign_id":0,"footnotes":""},"categories":[35],"tags":[127,120,110,128,107,126,118,129,106,108,114,59,49],"class_list":["post-2244","post","type-post","status-publish","format-standard","has-post-thumbnail","hentry","category-news","tag-artcollection","tag-cnotyigrzechy","tag-kolekcjasztuki","tag-kolekcjonerzy","tag-obliczaduszy","tag-polskasztuka-art","tag-sztukanazlotej44","tag-wersnisaz","tag-wojciechciesniewski","tag-wystawa","tag-zlota44","tag-407artfoundation","tag-sztuka"],"yoast_head":"<!-- This site is optimized with the Yoast SEO plugin v27.5 - https:\/\/yoast.com\/product\/yoast-seo-wordpress\/ -->\n<title>Wojciech Cie\u015bniewski Exhibition - 407artfoundation.org<\/title>\n<meta name=\"description\" content=\"Wojciech Cie\u015bniewski oraz 407 Art Foundation prezentuj\u0105 najnowszy cykl malarski &quot;Oblicza Duszy: Cnoty i Grzechy&quot;.\" \/>\n<meta name=\"robots\" content=\"index, follow, max-snippet:-1, max-image-preview:large, max-video-preview:-1\" \/>\n<link rel=\"canonical\" href=\"https:\/\/407artfoundation.org\/en_gb\/wojciech-ciesniewski-exhibition\/\" \/>\n<meta property=\"og:locale\" content=\"en_GB\" \/>\n<meta property=\"og:type\" content=\"article\" \/>\n<meta property=\"og:title\" content=\"Wojciech Cie\u015bniewski Exhibition - 407artfoundation.org\" \/>\n<meta property=\"og:description\" content=\"Wojciech Cie\u015bniewski oraz 407 Art Foundation prezentuj\u0105 najnowszy cykl malarski &quot;Oblicza Duszy: Cnoty i Grzechy&quot;.\" \/>\n<meta property=\"og:url\" content=\"https:\/\/407artfoundation.org\/en_gb\/wojciech-ciesniewski-exhibition\/\" \/>\n<meta property=\"og:site_name\" content=\"407artfoundation.org\" \/>\n<meta property=\"article:published_time\" content=\"2025-01-08T10:00:59+00:00\" \/>\n<meta property=\"article:modified_time\" content=\"2025-07-07T17:02:46+00:00\" \/>\n<meta property=\"og:image\" content=\"http:\/\/407artfoundation.org\/wp-content\/uploads\/2025\/01\/small-Oblicza-Duszy-PL-715x1024.png\" \/>\n\t<meta property=\"og:image:width\" content=\"715\" \/>\n\t<meta property=\"og:image:height\" content=\"1024\" \/>\n\t<meta property=\"og:image:type\" content=\"image\/png\" \/>\n<meta name=\"author\" content=\"407artfoundation.org\" \/>\n<meta name=\"twitter:card\" content=\"summary_large_image\" \/>\n<meta name=\"twitter:label1\" content=\"Written by\" \/>\n\t<meta name=\"twitter:data1\" content=\"407artfoundation.org\" \/>\n\t<meta name=\"twitter:label2\" content=\"Estimated reading time\" \/>\n\t<meta name=\"twitter:data2\" content=\"3 minutes\" \/>\n<script type=\"application\/ld+json\" class=\"yoast-schema-graph\">{\"@context\":\"https:\\\/\\\/schema.org\",\"@graph\":[{\"@type\":\"Article\",\"@id\":\"https:\\\/\\\/407artfoundation.org\\\/wojciech-ciesniewski-exhibition\\\/#article\",\"isPartOf\":{\"@id\":\"https:\\\/\\\/407artfoundation.org\\\/wojciech-ciesniewski-exhibition\\\/\"},\"author\":{\"name\":\"407artfoundation.org\",\"@id\":\"https:\\\/\\\/407artfoundation.org\\\/#\\\/schema\\\/person\\\/0bd96a4ddc93509429646206afc91a94\"},\"headline\":\"Wojciech Cie\u015bniewski Exhibition\",\"datePublished\":\"2025-01-08T10:00:59+00:00\",\"dateModified\":\"2025-07-07T17:02:46+00:00\",\"mainEntityOfPage\":{\"@id\":\"https:\\\/\\\/407artfoundation.org\\\/wojciech-ciesniewski-exhibition\\\/\"},\"wordCount\":416,\"image\":{\"@id\":\"https:\\\/\\\/407artfoundation.org\\\/wojciech-ciesniewski-exhibition\\\/#primaryimage\"},\"thumbnailUrl\":\"https:\\\/\\\/407artfoundation.org\\\/wp-content\\\/uploads\\\/2025\\\/01\\\/small-Oblicza-Duszy-PL.png\",\"keywords\":[\"#artcollection\",\"#CnotyIGrzechy\",\"#kolekcjasztuki\",\"#kolekcjonerzy\",\"#obliczaduszy\",\"#PolskaSztuka #art\",\"#SztukaNaZ\u0142otej44\",\"#wersnisaz\",\"#wojciechciesniewski\",\"#wystawa\",\"#zlota44\",\"407artfoundation\",\"sztuka\"],\"articleSection\":[\"News\"],\"inLanguage\":\"en-GB\"},{\"@type\":\"WebPage\",\"@id\":\"https:\\\/\\\/407artfoundation.org\\\/wojciech-ciesniewski-exhibition\\\/\",\"url\":\"https:\\\/\\\/407artfoundation.org\\\/wojciech-ciesniewski-exhibition\\\/\",\"name\":\"Wojciech Cie\u015bniewski Exhibition - 407artfoundation.org\",\"isPartOf\":{\"@id\":\"https:\\\/\\\/407artfoundation.org\\\/#website\"},\"primaryImageOfPage\":{\"@id\":\"https:\\\/\\\/407artfoundation.org\\\/wojciech-ciesniewski-exhibition\\\/#primaryimage\"},\"image\":{\"@id\":\"https:\\\/\\\/407artfoundation.org\\\/wojciech-ciesniewski-exhibition\\\/#primaryimage\"},\"thumbnailUrl\":\"https:\\\/\\\/407artfoundation.org\\\/wp-content\\\/uploads\\\/2025\\\/01\\\/small-Oblicza-Duszy-PL.png\",\"datePublished\":\"2025-01-08T10:00:59+00:00\",\"dateModified\":\"2025-07-07T17:02:46+00:00\",\"author\":{\"@id\":\"https:\\\/\\\/407artfoundation.org\\\/#\\\/schema\\\/person\\\/0bd96a4ddc93509429646206afc91a94\"},\"description\":\"Wojciech Cie\u015bniewski oraz 407 Art Foundation prezentuj\u0105 najnowszy cykl malarski \\\"Oblicza Duszy: Cnoty i Grzechy\\\".\",\"breadcrumb\":{\"@id\":\"https:\\\/\\\/407artfoundation.org\\\/wojciech-ciesniewski-exhibition\\\/#breadcrumb\"},\"inLanguage\":\"en-GB\",\"potentialAction\":[{\"@type\":\"ReadAction\",\"target\":[\"https:\\\/\\\/407artfoundation.org\\\/wojciech-ciesniewski-exhibition\\\/\"]}]},{\"@type\":\"ImageObject\",\"inLanguage\":\"en-GB\",\"@id\":\"https:\\\/\\\/407artfoundation.org\\\/wojciech-ciesniewski-exhibition\\\/#primaryimage\",\"url\":\"https:\\\/\\\/407artfoundation.org\\\/wp-content\\\/uploads\\\/2025\\\/01\\\/small-Oblicza-Duszy-PL.png\",\"contentUrl\":\"https:\\\/\\\/407artfoundation.org\\\/wp-content\\\/uploads\\\/2025\\\/01\\\/small-Oblicza-Duszy-PL.png\",\"width\":1289,\"height\":1845,\"caption\":\"Faces of the Soul\"},{\"@type\":\"BreadcrumbList\",\"@id\":\"https:\\\/\\\/407artfoundation.org\\\/wojciech-ciesniewski-exhibition\\\/#breadcrumb\",\"itemListElement\":[{\"@type\":\"ListItem\",\"position\":1,\"name\":\"Home\",\"item\":\"https:\\\/\\\/407artfoundation.org\\\/\"},{\"@type\":\"ListItem\",\"position\":2,\"name\":\"Wojciech Cie\u015bniewski Exhibition\"}]},{\"@type\":\"WebSite\",\"@id\":\"https:\\\/\\\/407artfoundation.org\\\/#website\",\"url\":\"https:\\\/\\\/407artfoundation.org\\\/\",\"name\":\"407artfoundation.org\",\"description\":\"Promujemy polsk\u0105 sztuk\u0119 i kultur\u0119. \u0141\u0105czymy artyst\u00f3w z kolekcjonerami. Pomagamy budowa\u0107 warto\u015bciowe kolekcje sztuki. Organizujemy wyj\u0105tkowe wystawy w ramach cyklu &quot;Sztuka na Z\u0142otej44&quot;. Wspieramy inne organizacje i instytucje dzia\u0142aj\u0105ce na rzecz szerzenia kultury.\",\"potentialAction\":[{\"@type\":\"SearchAction\",\"target\":{\"@type\":\"EntryPoint\",\"urlTemplate\":\"https:\\\/\\\/407artfoundation.org\\\/?s={search_term_string}\"},\"query-input\":{\"@type\":\"PropertyValueSpecification\",\"valueRequired\":true,\"valueName\":\"search_term_string\"}}],\"inLanguage\":\"en-GB\"},{\"@type\":\"Person\",\"@id\":\"https:\\\/\\\/407artfoundation.org\\\/#\\\/schema\\\/person\\\/0bd96a4ddc93509429646206afc91a94\",\"name\":\"407artfoundation.org\",\"image\":{\"@type\":\"ImageObject\",\"inLanguage\":\"en-GB\",\"@id\":\"https:\\\/\\\/secure.gravatar.com\\\/avatar\\\/cc7356495ca39b5c14333ad62ce002fb13a47cbba40296ee58327f68bc960ec5?s=96&d=mm&r=g\",\"url\":\"https:\\\/\\\/secure.gravatar.com\\\/avatar\\\/cc7356495ca39b5c14333ad62ce002fb13a47cbba40296ee58327f68bc960ec5?s=96&d=mm&r=g\",\"contentUrl\":\"https:\\\/\\\/secure.gravatar.com\\\/avatar\\\/cc7356495ca39b5c14333ad62ce002fb13a47cbba40296ee58327f68bc960ec5?s=96&d=mm&r=g\",\"caption\":\"407artfoundation.org\"},\"sameAs\":[\"https:\\\/\\\/407artfoundation.org\"],\"url\":\"https:\\\/\\\/407artfoundation.org\\\/en_gb\\\/author\\\/407artfoundation-org\\\/\"}]}<\/script>\n<!-- \/ Yoast SEO plugin. -->","yoast_head_json":{"title":"Wojciech Cie\u015bniewski Exhibition - 407artfoundation.org","description":"Wojciech Cie\u015bniewski oraz 407 Art Foundation prezentuj\u0105 najnowszy cykl malarski \"Oblicza Duszy: Cnoty i Grzechy\".","robots":{"index":"index","follow":"follow","max-snippet":"max-snippet:-1","max-image-preview":"max-image-preview:large","max-video-preview":"max-video-preview:-1"},"canonical":"https:\/\/407artfoundation.org\/en_gb\/wojciech-ciesniewski-exhibition\/","og_locale":"en_GB","og_type":"article","og_title":"Wojciech Cie\u015bniewski Exhibition - 407artfoundation.org","og_description":"Wojciech Cie\u015bniewski oraz 407 Art Foundation prezentuj\u0105 najnowszy cykl malarski \"Oblicza Duszy: Cnoty i Grzechy\".","og_url":"https:\/\/407artfoundation.org\/en_gb\/wojciech-ciesniewski-exhibition\/","og_site_name":"407artfoundation.org","article_published_time":"2025-01-08T10:00:59+00:00","article_modified_time":"2025-07-07T17:02:46+00:00","og_image":[{"width":715,"height":1024,"url":"http:\/\/407artfoundation.org\/wp-content\/uploads\/2025\/01\/small-Oblicza-Duszy-PL-715x1024.png","type":"image\/png"}],"author":"407artfoundation.org","twitter_card":"summary_large_image","twitter_misc":{"Written by":"407artfoundation.org","Estimated reading time":"3 minutes"},"schema":{"@context":"https:\/\/schema.org","@graph":[{"@type":"Article","@id":"https:\/\/407artfoundation.org\/wojciech-ciesniewski-exhibition\/#article","isPartOf":{"@id":"https:\/\/407artfoundation.org\/wojciech-ciesniewski-exhibition\/"},"author":{"name":"407artfoundation.org","@id":"https:\/\/407artfoundation.org\/#\/schema\/person\/0bd96a4ddc93509429646206afc91a94"},"headline":"Wojciech Cie\u015bniewski Exhibition","datePublished":"2025-01-08T10:00:59+00:00","dateModified":"2025-07-07T17:02:46+00:00","mainEntityOfPage":{"@id":"https:\/\/407artfoundation.org\/wojciech-ciesniewski-exhibition\/"},"wordCount":416,"image":{"@id":"https:\/\/407artfoundation.org\/wojciech-ciesniewski-exhibition\/#primaryimage"},"thumbnailUrl":"https:\/\/407artfoundation.org\/wp-content\/uploads\/2025\/01\/small-Oblicza-Duszy-PL.png","keywords":["#artcollection","#CnotyIGrzechy","#kolekcjasztuki","#kolekcjonerzy","#obliczaduszy","#PolskaSztuka #art","#SztukaNaZ\u0142otej44","#wersnisaz","#wojciechciesniewski","#wystawa","#zlota44","407artfoundation","sztuka"],"articleSection":["News"],"inLanguage":"en-GB"},{"@type":"WebPage","@id":"https:\/\/407artfoundation.org\/wojciech-ciesniewski-exhibition\/","url":"https:\/\/407artfoundation.org\/wojciech-ciesniewski-exhibition\/","name":"Wojciech Cie\u015bniewski Exhibition - 407artfoundation.org","isPartOf":{"@id":"https:\/\/407artfoundation.org\/#website"},"primaryImageOfPage":{"@id":"https:\/\/407artfoundation.org\/wojciech-ciesniewski-exhibition\/#primaryimage"},"image":{"@id":"https:\/\/407artfoundation.org\/wojciech-ciesniewski-exhibition\/#primaryimage"},"thumbnailUrl":"https:\/\/407artfoundation.org\/wp-content\/uploads\/2025\/01\/small-Oblicza-Duszy-PL.png","datePublished":"2025-01-08T10:00:59+00:00","dateModified":"2025-07-07T17:02:46+00:00","author":{"@id":"https:\/\/407artfoundation.org\/#\/schema\/person\/0bd96a4ddc93509429646206afc91a94"},"description":"Wojciech Cie\u015bniewski oraz 407 Art Foundation prezentuj\u0105 najnowszy cykl malarski \"Oblicza Duszy: Cnoty i Grzechy\".","breadcrumb":{"@id":"https:\/\/407artfoundation.org\/wojciech-ciesniewski-exhibition\/#breadcrumb"},"inLanguage":"en-GB","potentialAction":[{"@type":"ReadAction","target":["https:\/\/407artfoundation.org\/wojciech-ciesniewski-exhibition\/"]}]},{"@type":"ImageObject","inLanguage":"en-GB","@id":"https:\/\/407artfoundation.org\/wojciech-ciesniewski-exhibition\/#primaryimage","url":"https:\/\/407artfoundation.org\/wp-content\/uploads\/2025\/01\/small-Oblicza-Duszy-PL.png","contentUrl":"https:\/\/407artfoundation.org\/wp-content\/uploads\/2025\/01\/small-Oblicza-Duszy-PL.png","width":1289,"height":1845,"caption":"Faces of the Soul"},{"@type":"BreadcrumbList","@id":"https:\/\/407artfoundation.org\/wojciech-ciesniewski-exhibition\/#breadcrumb","itemListElement":[{"@type":"ListItem","position":1,"name":"Home","item":"https:\/\/407artfoundation.org\/"},{"@type":"ListItem","position":2,"name":"Wojciech Cie\u015bniewski Exhibition"}]},{"@type":"WebSite","@id":"https:\/\/407artfoundation.org\/#website","url":"https:\/\/407artfoundation.org\/","name":"407artfoundation.org","description":"Promujemy polsk\u0105 sztuk\u0119 i kultur\u0119. \u0141\u0105czymy artyst\u00f3w z kolekcjonerami. Pomagamy budowa\u0107 warto\u015bciowe kolekcje sztuki. Organizujemy wyj\u0105tkowe wystawy w ramach cyklu &quot;Sztuka na Z\u0142otej44&quot;. Wspieramy inne organizacje i instytucje dzia\u0142aj\u0105ce na rzecz szerzenia kultury.","potentialAction":[{"@type":"SearchAction","target":{"@type":"EntryPoint","urlTemplate":"https:\/\/407artfoundation.org\/?s={search_term_string}"},"query-input":{"@type":"PropertyValueSpecification","valueRequired":true,"valueName":"search_term_string"}}],"inLanguage":"en-GB"},{"@type":"Person","@id":"https:\/\/407artfoundation.org\/#\/schema\/person\/0bd96a4ddc93509429646206afc91a94","name":"407artfoundation.org","image":{"@type":"ImageObject","inLanguage":"en-GB","@id":"https:\/\/secure.gravatar.com\/avatar\/cc7356495ca39b5c14333ad62ce002fb13a47cbba40296ee58327f68bc960ec5?s=96&d=mm&r=g","url":"https:\/\/secure.gravatar.com\/avatar\/cc7356495ca39b5c14333ad62ce002fb13a47cbba40296ee58327f68bc960ec5?s=96&d=mm&r=g","contentUrl":"https:\/\/secure.gravatar.com\/avatar\/cc7356495ca39b5c14333ad62ce002fb13a47cbba40296ee58327f68bc960ec5?s=96&d=mm&r=g","caption":"407artfoundation.org"},"sameAs":["https:\/\/407artfoundation.org"],"url":"https:\/\/407artfoundation.org\/en_gb\/author\/407artfoundation-org\/"}]}},"_links":{"self":[{"href":"https:\/\/407artfoundation.org\/en_gb\/wp-json\/wp\/v2\/posts\/2244","targetHints":{"allow":["GET"]}}],"collection":[{"href":"https:\/\/407artfoundation.org\/en_gb\/wp-json\/wp\/v2\/posts"}],"about":[{"href":"https:\/\/407artfoundation.org\/en_gb\/wp-json\/wp\/v2\/types\/post"}],"author":[{"embeddable":true,"href":"https:\/\/407artfoundation.org\/en_gb\/wp-json\/wp\/v2\/users\/1"}],"replies":[{"embeddable":true,"href":"https:\/\/407artfoundation.org\/en_gb\/wp-json\/wp\/v2\/comments?post=2244"}],"version-history":[{"count":20,"href":"https:\/\/407artfoundation.org\/en_gb\/wp-json\/wp\/v2\/posts\/2244\/revisions"}],"predecessor-version":[{"id":2983,"href":"https:\/\/407artfoundation.org\/en_gb\/wp-json\/wp\/v2\/posts\/2244\/revisions\/2983"}],"wp:featuredmedia":[{"embeddable":true,"href":"https:\/\/407artfoundation.org\/en_gb\/wp-json\/wp\/v2\/media\/2285"}],"wp:attachment":[{"href":"https:\/\/407artfoundation.org\/en_gb\/wp-json\/wp\/v2\/media?parent=2244"}],"wp:term":[{"taxonomy":"category","embeddable":true,"href":"https:\/\/407artfoundation.org\/en_gb\/wp-json\/wp\/v2\/categories?post=2244"},{"taxonomy":"post_tag","embeddable":true,"href":"https:\/\/407artfoundation.org\/en_gb\/wp-json\/wp\/v2\/tags?post=2244"}],"curies":[{"name":"wp","href":"https:\/\/api.w.org\/{rel}","templated":true}]}}