{"id":1900,"date":"2024-03-25T11:04:52","date_gmt":"2024-03-25T10:04:52","guid":{"rendered":"https:\/\/407artfoundation.org\/?p=1900"},"modified":"2024-03-25T11:35:45","modified_gmt":"2024-03-25T10:35:45","slug":"prada-foundation-visit","status":"publish","type":"post","link":"https:\/\/407artfoundation.org\/en_gb\/prada-foundation-visit\/","title":{"rendered":"Our Visit to The Prada Foundation"},"content":{"rendered":"\t\t<div data-elementor-type=\"wp-post\" data-elementor-id=\"1900\" class=\"elementor elementor-1900\" data-elementor-post-type=\"post\">\n\t\t\t\t\t\t<section class=\"elementor-section elementor-top-section elementor-element elementor-element-1416f284 elementor-section-boxed elementor-section-height-default elementor-section-height-default\" data-id=\"1416f284\" data-element_type=\"section\" data-e-type=\"section\">\n\t\t\t\t\t\t<div class=\"elementor-container elementor-column-gap-default\">\n\t\t\t\t\t<div class=\"elementor-column elementor-col-100 elementor-top-column elementor-element elementor-element-6aa9d31e\" data-id=\"6aa9d31e\" data-element_type=\"column\" data-e-type=\"column\">\n\t\t\t<div class=\"elementor-widget-wrap elementor-element-populated\">\n\t\t\t\t\t\t<div class=\"elementor-element elementor-element-7c5591b6 elementor-widget elementor-widget-text-editor\" data-id=\"7c5591b6\" data-element_type=\"widget\" data-e-type=\"widget\" data-widget_type=\"text-editor.default\">\n\t\t\t\t<div class=\"elementor-widget-container\">\n\t\t\t\t\t\t\t\t\t<p>Milan, March 21, 2024<\/p><p>In the heart of Milan, within a space where art and history intertwine with modernity, we, the founders of the 407 Art Foundation, had the pleasure of uncovering the secrets of art collection by one of the most influential families in Italy and their Prada Foundation. Our mission, focused on supporting young talents, found in this visit an invaluable source of inspiration and knowledge that we wish to share with our community and all those who aspire to discover new horizons in art.<\/p><p>During our stay in Milan, we paid special attention to how the Prada Foundation selects works for its collection. It struck us that alongside well-recognized names, there are also artists less known in Poland, indicating openness and a vision to look beyond the beaten path. This aligns with our philosophy of supporting artists who not only create but have more to convey &#8211; incredible stories, emotions, reflections.<\/p><p>At the Prada Foundation, we discovered that every piece of art chosen for their collection carries a strong and distinct story. It&#8217;s a reminder of the importance of appreciating not just the aesthetic dimension of works but, above all, their depth and the context in which they were created. Such an approach allows for a deeper understanding of art and building a collection that reflects not just taste, but values.<\/p><p>For us at the 407 Art Foundation, meeting with the Prada Foundation&#8217;s collection confirms that the path we have chosen to support young artists is the way of the future. It shows that there&#8217;s a demand for fresh, original voices in art that can evoke extreme emotions and thoughts. Thanks to this visit, we are now even better prepared to identify young talents for collectors worldwide, increasing their chances of being recognized in prestigious collections.<\/p><p>We believe that our visit to the Prada Foundation is not just an enrichment of our perspective but also a step forward in our pursuit of discovering and promoting new, promising artists. We invite young creators seeking support, mentoring, and assistance in reaching collectors to collaborate. Together, we can shape the future of art, discovering and supporting talents that will become its foundation tomorrow.<\/p><p>Join us on this journey. Discover, create, inspire.<\/p>\t\t\t\t\t\t\t\t<\/div>\n\t\t\t\t<\/div>\n\t\t\t\t\t<\/div>\n\t\t<\/div>\n\t\t\t\t\t<\/div>\n\t\t<\/section>\n\t\t\t\t<\/div>\n\t\t","protected":false},"excerpt":{"rendered":"<p>Milan, March 21, 2024 In the heart of Milan, within a space where art and history intertwine with modernity, we, the founders of the 407 Art Foundation, had the pleasure of uncovering the secrets of art collection by one of the most influential families in Italy and their Prada Foundation. Our mission, focused on supporting [&hellip;]<\/p>\n","protected":false},"author":1,"featured_media":1913,"comment_status":"closed","ping_status":"open","sticky":false,"template":"","format":"standard","meta":{"give_campaign_id":0,"footnotes":""},"categories":[35],"tags":[51,52,53,55,57,54,49,56,50],"class_list":["post-1900","post","type-post","status-publish","format-standard","has-post-thumbnail","hentry","category-news","tag-fundacjaprada","tag-kolekcjonowanie","tag-kolekcjonowaniesztuki","tag-mediolan","tag-mentoringartystow","tag-mlodziartysci","tag-sztuka","tag-sztukawspolczesna","tag-wspieranie-artystow"],"yoast_head":"<!-- This site is optimized with the Yoast SEO plugin v27.5 - https:\/\/yoast.com\/product\/yoast-seo-wordpress\/ -->\n<title>Our Visit to The Prada Foundation - 407artfoundation.org<\/title>\n<meta name=\"robots\" content=\"index, follow, max-snippet:-1, max-image-preview:large, max-video-preview:-1\" \/>\n<link rel=\"canonical\" href=\"https:\/\/407artfoundation.org\/en_gb\/prada-foundation-visit\/\" \/>\n<meta property=\"og:locale\" content=\"en_GB\" \/>\n<meta property=\"og:type\" content=\"article\" \/>\n<meta property=\"og:title\" content=\"Our Visit to The Prada Foundation - 407artfoundation.org\" \/>\n<meta property=\"og:description\" content=\"Milan, March 21, 2024 In the heart of Milan, within a space where art and history intertwine with modernity, we, the founders of the 407 Art Foundation, had the pleasure of uncovering the secrets of art collection by one of the most influential families in Italy and their Prada Foundation. Our mission, focused on supporting [&hellip;]\" \/>\n<meta property=\"og:url\" content=\"https:\/\/407artfoundation.org\/en_gb\/prada-foundation-visit\/\" \/>\n<meta property=\"og:site_name\" content=\"407artfoundation.org\" \/>\n<meta property=\"article:published_time\" content=\"2024-03-25T10:04:52+00:00\" \/>\n<meta property=\"article:modified_time\" content=\"2024-03-25T10:35:45+00:00\" \/>\n<meta property=\"og:image\" content=\"https:\/\/407artfoundation.org\/wp-content\/uploads\/2024\/03\/Prada_entrance.jpg\" \/>\n\t<meta property=\"og:image:width\" content=\"1440\" \/>\n\t<meta property=\"og:image:height\" content=\"1920\" \/>\n\t<meta property=\"og:image:type\" content=\"image\/jpeg\" \/>\n<meta name=\"author\" content=\"407artfoundation.org\" \/>\n<meta name=\"twitter:card\" content=\"summary_large_image\" \/>\n<meta name=\"twitter:label1\" content=\"Written by\" \/>\n\t<meta name=\"twitter:data1\" content=\"407artfoundation.org\" \/>\n\t<meta name=\"twitter:label2\" content=\"Estimated reading time\" \/>\n\t<meta name=\"twitter:data2\" content=\"2 minutes\" \/>\n<script type=\"application\/ld+json\" class=\"yoast-schema-graph\">{\"@context\":\"https:\\\/\\\/schema.org\",\"@graph\":[{\"@type\":\"Article\",\"@id\":\"https:\\\/\\\/407artfoundation.org\\\/prada-foundation-visit\\\/#article\",\"isPartOf\":{\"@id\":\"https:\\\/\\\/407artfoundation.org\\\/prada-foundation-visit\\\/\"},\"author\":{\"name\":\"407artfoundation.org\",\"@id\":\"https:\\\/\\\/407artfoundation.org\\\/#\\\/schema\\\/person\\\/0bd96a4ddc93509429646206afc91a94\"},\"headline\":\"Our Visit to The Prada Foundation\",\"datePublished\":\"2024-03-25T10:04:52+00:00\",\"dateModified\":\"2024-03-25T10:35:45+00:00\",\"mainEntityOfPage\":{\"@id\":\"https:\\\/\\\/407artfoundation.org\\\/prada-foundation-visit\\\/\"},\"wordCount\":376,\"image\":{\"@id\":\"https:\\\/\\\/407artfoundation.org\\\/prada-foundation-visit\\\/#primaryimage\"},\"thumbnailUrl\":\"https:\\\/\\\/407artfoundation.org\\\/wp-content\\\/uploads\\\/2024\\\/03\\\/Prada_entrance.jpg\",\"keywords\":[\"FundacjaPrada\",\"kolekcjonowanie\",\"kolekcjonowaniesztuki\",\"Mediolan\",\"mentoringartystow\",\"mlodziartysci\",\"sztuka\",\"sztukawsp\u00f3\u0142czesna\",\"wspieranie artyst\u00f3w\"],\"articleSection\":[\"News\"],\"inLanguage\":\"en-GB\"},{\"@type\":\"WebPage\",\"@id\":\"https:\\\/\\\/407artfoundation.org\\\/prada-foundation-visit\\\/\",\"url\":\"https:\\\/\\\/407artfoundation.org\\\/prada-foundation-visit\\\/\",\"name\":\"Our Visit to The Prada Foundation - 407artfoundation.org\",\"isPartOf\":{\"@id\":\"https:\\\/\\\/407artfoundation.org\\\/#website\"},\"primaryImageOfPage\":{\"@id\":\"https:\\\/\\\/407artfoundation.org\\\/prada-foundation-visit\\\/#primaryimage\"},\"image\":{\"@id\":\"https:\\\/\\\/407artfoundation.org\\\/prada-foundation-visit\\\/#primaryimage\"},\"thumbnailUrl\":\"https:\\\/\\\/407artfoundation.org\\\/wp-content\\\/uploads\\\/2024\\\/03\\\/Prada_entrance.jpg\",\"datePublished\":\"2024-03-25T10:04:52+00:00\",\"dateModified\":\"2024-03-25T10:35:45+00:00\",\"author\":{\"@id\":\"https:\\\/\\\/407artfoundation.org\\\/#\\\/schema\\\/person\\\/0bd96a4ddc93509429646206afc91a94\"},\"breadcrumb\":{\"@id\":\"https:\\\/\\\/407artfoundation.org\\\/prada-foundation-visit\\\/#breadcrumb\"},\"inLanguage\":\"en-GB\",\"potentialAction\":[{\"@type\":\"ReadAction\",\"target\":[\"https:\\\/\\\/407artfoundation.org\\\/prada-foundation-visit\\\/\"]}]},{\"@type\":\"ImageObject\",\"inLanguage\":\"en-GB\",\"@id\":\"https:\\\/\\\/407artfoundation.org\\\/prada-foundation-visit\\\/#primaryimage\",\"url\":\"https:\\\/\\\/407artfoundation.org\\\/wp-content\\\/uploads\\\/2024\\\/03\\\/Prada_entrance.jpg\",\"contentUrl\":\"https:\\\/\\\/407artfoundation.org\\\/wp-content\\\/uploads\\\/2024\\\/03\\\/Prada_entrance.jpg\",\"width\":1440,\"height\":1920},{\"@type\":\"BreadcrumbList\",\"@id\":\"https:\\\/\\\/407artfoundation.org\\\/prada-foundation-visit\\\/#breadcrumb\",\"itemListElement\":[{\"@type\":\"ListItem\",\"position\":1,\"name\":\"Home\",\"item\":\"https:\\\/\\\/407artfoundation.org\\\/\"},{\"@type\":\"ListItem\",\"position\":2,\"name\":\"Our Visit to The Prada Foundation\"}]},{\"@type\":\"WebSite\",\"@id\":\"https:\\\/\\\/407artfoundation.org\\\/#website\",\"url\":\"https:\\\/\\\/407artfoundation.org\\\/\",\"name\":\"407artfoundation.org\",\"description\":\"Promujemy polsk\u0105 sztuk\u0119 i kultur\u0119. \u0141\u0105czymy artyst\u00f3w z kolekcjonerami. Pomagamy budowa\u0107 warto\u015bciowe kolekcje sztuki. Organizujemy wyj\u0105tkowe wystawy w ramach cyklu &quot;Sztuka na Z\u0142otej44&quot;. Wspieramy inne organizacje i instytucje dzia\u0142aj\u0105ce na rzecz szerzenia kultury.\",\"potentialAction\":[{\"@type\":\"SearchAction\",\"target\":{\"@type\":\"EntryPoint\",\"urlTemplate\":\"https:\\\/\\\/407artfoundation.org\\\/?s={search_term_string}\"},\"query-input\":{\"@type\":\"PropertyValueSpecification\",\"valueRequired\":true,\"valueName\":\"search_term_string\"}}],\"inLanguage\":\"en-GB\"},{\"@type\":\"Person\",\"@id\":\"https:\\\/\\\/407artfoundation.org\\\/#\\\/schema\\\/person\\\/0bd96a4ddc93509429646206afc91a94\",\"name\":\"407artfoundation.org\",\"image\":{\"@type\":\"ImageObject\",\"inLanguage\":\"en-GB\",\"@id\":\"https:\\\/\\\/secure.gravatar.com\\\/avatar\\\/cc7356495ca39b5c14333ad62ce002fb13a47cbba40296ee58327f68bc960ec5?s=96&d=mm&r=g\",\"url\":\"https:\\\/\\\/secure.gravatar.com\\\/avatar\\\/cc7356495ca39b5c14333ad62ce002fb13a47cbba40296ee58327f68bc960ec5?s=96&d=mm&r=g\",\"contentUrl\":\"https:\\\/\\\/secure.gravatar.com\\\/avatar\\\/cc7356495ca39b5c14333ad62ce002fb13a47cbba40296ee58327f68bc960ec5?s=96&d=mm&r=g\",\"caption\":\"407artfoundation.org\"},\"sameAs\":[\"https:\\\/\\\/407artfoundation.org\"],\"url\":\"https:\\\/\\\/407artfoundation.org\\\/en_gb\\\/author\\\/407artfoundation-org\\\/\"}]}<\/script>\n<!-- \/ Yoast SEO plugin. -->","yoast_head_json":{"title":"Our Visit to The Prada Foundation - 407artfoundation.org","robots":{"index":"index","follow":"follow","max-snippet":"max-snippet:-1","max-image-preview":"max-image-preview:large","max-video-preview":"max-video-preview:-1"},"canonical":"https:\/\/407artfoundation.org\/en_gb\/prada-foundation-visit\/","og_locale":"en_GB","og_type":"article","og_title":"Our Visit to The Prada Foundation - 407artfoundation.org","og_description":"Milan, March 21, 2024 In the heart of Milan, within a space where art and history intertwine with modernity, we, the founders of the 407 Art Foundation, had the pleasure of uncovering the secrets of art collection by one of the most influential families in Italy and their Prada Foundation. Our mission, focused on supporting [&hellip;]","og_url":"https:\/\/407artfoundation.org\/en_gb\/prada-foundation-visit\/","og_site_name":"407artfoundation.org","article_published_time":"2024-03-25T10:04:52+00:00","article_modified_time":"2024-03-25T10:35:45+00:00","og_image":[{"width":1440,"height":1920,"url":"https:\/\/407artfoundation.org\/wp-content\/uploads\/2024\/03\/Prada_entrance.jpg","type":"image\/jpeg"}],"author":"407artfoundation.org","twitter_card":"summary_large_image","twitter_misc":{"Written by":"407artfoundation.org","Estimated reading time":"2 minutes"},"schema":{"@context":"https:\/\/schema.org","@graph":[{"@type":"Article","@id":"https:\/\/407artfoundation.org\/prada-foundation-visit\/#article","isPartOf":{"@id":"https:\/\/407artfoundation.org\/prada-foundation-visit\/"},"author":{"name":"407artfoundation.org","@id":"https:\/\/407artfoundation.org\/#\/schema\/person\/0bd96a4ddc93509429646206afc91a94"},"headline":"Our Visit to The Prada Foundation","datePublished":"2024-03-25T10:04:52+00:00","dateModified":"2024-03-25T10:35:45+00:00","mainEntityOfPage":{"@id":"https:\/\/407artfoundation.org\/prada-foundation-visit\/"},"wordCount":376,"image":{"@id":"https:\/\/407artfoundation.org\/prada-foundation-visit\/#primaryimage"},"thumbnailUrl":"https:\/\/407artfoundation.org\/wp-content\/uploads\/2024\/03\/Prada_entrance.jpg","keywords":["FundacjaPrada","kolekcjonowanie","kolekcjonowaniesztuki","Mediolan","mentoringartystow","mlodziartysci","sztuka","sztukawsp\u00f3\u0142czesna","wspieranie artyst\u00f3w"],"articleSection":["News"],"inLanguage":"en-GB"},{"@type":"WebPage","@id":"https:\/\/407artfoundation.org\/prada-foundation-visit\/","url":"https:\/\/407artfoundation.org\/prada-foundation-visit\/","name":"Our Visit to The Prada Foundation - 407artfoundation.org","isPartOf":{"@id":"https:\/\/407artfoundation.org\/#website"},"primaryImageOfPage":{"@id":"https:\/\/407artfoundation.org\/prada-foundation-visit\/#primaryimage"},"image":{"@id":"https:\/\/407artfoundation.org\/prada-foundation-visit\/#primaryimage"},"thumbnailUrl":"https:\/\/407artfoundation.org\/wp-content\/uploads\/2024\/03\/Prada_entrance.jpg","datePublished":"2024-03-25T10:04:52+00:00","dateModified":"2024-03-25T10:35:45+00:00","author":{"@id":"https:\/\/407artfoundation.org\/#\/schema\/person\/0bd96a4ddc93509429646206afc91a94"},"breadcrumb":{"@id":"https:\/\/407artfoundation.org\/prada-foundation-visit\/#breadcrumb"},"inLanguage":"en-GB","potentialAction":[{"@type":"ReadAction","target":["https:\/\/407artfoundation.org\/prada-foundation-visit\/"]}]},{"@type":"ImageObject","inLanguage":"en-GB","@id":"https:\/\/407artfoundation.org\/prada-foundation-visit\/#primaryimage","url":"https:\/\/407artfoundation.org\/wp-content\/uploads\/2024\/03\/Prada_entrance.jpg","contentUrl":"https:\/\/407artfoundation.org\/wp-content\/uploads\/2024\/03\/Prada_entrance.jpg","width":1440,"height":1920},{"@type":"BreadcrumbList","@id":"https:\/\/407artfoundation.org\/prada-foundation-visit\/#breadcrumb","itemListElement":[{"@type":"ListItem","position":1,"name":"Home","item":"https:\/\/407artfoundation.org\/"},{"@type":"ListItem","position":2,"name":"Our Visit to The Prada Foundation"}]},{"@type":"WebSite","@id":"https:\/\/407artfoundation.org\/#website","url":"https:\/\/407artfoundation.org\/","name":"407artfoundation.org","description":"Promujemy polsk\u0105 sztuk\u0119 i kultur\u0119. \u0141\u0105czymy artyst\u00f3w z kolekcjonerami. Pomagamy budowa\u0107 warto\u015bciowe kolekcje sztuki. Organizujemy wyj\u0105tkowe wystawy w ramach cyklu &quot;Sztuka na Z\u0142otej44&quot;. Wspieramy inne organizacje i instytucje dzia\u0142aj\u0105ce na rzecz szerzenia kultury.","potentialAction":[{"@type":"SearchAction","target":{"@type":"EntryPoint","urlTemplate":"https:\/\/407artfoundation.org\/?s={search_term_string}"},"query-input":{"@type":"PropertyValueSpecification","valueRequired":true,"valueName":"search_term_string"}}],"inLanguage":"en-GB"},{"@type":"Person","@id":"https:\/\/407artfoundation.org\/#\/schema\/person\/0bd96a4ddc93509429646206afc91a94","name":"407artfoundation.org","image":{"@type":"ImageObject","inLanguage":"en-GB","@id":"https:\/\/secure.gravatar.com\/avatar\/cc7356495ca39b5c14333ad62ce002fb13a47cbba40296ee58327f68bc960ec5?s=96&d=mm&r=g","url":"https:\/\/secure.gravatar.com\/avatar\/cc7356495ca39b5c14333ad62ce002fb13a47cbba40296ee58327f68bc960ec5?s=96&d=mm&r=g","contentUrl":"https:\/\/secure.gravatar.com\/avatar\/cc7356495ca39b5c14333ad62ce002fb13a47cbba40296ee58327f68bc960ec5?s=96&d=mm&r=g","caption":"407artfoundation.org"},"sameAs":["https:\/\/407artfoundation.org"],"url":"https:\/\/407artfoundation.org\/en_gb\/author\/407artfoundation-org\/"}]}},"_links":{"self":[{"href":"https:\/\/407artfoundation.org\/en_gb\/wp-json\/wp\/v2\/posts\/1900","targetHints":{"allow":["GET"]}}],"collection":[{"href":"https:\/\/407artfoundation.org\/en_gb\/wp-json\/wp\/v2\/posts"}],"about":[{"href":"https:\/\/407artfoundation.org\/en_gb\/wp-json\/wp\/v2\/types\/post"}],"author":[{"embeddable":true,"href":"https:\/\/407artfoundation.org\/en_gb\/wp-json\/wp\/v2\/users\/1"}],"replies":[{"embeddable":true,"href":"https:\/\/407artfoundation.org\/en_gb\/wp-json\/wp\/v2\/comments?post=1900"}],"version-history":[{"count":6,"href":"https:\/\/407artfoundation.org\/en_gb\/wp-json\/wp\/v2\/posts\/1900\/revisions"}],"predecessor-version":[{"id":1914,"href":"https:\/\/407artfoundation.org\/en_gb\/wp-json\/wp\/v2\/posts\/1900\/revisions\/1914"}],"wp:featuredmedia":[{"embeddable":true,"href":"https:\/\/407artfoundation.org\/en_gb\/wp-json\/wp\/v2\/media\/1913"}],"wp:attachment":[{"href":"https:\/\/407artfoundation.org\/en_gb\/wp-json\/wp\/v2\/media?parent=1900"}],"wp:term":[{"taxonomy":"category","embeddable":true,"href":"https:\/\/407artfoundation.org\/en_gb\/wp-json\/wp\/v2\/categories?post=1900"},{"taxonomy":"post_tag","embeddable":true,"href":"https:\/\/407artfoundation.org\/en_gb\/wp-json\/wp\/v2\/tags?post=1900"}],"curies":[{"name":"wp","href":"https:\/\/api.w.org\/{rel}","templated":true}]}}