{"id":1701,"date":"2024-02-12T16:17:22","date_gmt":"2024-02-12T15:17:22","guid":{"rendered":"https:\/\/407artfoundation.org\/?p=1701"},"modified":"2025-08-05T18:12:13","modified_gmt":"2025-08-05T16:12:13","slug":"katarzyna_chmiel","status":"publish","type":"post","link":"https:\/\/407artfoundation.org\/en_gb\/katarzyna_chmiel\/","title":{"rendered":"We do the very first solo exhibition of Katarzyna Chmiel"},"content":{"rendered":"\t\t<div data-elementor-type=\"wp-post\" data-elementor-id=\"1701\" class=\"elementor elementor-1701\" data-elementor-post-type=\"post\">\n\t\t\t\t\t\t<section class=\"elementor-section elementor-top-section elementor-element elementor-element-1416f284 elementor-section-boxed elementor-section-height-default elementor-section-height-default\" data-id=\"1416f284\" data-element_type=\"section\" data-e-type=\"section\">\n\t\t\t\t\t\t<div class=\"elementor-container elementor-column-gap-default\">\n\t\t\t\t\t<div class=\"elementor-column elementor-col-100 elementor-top-column elementor-element elementor-element-6aa9d31e\" data-id=\"6aa9d31e\" data-element_type=\"column\" data-e-type=\"column\">\n\t\t\t<div class=\"elementor-widget-wrap elementor-element-populated\">\n\t\t\t\t\t\t<div class=\"elementor-element elementor-element-7c5591b6 elementor-widget elementor-widget-text-editor\" data-id=\"7c5591b6\" data-element_type=\"widget\" data-e-type=\"widget\" data-widget_type=\"text-editor.default\">\n\t\t\t\t<div class=\"elementor-widget-container\">\n\t\t\t\t\t\t\t\t\t<h3 data-start=\"310\" data-end=\"358\">An Intimate Celebration of Women at Z\u0142ota 44<\/h3><p data-start=\"360\" data-end=\"595\">We invite you to the <strong data-start=\"381\" data-end=\"424\">extraordinary exhibition &#8220;Golden Women&#8221;<\/strong>, held at the prestigious Z\u0142ota 44. Organized by the 407 Art Foundation, the event celebrates International Women\u2019s Day with a tribute to strength, success, and character.<\/p><p data-start=\"597\" data-end=\"819\">The featured works are <strong data-start=\"620\" data-end=\"656\">portraits of ten inspiring women<\/strong>, all residents of this iconic building. Artist Katarzyna Chmiel captures their essence through intimate and symbolic paintings that go beyond physical beauty.<\/p><h3 data-start=\"826\" data-end=\"864\">Katarzyna Chmiel\u2019s Unique Approach<\/h3><p data-start=\"866\" data-end=\"914\">Curator\u2019s words perfectly summarize the project:<\/p><blockquote data-start=\"916\" data-end=\"1221\"><p data-start=\"918\" data-end=\"1221\">\u201cThe &#8216;Golden Women&#8217; project presents the Z\u0142ota 44 community in a subtle yet fascinating way. Art reaches the portrayed women intimately and directly. To mark International Women\u2019s Day, I invited Katarzyna Chmiel, whose true passion lies in portraying courageous, unique, and almost legendary women.\u201d<\/p><\/blockquote><h3 data-start=\"1228\" data-end=\"1264\">Art Without Names: A Bold Method<\/h3><p data-start=\"1266\" data-end=\"1519\">What makes this project exceptional is the <strong data-start=\"1309\" data-end=\"1328\">creative method<\/strong> behind it. Katarzyna Chmiel painted the portraits without knowing the women personally. She never saw their photos or knew their names. Instead, she worked from character descriptions alone.<\/p><p data-start=\"1521\" data-end=\"1738\">On the other hand, the models had no idea how they would be portrayed. They didn\u2019t know which colors or forms would reflect their personality. This dual anonymity added authenticity and spontaneity to the final works.<\/p><h3 data-start=\"1745\" data-end=\"1787\">A Tribute to the Soul, Not the Surface<\/h3><p data-start=\"1789\" data-end=\"1926\"><a href=\"https:\/\/407artfoundation.org\/pl\/art-at-zlota-44-golden-women\/\">The &#8220;Golden Women&#8221; series<\/a> goes far beyond visual representation. It <strong data-start=\"1857\" data-end=\"1886\">celebrates inner richness<\/strong>, individuality, and personal strength.<\/p><p data-start=\"1928\" data-end=\"2174\">Each portrait highlights unique personality traits through color and texture. <a href=\"https:\/\/www.instagram.com\/katehope.art\/?hl=en\">Katarzyna Chmiel<\/a> uses shades and tones to bring emotional depth to each piece. As a result, viewers are encouraged to reflect on what truly makes someone extraordinary.<\/p><h3 data-start=\"2181\" data-end=\"2220\">Don\u2019t Miss This Powerful Experience<\/h3><p data-start=\"2222\" data-end=\"2466\">This exhibition is not just about art. It\u2019s a celebration of women, identity, and emotional connection. Don\u2019t miss this unique opportunity to explore the power and beauty of the &#8220;Golden Women&#8221; through the visionary lens of <a href=\"https:\/\/onebid.pl\/pl\/artist\/aukcja\/Katarzyna-Chmiel\"><strong data-start=\"2445\" data-end=\"2465\">Katarzyna Chmiel<\/strong><\/a>.<\/p>\t\t\t\t\t\t\t\t<\/div>\n\t\t\t\t<\/div>\n\t\t\t\t\t<\/div>\n\t\t<\/div>\n\t\t\t\t\t<\/div>\n\t\t<\/section>\n\t\t\t\t<\/div>\n\t\t","protected":false},"excerpt":{"rendered":"<p>We invite you to an extraordinary exhibition &#8220;Golden Women&#8221;, which will take place in the prestigious space of Z\u0142ota 44, to celebrate International Women&#8217;s Day. Organized by the 407 Art Foundation, the exhibition presents portraits of 10 inspiring women who are not only residents of this iconic building but also symbolize strength, success, and determination. [&hellip;]<\/p>\n","protected":false},"author":1,"featured_media":1871,"comment_status":"closed","ping_status":"open","sticky":false,"template":"","format":"standard","meta":{"give_campaign_id":0,"footnotes":""},"categories":[35],"tags":[206,42],"class_list":["post-1701","post","type-post","status-publish","format-standard","has-post-thumbnail","hentry","category-news","tag-katarzynachmiel","tag-wystawa-wernisaz-wystawasolowa-promocjasztuki-mlodasztuka-sztuka-mlodyartysta-zlota44-zlotekobiety-sztukanazlotej44"],"yoast_head":"<!-- This site is optimized with the Yoast SEO plugin v27.5 - https:\/\/yoast.com\/product\/yoast-seo-wordpress\/ -->\n<title>We do the very first solo exhibition of Katarzyna Chmiel - 407artfoundation.org<\/title>\n<meta name=\"description\" content=\"Fundacja 407 Art Foundation zorganizowa\u0142a pierwsz\u0105 solow\u0105 wystaw\u0119 Katarzyny Chmiel. Projekt artystyczny &quot;Z\u0142ote Kobiety&quot; mia\u0142 premier\u0119 w 2024.\" \/>\n<meta name=\"robots\" content=\"index, follow, max-snippet:-1, max-image-preview:large, max-video-preview:-1\" \/>\n<link rel=\"canonical\" href=\"https:\/\/407artfoundation.org\/en_gb\/katarzyna_chmiel\/\" \/>\n<meta property=\"og:locale\" content=\"en_GB\" \/>\n<meta property=\"og:type\" content=\"article\" \/>\n<meta property=\"og:title\" content=\"We do the very first solo exhibition of Katarzyna Chmiel - 407artfoundation.org\" \/>\n<meta property=\"og:description\" content=\"Fundacja 407 Art Foundation zorganizowa\u0142a pierwsz\u0105 solow\u0105 wystaw\u0119 Katarzyny Chmiel. Projekt artystyczny &quot;Z\u0142ote Kobiety&quot; mia\u0142 premier\u0119 w 2024.\" \/>\n<meta property=\"og:url\" content=\"https:\/\/407artfoundation.org\/en_gb\/katarzyna_chmiel\/\" \/>\n<meta property=\"og:site_name\" content=\"407artfoundation.org\" \/>\n<meta property=\"article:published_time\" content=\"2024-02-12T15:17:22+00:00\" \/>\n<meta property=\"article:modified_time\" content=\"2025-08-05T16:12:13+00:00\" \/>\n<meta property=\"og:image\" content=\"http:\/\/407artfoundation.org\/wp-content\/uploads\/2023\/12\/407-Art-Foundation-Brochure1.jpg\" \/>\n\t<meta property=\"og:image:width\" content=\"2481\" \/>\n\t<meta property=\"og:image:height\" content=\"2481\" \/>\n\t<meta property=\"og:image:type\" content=\"image\/jpeg\" \/>\n<meta name=\"author\" content=\"407artfoundation.org\" \/>\n<meta name=\"twitter:card\" content=\"summary_large_image\" \/>\n<meta name=\"twitter:label1\" content=\"Written by\" \/>\n\t<meta name=\"twitter:data1\" content=\"407artfoundation.org\" \/>\n\t<meta name=\"twitter:label2\" content=\"Estimated reading time\" \/>\n\t<meta name=\"twitter:data2\" content=\"2 minutes\" \/>\n<script type=\"application\/ld+json\" class=\"yoast-schema-graph\">{\"@context\":\"https:\\\/\\\/schema.org\",\"@graph\":[{\"@type\":\"Article\",\"@id\":\"https:\\\/\\\/407artfoundation.org\\\/katarzyna_chmiel\\\/#article\",\"isPartOf\":{\"@id\":\"https:\\\/\\\/407artfoundation.org\\\/katarzyna_chmiel\\\/\"},\"author\":{\"name\":\"407artfoundation.org\",\"@id\":\"https:\\\/\\\/407artfoundation.org\\\/#\\\/schema\\\/person\\\/0bd96a4ddc93509429646206afc91a94\"},\"headline\":\"We do the very first solo exhibition of Katarzyna Chmiel\",\"datePublished\":\"2024-02-12T15:17:22+00:00\",\"dateModified\":\"2025-08-05T16:12:13+00:00\",\"mainEntityOfPage\":{\"@id\":\"https:\\\/\\\/407artfoundation.org\\\/katarzyna_chmiel\\\/\"},\"wordCount\":315,\"image\":{\"@id\":\"https:\\\/\\\/407artfoundation.org\\\/katarzyna_chmiel\\\/#primaryimage\"},\"thumbnailUrl\":\"https:\\\/\\\/407artfoundation.org\\\/wp-content\\\/uploads\\\/2023\\\/12\\\/407-Art-Foundation-Brochure1.jpg\",\"keywords\":[\"#katarzynachmiel\",\"#wystawa #wernisaz #wystawasolowa #promocjasztuki #mlodasztuka #sztuka #mlodyartysta #zlota44 #zlotekobiety #sztukanazlotej44\"],\"articleSection\":[\"News\"],\"inLanguage\":\"en-GB\"},{\"@type\":\"WebPage\",\"@id\":\"https:\\\/\\\/407artfoundation.org\\\/katarzyna_chmiel\\\/\",\"url\":\"https:\\\/\\\/407artfoundation.org\\\/katarzyna_chmiel\\\/\",\"name\":\"We do the very first solo exhibition of Katarzyna Chmiel - 407artfoundation.org\",\"isPartOf\":{\"@id\":\"https:\\\/\\\/407artfoundation.org\\\/#website\"},\"primaryImageOfPage\":{\"@id\":\"https:\\\/\\\/407artfoundation.org\\\/katarzyna_chmiel\\\/#primaryimage\"},\"image\":{\"@id\":\"https:\\\/\\\/407artfoundation.org\\\/katarzyna_chmiel\\\/#primaryimage\"},\"thumbnailUrl\":\"https:\\\/\\\/407artfoundation.org\\\/wp-content\\\/uploads\\\/2023\\\/12\\\/407-Art-Foundation-Brochure1.jpg\",\"datePublished\":\"2024-02-12T15:17:22+00:00\",\"dateModified\":\"2025-08-05T16:12:13+00:00\",\"author\":{\"@id\":\"https:\\\/\\\/407artfoundation.org\\\/#\\\/schema\\\/person\\\/0bd96a4ddc93509429646206afc91a94\"},\"description\":\"Fundacja 407 Art Foundation zorganizowa\u0142a pierwsz\u0105 solow\u0105 wystaw\u0119 Katarzyny Chmiel. Projekt artystyczny \\\"Z\u0142ote Kobiety\\\" mia\u0142 premier\u0119 w 2024.\",\"breadcrumb\":{\"@id\":\"https:\\\/\\\/407artfoundation.org\\\/katarzyna_chmiel\\\/#breadcrumb\"},\"inLanguage\":\"en-GB\",\"potentialAction\":[{\"@type\":\"ReadAction\",\"target\":[\"https:\\\/\\\/407artfoundation.org\\\/katarzyna_chmiel\\\/\"]}]},{\"@type\":\"ImageObject\",\"inLanguage\":\"en-GB\",\"@id\":\"https:\\\/\\\/407artfoundation.org\\\/katarzyna_chmiel\\\/#primaryimage\",\"url\":\"https:\\\/\\\/407artfoundation.org\\\/wp-content\\\/uploads\\\/2023\\\/12\\\/407-Art-Foundation-Brochure1.jpg\",\"contentUrl\":\"https:\\\/\\\/407artfoundation.org\\\/wp-content\\\/uploads\\\/2023\\\/12\\\/407-Art-Foundation-Brochure1.jpg\",\"width\":2481,\"height\":2481,\"caption\":\"Katarzyna Chmiel i \\\"Z\u0142ote Kobiety\\\"\"},{\"@type\":\"BreadcrumbList\",\"@id\":\"https:\\\/\\\/407artfoundation.org\\\/katarzyna_chmiel\\\/#breadcrumb\",\"itemListElement\":[{\"@type\":\"ListItem\",\"position\":1,\"name\":\"Home\",\"item\":\"https:\\\/\\\/407artfoundation.org\\\/\"},{\"@type\":\"ListItem\",\"position\":2,\"name\":\"We do the very first solo exhibition of Katarzyna Chmiel\"}]},{\"@type\":\"WebSite\",\"@id\":\"https:\\\/\\\/407artfoundation.org\\\/#website\",\"url\":\"https:\\\/\\\/407artfoundation.org\\\/\",\"name\":\"407artfoundation.org\",\"description\":\"Promujemy polsk\u0105 sztuk\u0119 i kultur\u0119. \u0141\u0105czymy artyst\u00f3w z kolekcjonerami. Pomagamy budowa\u0107 warto\u015bciowe kolekcje sztuki. Organizujemy wyj\u0105tkowe wystawy w ramach cyklu &quot;Sztuka na Z\u0142otej44&quot;. Wspieramy inne organizacje i instytucje dzia\u0142aj\u0105ce na rzecz szerzenia kultury.\",\"potentialAction\":[{\"@type\":\"SearchAction\",\"target\":{\"@type\":\"EntryPoint\",\"urlTemplate\":\"https:\\\/\\\/407artfoundation.org\\\/?s={search_term_string}\"},\"query-input\":{\"@type\":\"PropertyValueSpecification\",\"valueRequired\":true,\"valueName\":\"search_term_string\"}}],\"inLanguage\":\"en-GB\"},{\"@type\":\"Person\",\"@id\":\"https:\\\/\\\/407artfoundation.org\\\/#\\\/schema\\\/person\\\/0bd96a4ddc93509429646206afc91a94\",\"name\":\"407artfoundation.org\",\"image\":{\"@type\":\"ImageObject\",\"inLanguage\":\"en-GB\",\"@id\":\"https:\\\/\\\/secure.gravatar.com\\\/avatar\\\/cc7356495ca39b5c14333ad62ce002fb13a47cbba40296ee58327f68bc960ec5?s=96&d=mm&r=g\",\"url\":\"https:\\\/\\\/secure.gravatar.com\\\/avatar\\\/cc7356495ca39b5c14333ad62ce002fb13a47cbba40296ee58327f68bc960ec5?s=96&d=mm&r=g\",\"contentUrl\":\"https:\\\/\\\/secure.gravatar.com\\\/avatar\\\/cc7356495ca39b5c14333ad62ce002fb13a47cbba40296ee58327f68bc960ec5?s=96&d=mm&r=g\",\"caption\":\"407artfoundation.org\"},\"sameAs\":[\"https:\\\/\\\/407artfoundation.org\"],\"url\":\"https:\\\/\\\/407artfoundation.org\\\/en_gb\\\/author\\\/407artfoundation-org\\\/\"}]}<\/script>\n<!-- \/ Yoast SEO plugin. -->","yoast_head_json":{"title":"We do the very first solo exhibition of Katarzyna Chmiel - 407artfoundation.org","description":"Fundacja 407 Art Foundation zorganizowa\u0142a pierwsz\u0105 solow\u0105 wystaw\u0119 Katarzyny Chmiel. Projekt artystyczny \"Z\u0142ote Kobiety\" mia\u0142 premier\u0119 w 2024.","robots":{"index":"index","follow":"follow","max-snippet":"max-snippet:-1","max-image-preview":"max-image-preview:large","max-video-preview":"max-video-preview:-1"},"canonical":"https:\/\/407artfoundation.org\/en_gb\/katarzyna_chmiel\/","og_locale":"en_GB","og_type":"article","og_title":"We do the very first solo exhibition of Katarzyna Chmiel - 407artfoundation.org","og_description":"Fundacja 407 Art Foundation zorganizowa\u0142a pierwsz\u0105 solow\u0105 wystaw\u0119 Katarzyny Chmiel. Projekt artystyczny \"Z\u0142ote Kobiety\" mia\u0142 premier\u0119 w 2024.","og_url":"https:\/\/407artfoundation.org\/en_gb\/katarzyna_chmiel\/","og_site_name":"407artfoundation.org","article_published_time":"2024-02-12T15:17:22+00:00","article_modified_time":"2025-08-05T16:12:13+00:00","og_image":[{"width":2481,"height":2481,"url":"http:\/\/407artfoundation.org\/wp-content\/uploads\/2023\/12\/407-Art-Foundation-Brochure1.jpg","type":"image\/jpeg"}],"author":"407artfoundation.org","twitter_card":"summary_large_image","twitter_misc":{"Written by":"407artfoundation.org","Estimated reading time":"2 minutes"},"schema":{"@context":"https:\/\/schema.org","@graph":[{"@type":"Article","@id":"https:\/\/407artfoundation.org\/katarzyna_chmiel\/#article","isPartOf":{"@id":"https:\/\/407artfoundation.org\/katarzyna_chmiel\/"},"author":{"name":"407artfoundation.org","@id":"https:\/\/407artfoundation.org\/#\/schema\/person\/0bd96a4ddc93509429646206afc91a94"},"headline":"We do the very first solo exhibition of Katarzyna Chmiel","datePublished":"2024-02-12T15:17:22+00:00","dateModified":"2025-08-05T16:12:13+00:00","mainEntityOfPage":{"@id":"https:\/\/407artfoundation.org\/katarzyna_chmiel\/"},"wordCount":315,"image":{"@id":"https:\/\/407artfoundation.org\/katarzyna_chmiel\/#primaryimage"},"thumbnailUrl":"https:\/\/407artfoundation.org\/wp-content\/uploads\/2023\/12\/407-Art-Foundation-Brochure1.jpg","keywords":["#katarzynachmiel","#wystawa #wernisaz #wystawasolowa #promocjasztuki #mlodasztuka #sztuka #mlodyartysta #zlota44 #zlotekobiety #sztukanazlotej44"],"articleSection":["News"],"inLanguage":"en-GB"},{"@type":"WebPage","@id":"https:\/\/407artfoundation.org\/katarzyna_chmiel\/","url":"https:\/\/407artfoundation.org\/katarzyna_chmiel\/","name":"We do the very first solo exhibition of Katarzyna Chmiel - 407artfoundation.org","isPartOf":{"@id":"https:\/\/407artfoundation.org\/#website"},"primaryImageOfPage":{"@id":"https:\/\/407artfoundation.org\/katarzyna_chmiel\/#primaryimage"},"image":{"@id":"https:\/\/407artfoundation.org\/katarzyna_chmiel\/#primaryimage"},"thumbnailUrl":"https:\/\/407artfoundation.org\/wp-content\/uploads\/2023\/12\/407-Art-Foundation-Brochure1.jpg","datePublished":"2024-02-12T15:17:22+00:00","dateModified":"2025-08-05T16:12:13+00:00","author":{"@id":"https:\/\/407artfoundation.org\/#\/schema\/person\/0bd96a4ddc93509429646206afc91a94"},"description":"Fundacja 407 Art Foundation zorganizowa\u0142a pierwsz\u0105 solow\u0105 wystaw\u0119 Katarzyny Chmiel. Projekt artystyczny \"Z\u0142ote Kobiety\" mia\u0142 premier\u0119 w 2024.","breadcrumb":{"@id":"https:\/\/407artfoundation.org\/katarzyna_chmiel\/#breadcrumb"},"inLanguage":"en-GB","potentialAction":[{"@type":"ReadAction","target":["https:\/\/407artfoundation.org\/katarzyna_chmiel\/"]}]},{"@type":"ImageObject","inLanguage":"en-GB","@id":"https:\/\/407artfoundation.org\/katarzyna_chmiel\/#primaryimage","url":"https:\/\/407artfoundation.org\/wp-content\/uploads\/2023\/12\/407-Art-Foundation-Brochure1.jpg","contentUrl":"https:\/\/407artfoundation.org\/wp-content\/uploads\/2023\/12\/407-Art-Foundation-Brochure1.jpg","width":2481,"height":2481,"caption":"Katarzyna Chmiel i \"Z\u0142ote Kobiety\""},{"@type":"BreadcrumbList","@id":"https:\/\/407artfoundation.org\/katarzyna_chmiel\/#breadcrumb","itemListElement":[{"@type":"ListItem","position":1,"name":"Home","item":"https:\/\/407artfoundation.org\/"},{"@type":"ListItem","position":2,"name":"We do the very first solo exhibition of Katarzyna Chmiel"}]},{"@type":"WebSite","@id":"https:\/\/407artfoundation.org\/#website","url":"https:\/\/407artfoundation.org\/","name":"407artfoundation.org","description":"Promujemy polsk\u0105 sztuk\u0119 i kultur\u0119. \u0141\u0105czymy artyst\u00f3w z kolekcjonerami. Pomagamy budowa\u0107 warto\u015bciowe kolekcje sztuki. Organizujemy wyj\u0105tkowe wystawy w ramach cyklu &quot;Sztuka na Z\u0142otej44&quot;. Wspieramy inne organizacje i instytucje dzia\u0142aj\u0105ce na rzecz szerzenia kultury.","potentialAction":[{"@type":"SearchAction","target":{"@type":"EntryPoint","urlTemplate":"https:\/\/407artfoundation.org\/?s={search_term_string}"},"query-input":{"@type":"PropertyValueSpecification","valueRequired":true,"valueName":"search_term_string"}}],"inLanguage":"en-GB"},{"@type":"Person","@id":"https:\/\/407artfoundation.org\/#\/schema\/person\/0bd96a4ddc93509429646206afc91a94","name":"407artfoundation.org","image":{"@type":"ImageObject","inLanguage":"en-GB","@id":"https:\/\/secure.gravatar.com\/avatar\/cc7356495ca39b5c14333ad62ce002fb13a47cbba40296ee58327f68bc960ec5?s=96&d=mm&r=g","url":"https:\/\/secure.gravatar.com\/avatar\/cc7356495ca39b5c14333ad62ce002fb13a47cbba40296ee58327f68bc960ec5?s=96&d=mm&r=g","contentUrl":"https:\/\/secure.gravatar.com\/avatar\/cc7356495ca39b5c14333ad62ce002fb13a47cbba40296ee58327f68bc960ec5?s=96&d=mm&r=g","caption":"407artfoundation.org"},"sameAs":["https:\/\/407artfoundation.org"],"url":"https:\/\/407artfoundation.org\/en_gb\/author\/407artfoundation-org\/"}]}},"_links":{"self":[{"href":"https:\/\/407artfoundation.org\/en_gb\/wp-json\/wp\/v2\/posts\/1701","targetHints":{"allow":["GET"]}}],"collection":[{"href":"https:\/\/407artfoundation.org\/en_gb\/wp-json\/wp\/v2\/posts"}],"about":[{"href":"https:\/\/407artfoundation.org\/en_gb\/wp-json\/wp\/v2\/types\/post"}],"author":[{"embeddable":true,"href":"https:\/\/407artfoundation.org\/en_gb\/wp-json\/wp\/v2\/users\/1"}],"replies":[{"embeddable":true,"href":"https:\/\/407artfoundation.org\/en_gb\/wp-json\/wp\/v2\/comments?post=1701"}],"version-history":[{"count":17,"href":"https:\/\/407artfoundation.org\/en_gb\/wp-json\/wp\/v2\/posts\/1701\/revisions"}],"predecessor-version":[{"id":3198,"href":"https:\/\/407artfoundation.org\/en_gb\/wp-json\/wp\/v2\/posts\/1701\/revisions\/3198"}],"wp:featuredmedia":[{"embeddable":true,"href":"https:\/\/407artfoundation.org\/en_gb\/wp-json\/wp\/v2\/media\/1871"}],"wp:attachment":[{"href":"https:\/\/407artfoundation.org\/en_gb\/wp-json\/wp\/v2\/media?parent=1701"}],"wp:term":[{"taxonomy":"category","embeddable":true,"href":"https:\/\/407artfoundation.org\/en_gb\/wp-json\/wp\/v2\/categories?post=1701"},{"taxonomy":"post_tag","embeddable":true,"href":"https:\/\/407artfoundation.org\/en_gb\/wp-json\/wp\/v2\/tags?post=1701"}],"curies":[{"name":"wp","href":"https:\/\/api.w.org\/{rel}","templated":true}]}}